{"id":136185,"date":"2025-11-28T16:47:40","date_gmt":"2025-11-28T15:47:40","guid":{"rendered":"https:\/\/www.retaildetail.be\/?p=136185"},"modified":"2025-11-28T17:28:23","modified_gmt":"2025-11-28T16:28:23","slug":"recordaantal-winkelopeningen-voor-sostrene-grene","status":"publish","type":"post","link":"https:\/\/www.retaildetail.be\/nl\/news\/wonen\/recordaantal-winkelopeningen-voor-sostrene-grene\/","title":{"rendered":"Recordaantal winkelopeningen voor S\u00f8strene Grene"},"content":{"rendered":"\n<p>Precies op Black Friday opende <strong>S\u00f8strene Grene<\/strong> vandaag liefst zes nieuwe winkels op \u00e9\u00e9n dag. Dat is een dagrecord voor de retailer, die bovendien terugblikt op een recordmaand \u00e9n een recordjaar.<\/p>\n\n\n\n<h2 class=\"wp-block-heading\">\u201cMijlpaal bereikt\u201d<\/h2>\n\n\n\n<p>Vrijdag opende S\u00f8strene Grene winkels in zes steden in vier landen: naast Hasselt zijn dat Levallois-Perret en Parijs in Frankrijk, Linz in Oostenrijk en Inverness en Stockport in het Verenigd Koninkrijk. Nooit eerder opende de retailer zoveel winkels op \u00e9\u00e9n dag. November is een recordmaand gebleken, met zestien nieuwe winkels in \u00e9\u00e9n maand tijd. Ook met 67 nieuwe winkels op \u00e9\u00e9n jaar tijd breekt het bedrijf een record.<\/p>\n\n\n\n<p>&#8220;We zijn verheugd en trots dat we onze ambitieuze doelstelling van 67 nieuwe winkelopeningen in 2025 hebben bereikt. De laatste loodjes worden vandaag, vrijdag 28 november, gelegd, op niemand minder dan Black Friday. Eerlijk gezegd was het niet onze bedoeling om zoveel winkels op \u00e9\u00e9n dag te openen, maar een onvoorziene waterschade, in combinatie met ons doel in zicht, spoorde het hele team aan om onvermoeibaar te werken om deze mijlpaal te bereiken\u201d, meldt retaildirecteur Vickie Jensen op LinkedIn.<\/p>\n","protected":false},"excerpt":{"rendered":"<p>Precies op Black Friday opende S\u00f8strene Grene vandaag liefst zes nieuwe winkels op \u00e9\u00e9n dag. Dat is een dagrecord voor de retailer, die bovendien terugblikt op een recordmaand \u00e9n een recordjaar.<\/p>\n","protected":false},"author":3,"featured_media":129863,"comment_status":"closed","ping_status":"closed","sticky":false,"template":"","format":"standard","meta":{"_acf_changed":false,"inline_featured_image":false,"_jetpack_memberships_contains_paid_content":false,"footnotes":""},"categories":[21],"tags":[],"people":[],"extra":[],"company":[1271],"topic":[221],"region":[],"class_list":["post-136185","post","type-post","status-publish","format-standard","has-post-thumbnail","hentry","category-wonen","company-sostrene-grene","topic-winkelopeningen"],"acf":[],"yoast_head":"<!-- This site is optimized with the Yoast SEO plugin v27.3 - https:\/\/yoast.com\/product\/yoast-seo-wordpress\/ -->\n<title>Recordaantal winkelopeningen voor S\u00f8strene Grene - RetailDetail BE<\/title>\n<meta name=\"description\" content=\"Precies op Black Friday, 28 november, opende S\u00f8strene Grene liefst zes nieuwe winkels op \u00e9\u00e9n dag.\" \/>\n<meta name=\"robots\" content=\"index, follow, max-snippet:-1, max-image-preview:large, max-video-preview:-1\" \/>\n<link rel=\"canonical\" href=\"https:\/\/www.retaildetail.be\/nl\/news\/wonen\/recordaantal-winkelopeningen-voor-sostrene-grene\/\" \/>\n<meta property=\"og:locale\" content=\"nl_NL\" \/>\n<meta property=\"og:type\" content=\"article\" \/>\n<meta property=\"og:title\" content=\"Recordaantal winkelopeningen voor S\u00f8strene Grene - RetailDetail BE\" \/>\n<meta property=\"og:description\" content=\"Precies op Black Friday, 28 november, opende S\u00f8strene Grene liefst zes nieuwe winkels op \u00e9\u00e9n dag.\" \/>\n<meta property=\"og:url\" content=\"https:\/\/www.retaildetail.be\/nl\/news\/wonen\/recordaantal-winkelopeningen-voor-sostrene-grene\/\" \/>\n<meta property=\"og:site_name\" content=\"RetailDetail BE\" \/>\n<meta property=\"article:published_time\" content=\"2025-11-28T15:47:40+00:00\" \/>\n<meta property=\"article:modified_time\" content=\"2025-11-28T16:28:23+00:00\" \/>\n<meta property=\"og:image\" content=\"https:\/\/www.retaildetail.be\/wp-content\/uploads\/2025\/09\/shutterstock_2557479033.jpg\" \/>\n\t<meta property=\"og:image:width\" content=\"1000\" \/>\n\t<meta property=\"og:image:height\" content=\"666\" \/>\n\t<meta property=\"og:image:type\" content=\"image\/jpeg\" \/>\n<meta name=\"author\" content=\"Stefan Van Rompaey\" \/>\n<meta name=\"twitter:card\" content=\"summary_large_image\" \/>\n<meta name=\"twitter:label1\" content=\"Geschreven door\" \/>\n\t<meta name=\"twitter:data1\" content=\"Stefan Van Rompaey\" \/>\n\t<meta name=\"twitter:label2\" content=\"Geschatte leestijd\" \/>\n\t<meta name=\"twitter:data2\" content=\"1 minuut\" \/>\n<script type=\"application\/ld+json\" class=\"yoast-schema-graph\">{\"@context\":\"https:\\\/\\\/schema.org\",\"@graph\":[{\"@type\":\"NewsArticle\",\"@id\":\"https:\\\/\\\/www.retaildetail.be\\\/nl\\\/news\\\/wonen\\\/recordaantal-winkelopeningen-voor-sostrene-grene\\\/#article\",\"isPartOf\":{\"@id\":\"https:\\\/\\\/www.retaildetail.be\\\/nl\\\/news\\\/wonen\\\/recordaantal-winkelopeningen-voor-sostrene-grene\\\/\"},\"author\":{\"name\":\"Stefan Van Rompaey\",\"@id\":\"https:\\\/\\\/www.retaildetail.be\\\/nl\\\/#\\\/schema\\\/person\\\/51aec6069c4416aa2f68b2e4ff3455df\"},\"headline\":\"Recordaantal winkelopeningen voor S\u00f8strene Grene\",\"datePublished\":\"2025-11-28T15:47:40+00:00\",\"dateModified\":\"2025-11-28T16:28:23+00:00\",\"mainEntityOfPage\":{\"@id\":\"https:\\\/\\\/www.retaildetail.be\\\/nl\\\/news\\\/wonen\\\/recordaantal-winkelopeningen-voor-sostrene-grene\\\/\"},\"wordCount\":184,\"publisher\":{\"@id\":\"https:\\\/\\\/www.retaildetail.be\\\/nl\\\/#organization\"},\"image\":{\"@id\":\"https:\\\/\\\/www.retaildetail.be\\\/nl\\\/news\\\/wonen\\\/recordaantal-winkelopeningen-voor-sostrene-grene\\\/#primaryimage\"},\"thumbnailUrl\":\"https:\\\/\\\/www.retaildetail.be\\\/wp-content\\\/uploads\\\/2025\\\/09\\\/shutterstock_2557479033.jpg\",\"articleSection\":[\"Wonen\"],\"inLanguage\":\"nl-NL\",\"copyrightYear\":\"2025\",\"copyrightHolder\":{\"@id\":\"https:\\\/\\\/www.retaildetail.be\\\/#organization\"}},{\"@type\":\"WebPage\",\"@id\":\"https:\\\/\\\/www.retaildetail.be\\\/nl\\\/news\\\/wonen\\\/recordaantal-winkelopeningen-voor-sostrene-grene\\\/\",\"url\":\"https:\\\/\\\/www.retaildetail.be\\\/nl\\\/news\\\/wonen\\\/recordaantal-winkelopeningen-voor-sostrene-grene\\\/\",\"name\":\"Recordaantal winkelopeningen voor S\u00f8strene Grene - RetailDetail BE\",\"isPartOf\":{\"@id\":\"https:\\\/\\\/www.retaildetail.be\\\/nl\\\/#website\"},\"primaryImageOfPage\":{\"@id\":\"https:\\\/\\\/www.retaildetail.be\\\/nl\\\/news\\\/wonen\\\/recordaantal-winkelopeningen-voor-sostrene-grene\\\/#primaryimage\"},\"image\":{\"@id\":\"https:\\\/\\\/www.retaildetail.be\\\/nl\\\/news\\\/wonen\\\/recordaantal-winkelopeningen-voor-sostrene-grene\\\/#primaryimage\"},\"thumbnailUrl\":\"https:\\\/\\\/www.retaildetail.be\\\/wp-content\\\/uploads\\\/2025\\\/09\\\/shutterstock_2557479033.jpg\",\"datePublished\":\"2025-11-28T15:47:40+00:00\",\"dateModified\":\"2025-11-28T16:28:23+00:00\",\"description\":\"Precies op Black Friday, 28 november, opende S\u00f8strene Grene liefst zes nieuwe winkels op \u00e9\u00e9n dag.\",\"breadcrumb\":{\"@id\":\"https:\\\/\\\/www.retaildetail.be\\\/nl\\\/news\\\/wonen\\\/recordaantal-winkelopeningen-voor-sostrene-grene\\\/#breadcrumb\"},\"inLanguage\":\"nl-NL\",\"potentialAction\":[{\"@type\":\"ReadAction\",\"target\":[\"https:\\\/\\\/www.retaildetail.be\\\/nl\\\/news\\\/wonen\\\/recordaantal-winkelopeningen-voor-sostrene-grene\\\/\"]}]},{\"@type\":\"ImageObject\",\"inLanguage\":\"nl-NL\",\"@id\":\"https:\\\/\\\/www.retaildetail.be\\\/nl\\\/news\\\/wonen\\\/recordaantal-winkelopeningen-voor-sostrene-grene\\\/#primaryimage\",\"url\":\"https:\\\/\\\/www.retaildetail.be\\\/wp-content\\\/uploads\\\/2025\\\/09\\\/shutterstock_2557479033.jpg\",\"contentUrl\":\"https:\\\/\\\/www.retaildetail.be\\\/wp-content\\\/uploads\\\/2025\\\/09\\\/shutterstock_2557479033.jpg\",\"width\":1000,\"height\":666,\"caption\":\"Shutterstock.com\"},{\"@type\":\"BreadcrumbList\",\"@id\":\"https:\\\/\\\/www.retaildetail.be\\\/nl\\\/news\\\/wonen\\\/recordaantal-winkelopeningen-voor-sostrene-grene\\\/#breadcrumb\",\"itemListElement\":[{\"@type\":\"ListItem\",\"position\":1,\"name\":\"Home\",\"item\":\"https:\\\/\\\/www.retaildetail.be\\\/nl\\\/\"},{\"@type\":\"ListItem\",\"position\":2,\"name\":\"Recordaantal winkelopeningen voor S\u00f8strene Grene\"}]},{\"@type\":\"WebSite\",\"@id\":\"https:\\\/\\\/www.retaildetail.be\\\/nl\\\/#website\",\"url\":\"https:\\\/\\\/www.retaildetail.be\\\/nl\\\/\",\"name\":\"RetailDetail BE\",\"description\":\"News\",\"publisher\":{\"@id\":\"https:\\\/\\\/www.retaildetail.be\\\/nl\\\/#organization\"},\"potentialAction\":[{\"@type\":\"SearchAction\",\"target\":{\"@type\":\"EntryPoint\",\"urlTemplate\":\"https:\\\/\\\/www.retaildetail.be\\\/nl\\\/?s={search_term_string}\"},\"query-input\":{\"@type\":\"PropertyValueSpecification\",\"valueRequired\":true,\"valueName\":\"search_term_string\"}}],\"inLanguage\":\"nl-NL\"},{\"@type\":\"Organization\",\"@id\":\"https:\\\/\\\/www.retaildetail.be\\\/nl\\\/#organization\",\"name\":\"RetailDetail BE\",\"url\":\"https:\\\/\\\/www.retaildetail.be\\\/nl\\\/\",\"logo\":{\"@type\":\"ImageObject\",\"inLanguage\":\"nl-NL\",\"@id\":\"https:\\\/\\\/www.retaildetail.be\\\/nl\\\/#\\\/schema\\\/logo\\\/image\\\/\",\"url\":\"https:\\\/\\\/www.retaildetail.be\\\/wp-content\\\/uploads\\\/2022\\\/04\\\/logo.svg\",\"contentUrl\":\"https:\\\/\\\/www.retaildetail.be\\\/wp-content\\\/uploads\\\/2022\\\/04\\\/logo.svg\",\"width\":131,\"height\":70,\"caption\":\"RetailDetail BE\"},\"image\":{\"@id\":\"https:\\\/\\\/www.retaildetail.be\\\/nl\\\/#\\\/schema\\\/logo\\\/image\\\/\"}},{\"@type\":\"Person\",\"@id\":\"https:\\\/\\\/www.retaildetail.be\\\/nl\\\/#\\\/schema\\\/person\\\/51aec6069c4416aa2f68b2e4ff3455df\",\"name\":\"Stefan Van Rompaey\",\"image\":{\"@type\":\"ImageObject\",\"inLanguage\":\"nl-NL\",\"@id\":\"https:\\\/\\\/secure.gravatar.com\\\/avatar\\\/fbbb4a80a0f109888b2a5ab8ae255617499ecde533749b3ab2fa6c23b5d65dac?s=96&d=mm&r=g\",\"url\":\"https:\\\/\\\/secure.gravatar.com\\\/avatar\\\/fbbb4a80a0f109888b2a5ab8ae255617499ecde533749b3ab2fa6c23b5d65dac?s=96&d=mm&r=g\",\"contentUrl\":\"https:\\\/\\\/secure.gravatar.com\\\/avatar\\\/fbbb4a80a0f109888b2a5ab8ae255617499ecde533749b3ab2fa6c23b5d65dac?s=96&d=mm&r=g\",\"caption\":\"Stefan Van Rompaey\"},\"url\":\"https:\\\/\\\/www.retaildetail.be\\\/nl\\\/author\\\/stefanvanrompaey\\\/\"}]}<\/script>\n<!-- \/ Yoast SEO plugin. -->","yoast_head_json":{"title":"Recordaantal winkelopeningen voor S\u00f8strene Grene - RetailDetail BE","description":"Precies op Black Friday, 28 november, opende S\u00f8strene Grene liefst zes nieuwe winkels op \u00e9\u00e9n dag.","robots":{"index":"index","follow":"follow","max-snippet":"max-snippet:-1","max-image-preview":"max-image-preview:large","max-video-preview":"max-video-preview:-1"},"canonical":"https:\/\/www.retaildetail.be\/nl\/news\/wonen\/recordaantal-winkelopeningen-voor-sostrene-grene\/","og_locale":"nl_NL","og_type":"article","og_title":"Recordaantal winkelopeningen voor S\u00f8strene Grene - RetailDetail BE","og_description":"Precies op Black Friday, 28 november, opende S\u00f8strene Grene liefst zes nieuwe winkels op \u00e9\u00e9n dag.","og_url":"https:\/\/www.retaildetail.be\/nl\/news\/wonen\/recordaantal-winkelopeningen-voor-sostrene-grene\/","og_site_name":"RetailDetail BE","article_published_time":"2025-11-28T15:47:40+00:00","article_modified_time":"2025-11-28T16:28:23+00:00","og_image":[{"width":1000,"height":666,"url":"https:\/\/www.retaildetail.be\/wp-content\/uploads\/2025\/09\/shutterstock_2557479033.jpg","type":"image\/jpeg"}],"author":"Stefan Van Rompaey","twitter_card":"summary_large_image","twitter_misc":{"Geschreven door":"Stefan Van Rompaey","Geschatte leestijd":"1 minuut"},"schema":{"@context":"https:\/\/schema.org","@graph":[{"@type":"NewsArticle","@id":"https:\/\/www.retaildetail.be\/nl\/news\/wonen\/recordaantal-winkelopeningen-voor-sostrene-grene\/#article","isPartOf":{"@id":"https:\/\/www.retaildetail.be\/nl\/news\/wonen\/recordaantal-winkelopeningen-voor-sostrene-grene\/"},"author":{"name":"Stefan Van Rompaey","@id":"https:\/\/www.retaildetail.be\/nl\/#\/schema\/person\/51aec6069c4416aa2f68b2e4ff3455df"},"headline":"Recordaantal winkelopeningen voor S\u00f8strene Grene","datePublished":"2025-11-28T15:47:40+00:00","dateModified":"2025-11-28T16:28:23+00:00","mainEntityOfPage":{"@id":"https:\/\/www.retaildetail.be\/nl\/news\/wonen\/recordaantal-winkelopeningen-voor-sostrene-grene\/"},"wordCount":184,"publisher":{"@id":"https:\/\/www.retaildetail.be\/nl\/#organization"},"image":{"@id":"https:\/\/www.retaildetail.be\/nl\/news\/wonen\/recordaantal-winkelopeningen-voor-sostrene-grene\/#primaryimage"},"thumbnailUrl":"https:\/\/www.retaildetail.be\/wp-content\/uploads\/2025\/09\/shutterstock_2557479033.jpg","articleSection":["Wonen"],"inLanguage":"nl-NL","copyrightYear":"2025","copyrightHolder":{"@id":"https:\/\/www.retaildetail.be\/#organization"}},{"@type":"WebPage","@id":"https:\/\/www.retaildetail.be\/nl\/news\/wonen\/recordaantal-winkelopeningen-voor-sostrene-grene\/","url":"https:\/\/www.retaildetail.be\/nl\/news\/wonen\/recordaantal-winkelopeningen-voor-sostrene-grene\/","name":"Recordaantal winkelopeningen voor S\u00f8strene Grene - RetailDetail BE","isPartOf":{"@id":"https:\/\/www.retaildetail.be\/nl\/#website"},"primaryImageOfPage":{"@id":"https:\/\/www.retaildetail.be\/nl\/news\/wonen\/recordaantal-winkelopeningen-voor-sostrene-grene\/#primaryimage"},"image":{"@id":"https:\/\/www.retaildetail.be\/nl\/news\/wonen\/recordaantal-winkelopeningen-voor-sostrene-grene\/#primaryimage"},"thumbnailUrl":"https:\/\/www.retaildetail.be\/wp-content\/uploads\/2025\/09\/shutterstock_2557479033.jpg","datePublished":"2025-11-28T15:47:40+00:00","dateModified":"2025-11-28T16:28:23+00:00","description":"Precies op Black Friday, 28 november, opende S\u00f8strene Grene liefst zes nieuwe winkels op \u00e9\u00e9n dag.","breadcrumb":{"@id":"https:\/\/www.retaildetail.be\/nl\/news\/wonen\/recordaantal-winkelopeningen-voor-sostrene-grene\/#breadcrumb"},"inLanguage":"nl-NL","potentialAction":[{"@type":"ReadAction","target":["https:\/\/www.retaildetail.be\/nl\/news\/wonen\/recordaantal-winkelopeningen-voor-sostrene-grene\/"]}]},{"@type":"ImageObject","inLanguage":"nl-NL","@id":"https:\/\/www.retaildetail.be\/nl\/news\/wonen\/recordaantal-winkelopeningen-voor-sostrene-grene\/#primaryimage","url":"https:\/\/www.retaildetail.be\/wp-content\/uploads\/2025\/09\/shutterstock_2557479033.jpg","contentUrl":"https:\/\/www.retaildetail.be\/wp-content\/uploads\/2025\/09\/shutterstock_2557479033.jpg","width":1000,"height":666,"caption":"Shutterstock.com"},{"@type":"BreadcrumbList","@id":"https:\/\/www.retaildetail.be\/nl\/news\/wonen\/recordaantal-winkelopeningen-voor-sostrene-grene\/#breadcrumb","itemListElement":[{"@type":"ListItem","position":1,"name":"Home","item":"https:\/\/www.retaildetail.be\/nl\/"},{"@type":"ListItem","position":2,"name":"Recordaantal winkelopeningen voor S\u00f8strene Grene"}]},{"@type":"WebSite","@id":"https:\/\/www.retaildetail.be\/nl\/#website","url":"https:\/\/www.retaildetail.be\/nl\/","name":"RetailDetail BE","description":"News","publisher":{"@id":"https:\/\/www.retaildetail.be\/nl\/#organization"},"potentialAction":[{"@type":"SearchAction","target":{"@type":"EntryPoint","urlTemplate":"https:\/\/www.retaildetail.be\/nl\/?s={search_term_string}"},"query-input":{"@type":"PropertyValueSpecification","valueRequired":true,"valueName":"search_term_string"}}],"inLanguage":"nl-NL"},{"@type":"Organization","@id":"https:\/\/www.retaildetail.be\/nl\/#organization","name":"RetailDetail BE","url":"https:\/\/www.retaildetail.be\/nl\/","logo":{"@type":"ImageObject","inLanguage":"nl-NL","@id":"https:\/\/www.retaildetail.be\/nl\/#\/schema\/logo\/image\/","url":"https:\/\/www.retaildetail.be\/wp-content\/uploads\/2022\/04\/logo.svg","contentUrl":"https:\/\/www.retaildetail.be\/wp-content\/uploads\/2022\/04\/logo.svg","width":131,"height":70,"caption":"RetailDetail BE"},"image":{"@id":"https:\/\/www.retaildetail.be\/nl\/#\/schema\/logo\/image\/"}},{"@type":"Person","@id":"https:\/\/www.retaildetail.be\/nl\/#\/schema\/person\/51aec6069c4416aa2f68b2e4ff3455df","name":"Stefan Van Rompaey","image":{"@type":"ImageObject","inLanguage":"nl-NL","@id":"https:\/\/secure.gravatar.com\/avatar\/fbbb4a80a0f109888b2a5ab8ae255617499ecde533749b3ab2fa6c23b5d65dac?s=96&d=mm&r=g","url":"https:\/\/secure.gravatar.com\/avatar\/fbbb4a80a0f109888b2a5ab8ae255617499ecde533749b3ab2fa6c23b5d65dac?s=96&d=mm&r=g","contentUrl":"https:\/\/secure.gravatar.com\/avatar\/fbbb4a80a0f109888b2a5ab8ae255617499ecde533749b3ab2fa6c23b5d65dac?s=96&d=mm&r=g","caption":"Stefan Van Rompaey"},"url":"https:\/\/www.retaildetail.be\/nl\/author\/stefanvanrompaey\/"}]}},"jetpack_featured_media_url":"https:\/\/www.retaildetail.be\/wp-content\/uploads\/2025\/09\/shutterstock_2557479033.jpg","jetpack_sharing_enabled":true,"_links":{"self":[{"href":"https:\/\/www.retaildetail.be\/nl\/wp-json\/wp\/v2\/posts\/136185","targetHints":{"allow":["GET"]}}],"collection":[{"href":"https:\/\/www.retaildetail.be\/nl\/wp-json\/wp\/v2\/posts"}],"about":[{"href":"https:\/\/www.retaildetail.be\/nl\/wp-json\/wp\/v2\/types\/post"}],"author":[{"embeddable":true,"href":"https:\/\/www.retaildetail.be\/nl\/wp-json\/wp\/v2\/users\/3"}],"replies":[{"embeddable":true,"href":"https:\/\/www.retaildetail.be\/nl\/wp-json\/wp\/v2\/comments?post=136185"}],"version-history":[{"count":3,"href":"https:\/\/www.retaildetail.be\/nl\/wp-json\/wp\/v2\/posts\/136185\/revisions"}],"predecessor-version":[{"id":136208,"href":"https:\/\/www.retaildetail.be\/nl\/wp-json\/wp\/v2\/posts\/136185\/revisions\/136208"}],"wp:featuredmedia":[{"embeddable":true,"href":"https:\/\/www.retaildetail.be\/nl\/wp-json\/wp\/v2\/media\/129863"}],"wp:attachment":[{"href":"https:\/\/www.retaildetail.be\/nl\/wp-json\/wp\/v2\/media?parent=136185"}],"wp:term":[{"taxonomy":"category","embeddable":true,"href":"https:\/\/www.retaildetail.be\/nl\/wp-json\/wp\/v2\/categories?post=136185"},{"taxonomy":"post_tag","embeddable":true,"href":"https:\/\/www.retaildetail.be\/nl\/wp-json\/wp\/v2\/tags?post=136185"},{"taxonomy":"people","embeddable":true,"href":"https:\/\/www.retaildetail.be\/nl\/wp-json\/wp\/v2\/people?post=136185"},{"taxonomy":"extra","embeddable":true,"href":"https:\/\/www.retaildetail.be\/nl\/wp-json\/wp\/v2\/extra?post=136185"},{"taxonomy":"company","embeddable":true,"href":"https:\/\/www.retaildetail.be\/nl\/wp-json\/wp\/v2\/company?post=136185"},{"taxonomy":"topic","embeddable":true,"href":"https:\/\/www.retaildetail.be\/nl\/wp-json\/wp\/v2\/topic?post=136185"},{"taxonomy":"region","embeddable":true,"href":"https:\/\/www.retaildetail.be\/nl\/wp-json\/wp\/v2\/region?post=136185"}],"curies":[{"name":"wp","href":"https:\/\/api.w.org\/{rel}","templated":true}]}}