{"id":136564,"date":"2025-12-03T11:19:51","date_gmt":"2025-12-03T10:19:51","guid":{"rendered":"https:\/\/www.retaildetail.be\/?p=136564"},"modified":"2025-12-03T11:19:53","modified_gmt":"2025-12-03T10:19:53","slug":"carrefour-reageert-we-blijven-in-belgie","status":"publish","type":"post","link":"https:\/\/www.retaildetail.be\/nl\/news\/food\/carrefour-reageert-we-blijven-in-belgie\/","title":{"rendered":"Carrefour reageert: \u201cWe blijven in Belgi\u00eb\u201d"},"content":{"rendered":"\n<p><strong>Carrefour <\/strong>blijft in Belgi\u00eb, verzekert de directie, die erop wijst dat de retailer een positieve ommekeer heeft gerealiseerd in het land. De vakbonden daarentegen uiten hun grote ongerustheid.<\/p>\n\n\n\n<h2 class=\"wp-block-heading\">\u201cVeel speculatie\u201d<\/h2>\n\n\n\n<p>De directie van Carrefour heeft tegenover de vakbonden en de medewerkers verzekerd dat de retailer in Belgi\u00eb zal blijven. Hiermee reageert het bedrijf op <a href=\"https:\/\/www.retaildetail.be\/nl\/news\/food\/geruchten-over-belgische-exit-carrefour-zwellen-aan\/\">de geruchten over een mogelijke exit<\/a> die vanochtend door de kranten De Tijd en L\u2019Echo werden gelanceerd. Die berichtgeving bevat veel foute aannames en speculatie, vindt de retailer.<\/p>\n\n\n\n<p>&#8220;Zoals elk bedrijf evalueert en optimaliseert de Carrefour Groep voortdurend haar strategie en operationele activiteiten om een relevante speler te blijven en onze klanten het beste te blijven bieden&#8221;, zegt woordvoerder Damien Bytebier van Carrefour Belgi\u00eb. &#8220;Sinds drie jaar realiseert Carrefour Belgi\u00eb een positieve ommekeer, die door de Groep wordt geprezen. Carrefour is en blijft een onmisbare speler in Belgi\u00eb. En dat is te danken aan de inspanningen van al onze medewerkers en de ambitieuze doelstellingen die we nastreven om onze klanten dag na dag tevreden te stellen.\u201d<\/p>\n\n\n\n<h2 class=\"wp-block-heading\">\u201cEen schok\u201d<\/h2>\n\n\n\n<p>De vakbonden zijn w\u00e9l ongerust, al zeggen ze ook dat het nieuws geen grote verrassing is. &#8220;Wij hebben al contact gehad met onze collega&#8217;s in Polen, Roemeni\u00eb, Itali\u00eb en Argentini\u00eb en we zien dat de Italiaanse case heel erg lijkt op de Belgische. Daar waren er geen investeringen meer en verouderde winkelpanden en dat is iets wat we ook in Belgi\u00eb vaststellen. <a href=\"https:\/\/www.hln.be\/economie\/carrefour-overweegt-definitief-vertrek-uit-belgie-er-waren-al-een-aantal-alarmbellen-afgegaan~acd6b8aa\/\">Daarnaast zijn de financi\u00eble cijfers hier niet zo denderend<\/a>,&#8221; zegt Wouter Parmentier van ACV Puls aan HLN. Bij de werknemers is er volgens hem dan ook grote bezorgdheid. &#8220;Carrefour heeft heel loyale personeelsleden, de anci\u00ebnniteit is best hoog, dus voor hen zou een verkoop als een schok komen.\u201d<\/p>\n\n\n\n<p>\u201cHet is zeker niet zo dat morgen die winkels gaan verdwijnen en iedereen zijn baan verliest\u201d, sust retailexpert Gino Van Ossel tegenover VTM Nieuws. Hij wijst erop dat het gros van de operaties is uitbesteed aan zelfstandige ondernemers. Donderdag is er sociaal overleg gepland tussen directie en vakbonden, over de zondagsopeningen voor de hypermarkten en de ge\u00efntegreerde supermarkten. Daar zal wellicht ook dit thema ter sprake komen.<\/p>\n","protected":false},"excerpt":{"rendered":"<p>Carrefour blijft in Belgi\u00eb, verzekert de directie, die erop wijst dat de retailer een positieve ommekeer heeft gerealiseerd in het land. De vakbonden daarentegen uiten hun grote ongerustheid. <\/p>\n","protected":false},"author":3,"featured_media":76896,"comment_status":"closed","ping_status":"closed","sticky":false,"template":"","format":"standard","meta":{"_acf_changed":false,"inline_featured_image":false,"_jetpack_memberships_contains_paid_content":false,"footnotes":""},"categories":[18],"tags":[],"people":[],"extra":[],"company":[87],"topic":[],"region":[90],"class_list":["post-136564","post","type-post","status-publish","format-standard","has-post-thumbnail","hentry","category-food","company-carrefour","region-belgie"],"acf":[],"yoast_head":"<!-- This site is optimized with the Yoast SEO plugin v27.3 - https:\/\/yoast.com\/product\/yoast-seo-wordpress\/ -->\n<title>Carrefour reageert: \u201cWe blijven in Belgi\u00eb\u201d - RetailDetail BE<\/title>\n<meta name=\"description\" content=\"Carrefour blijft in Belgi\u00eb, verzekert de directie, die erop wijst dat de retailer een positieve ommekeer heeft gerealiseerd in het land.\" \/>\n<meta name=\"robots\" content=\"index, follow, max-snippet:-1, max-image-preview:large, max-video-preview:-1\" \/>\n<link rel=\"canonical\" href=\"https:\/\/www.retaildetail.be\/nl\/news\/food\/carrefour-reageert-we-blijven-in-belgie\/\" \/>\n<meta property=\"og:locale\" content=\"nl_NL\" \/>\n<meta property=\"og:type\" content=\"article\" \/>\n<meta property=\"og:title\" content=\"Carrefour reageert: \u201cWe blijven in Belgi\u00eb\u201d - RetailDetail BE\" \/>\n<meta property=\"og:description\" content=\"Carrefour blijft in Belgi\u00eb, verzekert de directie, die erop wijst dat de retailer een positieve ommekeer heeft gerealiseerd in het land.\" \/>\n<meta property=\"og:url\" content=\"https:\/\/www.retaildetail.be\/nl\/news\/food\/carrefour-reageert-we-blijven-in-belgie\/\" \/>\n<meta property=\"og:site_name\" content=\"RetailDetail BE\" \/>\n<meta property=\"article:published_time\" content=\"2025-12-03T10:19:51+00:00\" \/>\n<meta property=\"article:modified_time\" content=\"2025-12-03T10:19:53+00:00\" \/>\n<meta property=\"og:image\" content=\"https:\/\/www.retaildetail.be\/wp-content\/uploads\/2023\/04\/Carrefour-market-visual-1024x682.png\" \/>\n\t<meta property=\"og:image:width\" content=\"1024\" \/>\n\t<meta property=\"og:image:height\" content=\"682\" \/>\n\t<meta property=\"og:image:type\" content=\"image\/png\" \/>\n<meta name=\"author\" content=\"Stefan Van Rompaey\" \/>\n<meta name=\"twitter:card\" content=\"summary_large_image\" \/>\n<meta name=\"twitter:label1\" content=\"Geschreven door\" \/>\n\t<meta name=\"twitter:data1\" content=\"Stefan Van Rompaey\" \/>\n\t<meta name=\"twitter:label2\" content=\"Geschatte leestijd\" \/>\n\t<meta name=\"twitter:data2\" content=\"2 minuten\" \/>\n<script type=\"application\/ld+json\" class=\"yoast-schema-graph\">{\"@context\":\"https:\\\/\\\/schema.org\",\"@graph\":[{\"@type\":\"NewsArticle\",\"@id\":\"https:\\\/\\\/www.retaildetail.be\\\/nl\\\/news\\\/food\\\/carrefour-reageert-we-blijven-in-belgie\\\/#article\",\"isPartOf\":{\"@id\":\"https:\\\/\\\/www.retaildetail.be\\\/nl\\\/news\\\/food\\\/carrefour-reageert-we-blijven-in-belgie\\\/\"},\"author\":{\"name\":\"Stefan Van Rompaey\",\"@id\":\"https:\\\/\\\/www.retaildetail.be\\\/nl\\\/#\\\/schema\\\/person\\\/51aec6069c4416aa2f68b2e4ff3455df\"},\"headline\":\"Carrefour reageert: \u201cWe blijven in Belgi\u00eb\u201d\",\"datePublished\":\"2025-12-03T10:19:51+00:00\",\"dateModified\":\"2025-12-03T10:19:53+00:00\",\"mainEntityOfPage\":{\"@id\":\"https:\\\/\\\/www.retaildetail.be\\\/nl\\\/news\\\/food\\\/carrefour-reageert-we-blijven-in-belgie\\\/\"},\"wordCount\":361,\"publisher\":{\"@id\":\"https:\\\/\\\/www.retaildetail.be\\\/nl\\\/#organization\"},\"image\":{\"@id\":\"https:\\\/\\\/www.retaildetail.be\\\/nl\\\/news\\\/food\\\/carrefour-reageert-we-blijven-in-belgie\\\/#primaryimage\"},\"thumbnailUrl\":\"https:\\\/\\\/www.retaildetail.be\\\/wp-content\\\/uploads\\\/2023\\\/04\\\/Carrefour-market-visual.png\",\"articleSection\":[\"Food\"],\"inLanguage\":\"nl-NL\",\"copyrightYear\":\"2025\",\"copyrightHolder\":{\"@id\":\"https:\\\/\\\/www.retaildetail.be\\\/#organization\"}},{\"@type\":\"WebPage\",\"@id\":\"https:\\\/\\\/www.retaildetail.be\\\/nl\\\/news\\\/food\\\/carrefour-reageert-we-blijven-in-belgie\\\/\",\"url\":\"https:\\\/\\\/www.retaildetail.be\\\/nl\\\/news\\\/food\\\/carrefour-reageert-we-blijven-in-belgie\\\/\",\"name\":\"Carrefour reageert: \u201cWe blijven in Belgi\u00eb\u201d - RetailDetail BE\",\"isPartOf\":{\"@id\":\"https:\\\/\\\/www.retaildetail.be\\\/nl\\\/#website\"},\"primaryImageOfPage\":{\"@id\":\"https:\\\/\\\/www.retaildetail.be\\\/nl\\\/news\\\/food\\\/carrefour-reageert-we-blijven-in-belgie\\\/#primaryimage\"},\"image\":{\"@id\":\"https:\\\/\\\/www.retaildetail.be\\\/nl\\\/news\\\/food\\\/carrefour-reageert-we-blijven-in-belgie\\\/#primaryimage\"},\"thumbnailUrl\":\"https:\\\/\\\/www.retaildetail.be\\\/wp-content\\\/uploads\\\/2023\\\/04\\\/Carrefour-market-visual.png\",\"datePublished\":\"2025-12-03T10:19:51+00:00\",\"dateModified\":\"2025-12-03T10:19:53+00:00\",\"description\":\"Carrefour blijft in Belgi\u00eb, verzekert de directie, die erop wijst dat de retailer een positieve ommekeer heeft gerealiseerd in het land.\",\"breadcrumb\":{\"@id\":\"https:\\\/\\\/www.retaildetail.be\\\/nl\\\/news\\\/food\\\/carrefour-reageert-we-blijven-in-belgie\\\/#breadcrumb\"},\"inLanguage\":\"nl-NL\",\"potentialAction\":[{\"@type\":\"ReadAction\",\"target\":[\"https:\\\/\\\/www.retaildetail.be\\\/nl\\\/news\\\/food\\\/carrefour-reageert-we-blijven-in-belgie\\\/\"]}]},{\"@type\":\"ImageObject\",\"inLanguage\":\"nl-NL\",\"@id\":\"https:\\\/\\\/www.retaildetail.be\\\/nl\\\/news\\\/food\\\/carrefour-reageert-we-blijven-in-belgie\\\/#primaryimage\",\"url\":\"https:\\\/\\\/www.retaildetail.be\\\/wp-content\\\/uploads\\\/2023\\\/04\\\/Carrefour-market-visual.png\",\"contentUrl\":\"https:\\\/\\\/www.retaildetail.be\\\/wp-content\\\/uploads\\\/2023\\\/04\\\/Carrefour-market-visual.png\",\"width\":1600,\"height\":1065},{\"@type\":\"BreadcrumbList\",\"@id\":\"https:\\\/\\\/www.retaildetail.be\\\/nl\\\/news\\\/food\\\/carrefour-reageert-we-blijven-in-belgie\\\/#breadcrumb\",\"itemListElement\":[{\"@type\":\"ListItem\",\"position\":1,\"name\":\"Home\",\"item\":\"https:\\\/\\\/www.retaildetail.be\\\/nl\\\/\"},{\"@type\":\"ListItem\",\"position\":2,\"name\":\"Carrefour reageert: \u201cWe blijven in Belgi\u00eb\u201d\"}]},{\"@type\":\"WebSite\",\"@id\":\"https:\\\/\\\/www.retaildetail.be\\\/nl\\\/#website\",\"url\":\"https:\\\/\\\/www.retaildetail.be\\\/nl\\\/\",\"name\":\"RetailDetail BE\",\"description\":\"News\",\"publisher\":{\"@id\":\"https:\\\/\\\/www.retaildetail.be\\\/nl\\\/#organization\"},\"potentialAction\":[{\"@type\":\"SearchAction\",\"target\":{\"@type\":\"EntryPoint\",\"urlTemplate\":\"https:\\\/\\\/www.retaildetail.be\\\/nl\\\/?s={search_term_string}\"},\"query-input\":{\"@type\":\"PropertyValueSpecification\",\"valueRequired\":true,\"valueName\":\"search_term_string\"}}],\"inLanguage\":\"nl-NL\"},{\"@type\":\"Organization\",\"@id\":\"https:\\\/\\\/www.retaildetail.be\\\/nl\\\/#organization\",\"name\":\"RetailDetail BE\",\"url\":\"https:\\\/\\\/www.retaildetail.be\\\/nl\\\/\",\"logo\":{\"@type\":\"ImageObject\",\"inLanguage\":\"nl-NL\",\"@id\":\"https:\\\/\\\/www.retaildetail.be\\\/nl\\\/#\\\/schema\\\/logo\\\/image\\\/\",\"url\":\"https:\\\/\\\/www.retaildetail.be\\\/wp-content\\\/uploads\\\/2022\\\/04\\\/logo.svg\",\"contentUrl\":\"https:\\\/\\\/www.retaildetail.be\\\/wp-content\\\/uploads\\\/2022\\\/04\\\/logo.svg\",\"width\":131,\"height\":70,\"caption\":\"RetailDetail BE\"},\"image\":{\"@id\":\"https:\\\/\\\/www.retaildetail.be\\\/nl\\\/#\\\/schema\\\/logo\\\/image\\\/\"}},{\"@type\":\"Person\",\"@id\":\"https:\\\/\\\/www.retaildetail.be\\\/nl\\\/#\\\/schema\\\/person\\\/51aec6069c4416aa2f68b2e4ff3455df\",\"name\":\"Stefan Van Rompaey\",\"image\":{\"@type\":\"ImageObject\",\"inLanguage\":\"nl-NL\",\"@id\":\"https:\\\/\\\/secure.gravatar.com\\\/avatar\\\/fbbb4a80a0f109888b2a5ab8ae255617499ecde533749b3ab2fa6c23b5d65dac?s=96&d=mm&r=g\",\"url\":\"https:\\\/\\\/secure.gravatar.com\\\/avatar\\\/fbbb4a80a0f109888b2a5ab8ae255617499ecde533749b3ab2fa6c23b5d65dac?s=96&d=mm&r=g\",\"contentUrl\":\"https:\\\/\\\/secure.gravatar.com\\\/avatar\\\/fbbb4a80a0f109888b2a5ab8ae255617499ecde533749b3ab2fa6c23b5d65dac?s=96&d=mm&r=g\",\"caption\":\"Stefan Van Rompaey\"},\"url\":\"https:\\\/\\\/www.retaildetail.be\\\/nl\\\/author\\\/stefanvanrompaey\\\/\"}]}<\/script>\n<!-- \/ Yoast SEO plugin. -->","yoast_head_json":{"title":"Carrefour reageert: \u201cWe blijven in Belgi\u00eb\u201d - RetailDetail BE","description":"Carrefour blijft in Belgi\u00eb, verzekert de directie, die erop wijst dat de retailer een positieve ommekeer heeft gerealiseerd in het land.","robots":{"index":"index","follow":"follow","max-snippet":"max-snippet:-1","max-image-preview":"max-image-preview:large","max-video-preview":"max-video-preview:-1"},"canonical":"https:\/\/www.retaildetail.be\/nl\/news\/food\/carrefour-reageert-we-blijven-in-belgie\/","og_locale":"nl_NL","og_type":"article","og_title":"Carrefour reageert: \u201cWe blijven in Belgi\u00eb\u201d - RetailDetail BE","og_description":"Carrefour blijft in Belgi\u00eb, verzekert de directie, die erop wijst dat de retailer een positieve ommekeer heeft gerealiseerd in het land.","og_url":"https:\/\/www.retaildetail.be\/nl\/news\/food\/carrefour-reageert-we-blijven-in-belgie\/","og_site_name":"RetailDetail BE","article_published_time":"2025-12-03T10:19:51+00:00","article_modified_time":"2025-12-03T10:19:53+00:00","og_image":[{"width":1024,"height":682,"url":"https:\/\/www.retaildetail.be\/wp-content\/uploads\/2023\/04\/Carrefour-market-visual-1024x682.png","type":"image\/png"}],"author":"Stefan Van Rompaey","twitter_card":"summary_large_image","twitter_misc":{"Geschreven door":"Stefan Van Rompaey","Geschatte leestijd":"2 minuten"},"schema":{"@context":"https:\/\/schema.org","@graph":[{"@type":"NewsArticle","@id":"https:\/\/www.retaildetail.be\/nl\/news\/food\/carrefour-reageert-we-blijven-in-belgie\/#article","isPartOf":{"@id":"https:\/\/www.retaildetail.be\/nl\/news\/food\/carrefour-reageert-we-blijven-in-belgie\/"},"author":{"name":"Stefan Van Rompaey","@id":"https:\/\/www.retaildetail.be\/nl\/#\/schema\/person\/51aec6069c4416aa2f68b2e4ff3455df"},"headline":"Carrefour reageert: \u201cWe blijven in Belgi\u00eb\u201d","datePublished":"2025-12-03T10:19:51+00:00","dateModified":"2025-12-03T10:19:53+00:00","mainEntityOfPage":{"@id":"https:\/\/www.retaildetail.be\/nl\/news\/food\/carrefour-reageert-we-blijven-in-belgie\/"},"wordCount":361,"publisher":{"@id":"https:\/\/www.retaildetail.be\/nl\/#organization"},"image":{"@id":"https:\/\/www.retaildetail.be\/nl\/news\/food\/carrefour-reageert-we-blijven-in-belgie\/#primaryimage"},"thumbnailUrl":"https:\/\/www.retaildetail.be\/wp-content\/uploads\/2023\/04\/Carrefour-market-visual.png","articleSection":["Food"],"inLanguage":"nl-NL","copyrightYear":"2025","copyrightHolder":{"@id":"https:\/\/www.retaildetail.be\/#organization"}},{"@type":"WebPage","@id":"https:\/\/www.retaildetail.be\/nl\/news\/food\/carrefour-reageert-we-blijven-in-belgie\/","url":"https:\/\/www.retaildetail.be\/nl\/news\/food\/carrefour-reageert-we-blijven-in-belgie\/","name":"Carrefour reageert: \u201cWe blijven in Belgi\u00eb\u201d - RetailDetail BE","isPartOf":{"@id":"https:\/\/www.retaildetail.be\/nl\/#website"},"primaryImageOfPage":{"@id":"https:\/\/www.retaildetail.be\/nl\/news\/food\/carrefour-reageert-we-blijven-in-belgie\/#primaryimage"},"image":{"@id":"https:\/\/www.retaildetail.be\/nl\/news\/food\/carrefour-reageert-we-blijven-in-belgie\/#primaryimage"},"thumbnailUrl":"https:\/\/www.retaildetail.be\/wp-content\/uploads\/2023\/04\/Carrefour-market-visual.png","datePublished":"2025-12-03T10:19:51+00:00","dateModified":"2025-12-03T10:19:53+00:00","description":"Carrefour blijft in Belgi\u00eb, verzekert de directie, die erop wijst dat de retailer een positieve ommekeer heeft gerealiseerd in het land.","breadcrumb":{"@id":"https:\/\/www.retaildetail.be\/nl\/news\/food\/carrefour-reageert-we-blijven-in-belgie\/#breadcrumb"},"inLanguage":"nl-NL","potentialAction":[{"@type":"ReadAction","target":["https:\/\/www.retaildetail.be\/nl\/news\/food\/carrefour-reageert-we-blijven-in-belgie\/"]}]},{"@type":"ImageObject","inLanguage":"nl-NL","@id":"https:\/\/www.retaildetail.be\/nl\/news\/food\/carrefour-reageert-we-blijven-in-belgie\/#primaryimage","url":"https:\/\/www.retaildetail.be\/wp-content\/uploads\/2023\/04\/Carrefour-market-visual.png","contentUrl":"https:\/\/www.retaildetail.be\/wp-content\/uploads\/2023\/04\/Carrefour-market-visual.png","width":1600,"height":1065},{"@type":"BreadcrumbList","@id":"https:\/\/www.retaildetail.be\/nl\/news\/food\/carrefour-reageert-we-blijven-in-belgie\/#breadcrumb","itemListElement":[{"@type":"ListItem","position":1,"name":"Home","item":"https:\/\/www.retaildetail.be\/nl\/"},{"@type":"ListItem","position":2,"name":"Carrefour reageert: \u201cWe blijven in Belgi\u00eb\u201d"}]},{"@type":"WebSite","@id":"https:\/\/www.retaildetail.be\/nl\/#website","url":"https:\/\/www.retaildetail.be\/nl\/","name":"RetailDetail BE","description":"News","publisher":{"@id":"https:\/\/www.retaildetail.be\/nl\/#organization"},"potentialAction":[{"@type":"SearchAction","target":{"@type":"EntryPoint","urlTemplate":"https:\/\/www.retaildetail.be\/nl\/?s={search_term_string}"},"query-input":{"@type":"PropertyValueSpecification","valueRequired":true,"valueName":"search_term_string"}}],"inLanguage":"nl-NL"},{"@type":"Organization","@id":"https:\/\/www.retaildetail.be\/nl\/#organization","name":"RetailDetail BE","url":"https:\/\/www.retaildetail.be\/nl\/","logo":{"@type":"ImageObject","inLanguage":"nl-NL","@id":"https:\/\/www.retaildetail.be\/nl\/#\/schema\/logo\/image\/","url":"https:\/\/www.retaildetail.be\/wp-content\/uploads\/2022\/04\/logo.svg","contentUrl":"https:\/\/www.retaildetail.be\/wp-content\/uploads\/2022\/04\/logo.svg","width":131,"height":70,"caption":"RetailDetail BE"},"image":{"@id":"https:\/\/www.retaildetail.be\/nl\/#\/schema\/logo\/image\/"}},{"@type":"Person","@id":"https:\/\/www.retaildetail.be\/nl\/#\/schema\/person\/51aec6069c4416aa2f68b2e4ff3455df","name":"Stefan Van Rompaey","image":{"@type":"ImageObject","inLanguage":"nl-NL","@id":"https:\/\/secure.gravatar.com\/avatar\/fbbb4a80a0f109888b2a5ab8ae255617499ecde533749b3ab2fa6c23b5d65dac?s=96&d=mm&r=g","url":"https:\/\/secure.gravatar.com\/avatar\/fbbb4a80a0f109888b2a5ab8ae255617499ecde533749b3ab2fa6c23b5d65dac?s=96&d=mm&r=g","contentUrl":"https:\/\/secure.gravatar.com\/avatar\/fbbb4a80a0f109888b2a5ab8ae255617499ecde533749b3ab2fa6c23b5d65dac?s=96&d=mm&r=g","caption":"Stefan Van Rompaey"},"url":"https:\/\/www.retaildetail.be\/nl\/author\/stefanvanrompaey\/"}]}},"jetpack_featured_media_url":"https:\/\/www.retaildetail.be\/wp-content\/uploads\/2023\/04\/Carrefour-market-visual.png","jetpack_sharing_enabled":true,"_links":{"self":[{"href":"https:\/\/www.retaildetail.be\/nl\/wp-json\/wp\/v2\/posts\/136564","targetHints":{"allow":["GET"]}}],"collection":[{"href":"https:\/\/www.retaildetail.be\/nl\/wp-json\/wp\/v2\/posts"}],"about":[{"href":"https:\/\/www.retaildetail.be\/nl\/wp-json\/wp\/v2\/types\/post"}],"author":[{"embeddable":true,"href":"https:\/\/www.retaildetail.be\/nl\/wp-json\/wp\/v2\/users\/3"}],"replies":[{"embeddable":true,"href":"https:\/\/www.retaildetail.be\/nl\/wp-json\/wp\/v2\/comments?post=136564"}],"version-history":[{"count":1,"href":"https:\/\/www.retaildetail.be\/nl\/wp-json\/wp\/v2\/posts\/136564\/revisions"}],"predecessor-version":[{"id":136565,"href":"https:\/\/www.retaildetail.be\/nl\/wp-json\/wp\/v2\/posts\/136564\/revisions\/136565"}],"wp:featuredmedia":[{"embeddable":true,"href":"https:\/\/www.retaildetail.be\/nl\/wp-json\/wp\/v2\/media\/76896"}],"wp:attachment":[{"href":"https:\/\/www.retaildetail.be\/nl\/wp-json\/wp\/v2\/media?parent=136564"}],"wp:term":[{"taxonomy":"category","embeddable":true,"href":"https:\/\/www.retaildetail.be\/nl\/wp-json\/wp\/v2\/categories?post=136564"},{"taxonomy":"post_tag","embeddable":true,"href":"https:\/\/www.retaildetail.be\/nl\/wp-json\/wp\/v2\/tags?post=136564"},{"taxonomy":"people","embeddable":true,"href":"https:\/\/www.retaildetail.be\/nl\/wp-json\/wp\/v2\/people?post=136564"},{"taxonomy":"extra","embeddable":true,"href":"https:\/\/www.retaildetail.be\/nl\/wp-json\/wp\/v2\/extra?post=136564"},{"taxonomy":"company","embeddable":true,"href":"https:\/\/www.retaildetail.be\/nl\/wp-json\/wp\/v2\/company?post=136564"},{"taxonomy":"topic","embeddable":true,"href":"https:\/\/www.retaildetail.be\/nl\/wp-json\/wp\/v2\/topic?post=136564"},{"taxonomy":"region","embeddable":true,"href":"https:\/\/www.retaildetail.be\/nl\/wp-json\/wp\/v2\/region?post=136564"}],"curies":[{"name":"wp","href":"https:\/\/api.w.org\/{rel}","templated":true}]}}