{"id":137245,"date":"2025-12-10T15:09:16","date_gmt":"2025-12-10T14:09:16","guid":{"rendered":"https:\/\/www.retaildetail.be\/?p=137245"},"modified":"2025-12-10T15:20:00","modified_gmt":"2025-12-10T14:20:00","slug":"in-beeld-foodmaker-cafe-wil-gezonde-voeding-toegankelijker-maken","status":"publish","type":"post","link":"https:\/\/www.retaildetail.be\/nl\/news\/food\/in-beeld-foodmaker-cafe-wil-gezonde-voeding-toegankelijker-maken\/","title":{"rendered":"[In Beeld] Foodmaker Caf\u00e9 wil gezonde voeding toegankelijker maken"},"content":{"rendered":"\n<div class=\"wp-block-jetpack-slideshow aligncenter\" data-effect=\"slide\" style=\"--aspect-ratio:calc(1024 \/ 683)\"><div class=\"wp-block-jetpack-slideshow_container swiper\"><ul class=\"wp-block-jetpack-slideshow_swiper-wrapper swiper-wrapper\"><li class=\"wp-block-jetpack-slideshow_slide swiper-slide\"><figure><img loading=\"lazy\" decoding=\"async\" width=\"1024\" height=\"683\" alt=\"\" class=\"wp-block-jetpack-slideshow_image wp-image-137248\" data-id=\"137248\" data-aspect-ratio=\"1024 \/ 683\" src=\"https:\/\/www.retaildetail.be\/wp-content\/uploads\/2025\/12\/FoodmakerCafe10dec1-1024x683.jpg\" srcset=\"https:\/\/www.retaildetail.be\/wp-content\/uploads\/2025\/12\/FoodmakerCafe10dec1-1024x683.jpg 1024w, https:\/\/www.retaildetail.be\/wp-content\/uploads\/2025\/12\/FoodmakerCafe10dec1-300x200.jpg 300w, https:\/\/www.retaildetail.be\/wp-content\/uploads\/2025\/12\/FoodmakerCafe10dec1-768x512.jpg 768w, https:\/\/www.retaildetail.be\/wp-content\/uploads\/2025\/12\/FoodmakerCafe10dec1-185x122.jpg 185w, https:\/\/www.retaildetail.be\/wp-content\/uploads\/2025\/12\/FoodmakerCafe10dec1.jpg 1181w\" sizes=\"(max-width: 1024px) 100vw, 1024px\" \/><figcaption class=\"wp-block-jetpack-slideshow_caption gallery-caption\">Lieven Vanlommel (Foodmaker) &#038; Alexander Carlier (Kharis Capital)<\/figcaption><\/figure><\/li><li class=\"wp-block-jetpack-slideshow_slide swiper-slide\"><figure><img loading=\"lazy\" decoding=\"async\" width=\"1024\" height=\"683\" alt=\"\" class=\"wp-block-jetpack-slideshow_image wp-image-137266\" data-id=\"137266\" data-aspect-ratio=\"1024 \/ 683\" src=\"https:\/\/www.retaildetail.be\/wp-content\/uploads\/2025\/12\/FoodmakerCafe10dec10-1024x683.jpg\" srcset=\"https:\/\/www.retaildetail.be\/wp-content\/uploads\/2025\/12\/FoodmakerCafe10dec10-1024x683.jpg 1024w, https:\/\/www.retaildetail.be\/wp-content\/uploads\/2025\/12\/FoodmakerCafe10dec10-300x200.jpg 300w, https:\/\/www.retaildetail.be\/wp-content\/uploads\/2025\/12\/FoodmakerCafe10dec10-768x512.jpg 768w, https:\/\/www.retaildetail.be\/wp-content\/uploads\/2025\/12\/FoodmakerCafe10dec10-185x122.jpg 185w, https:\/\/www.retaildetail.be\/wp-content\/uploads\/2025\/12\/FoodmakerCafe10dec10.jpg 1181w\" sizes=\"(max-width: 1024px) 100vw, 1024px\" \/><\/figure><\/li><li class=\"wp-block-jetpack-slideshow_slide swiper-slide\"><figure><img loading=\"lazy\" decoding=\"async\" width=\"1024\" height=\"683\" alt=\"\" class=\"wp-block-jetpack-slideshow_image wp-image-137252\" data-id=\"137252\" data-aspect-ratio=\"1024 \/ 683\" src=\"https:\/\/www.retaildetail.be\/wp-content\/uploads\/2025\/12\/FoodmakerCafe10dec4-1024x683.jpg\" srcset=\"https:\/\/www.retaildetail.be\/wp-content\/uploads\/2025\/12\/FoodmakerCafe10dec4-1024x683.jpg 1024w, https:\/\/www.retaildetail.be\/wp-content\/uploads\/2025\/12\/FoodmakerCafe10dec4-300x200.jpg 300w, https:\/\/www.retaildetail.be\/wp-content\/uploads\/2025\/12\/FoodmakerCafe10dec4-768x512.jpg 768w, https:\/\/www.retaildetail.be\/wp-content\/uploads\/2025\/12\/FoodmakerCafe10dec4-185x122.jpg 185w, https:\/\/www.retaildetail.be\/wp-content\/uploads\/2025\/12\/FoodmakerCafe10dec4.jpg 1181w\" sizes=\"(max-width: 1024px) 100vw, 1024px\" \/><\/figure><\/li><li class=\"wp-block-jetpack-slideshow_slide swiper-slide\"><figure><img loading=\"lazy\" decoding=\"async\" width=\"683\" height=\"1024\" alt=\"\" class=\"wp-block-jetpack-slideshow_image wp-image-137258\" data-id=\"137258\" data-aspect-ratio=\"683 \/ 1024\" src=\"https:\/\/www.retaildetail.be\/wp-content\/uploads\/2025\/12\/FoodmakerCafe10dec5-683x1024.jpg\" srcset=\"https:\/\/www.retaildetail.be\/wp-content\/uploads\/2025\/12\/FoodmakerCafe10dec5-683x1024.jpg 683w, https:\/\/www.retaildetail.be\/wp-content\/uploads\/2025\/12\/FoodmakerCafe10dec5-200x300.jpg 200w, https:\/\/www.retaildetail.be\/wp-content\/uploads\/2025\/12\/FoodmakerCafe10dec5-768x1151.jpg 768w, https:\/\/www.retaildetail.be\/wp-content\/uploads\/2025\/12\/FoodmakerCafe10dec5.jpg 788w\" sizes=\"(max-width: 683px) 100vw, 683px\" \/><\/figure><\/li><li class=\"wp-block-jetpack-slideshow_slide swiper-slide\"><figure><img loading=\"lazy\" decoding=\"async\" width=\"683\" height=\"1024\" alt=\"\" class=\"wp-block-jetpack-slideshow_image wp-image-137256\" data-id=\"137256\" data-aspect-ratio=\"683 \/ 1024\" src=\"https:\/\/www.retaildetail.be\/wp-content\/uploads\/2025\/12\/FoodmakerCafe10dec6-683x1024.jpg\" srcset=\"https:\/\/www.retaildetail.be\/wp-content\/uploads\/2025\/12\/FoodmakerCafe10dec6-683x1024.jpg 683w, https:\/\/www.retaildetail.be\/wp-content\/uploads\/2025\/12\/FoodmakerCafe10dec6-200x300.jpg 200w, https:\/\/www.retaildetail.be\/wp-content\/uploads\/2025\/12\/FoodmakerCafe10dec6-768x1151.jpg 768w, https:\/\/www.retaildetail.be\/wp-content\/uploads\/2025\/12\/FoodmakerCafe10dec6.jpg 788w\" sizes=\"(max-width: 683px) 100vw, 683px\" \/><\/figure><\/li><li class=\"wp-block-jetpack-slideshow_slide swiper-slide\"><figure><img loading=\"lazy\" decoding=\"async\" width=\"1024\" height=\"683\" alt=\"\" class=\"wp-block-jetpack-slideshow_image wp-image-137260\" data-id=\"137260\" data-aspect-ratio=\"1024 \/ 683\" src=\"https:\/\/www.retaildetail.be\/wp-content\/uploads\/2025\/12\/FoodmakerCafe10dec7-1024x683.jpg\" srcset=\"https:\/\/www.retaildetail.be\/wp-content\/uploads\/2025\/12\/FoodmakerCafe10dec7-1024x683.jpg 1024w, https:\/\/www.retaildetail.be\/wp-content\/uploads\/2025\/12\/FoodmakerCafe10dec7-300x200.jpg 300w, https:\/\/www.retaildetail.be\/wp-content\/uploads\/2025\/12\/FoodmakerCafe10dec7-768x512.jpg 768w, https:\/\/www.retaildetail.be\/wp-content\/uploads\/2025\/12\/FoodmakerCafe10dec7-185x122.jpg 185w, https:\/\/www.retaildetail.be\/wp-content\/uploads\/2025\/12\/FoodmakerCafe10dec7.jpg 1181w\" sizes=\"(max-width: 1024px) 100vw, 1024px\" \/><\/figure><\/li><li class=\"wp-block-jetpack-slideshow_slide swiper-slide\"><figure><img loading=\"lazy\" decoding=\"async\" width=\"683\" height=\"1024\" alt=\"\" class=\"wp-block-jetpack-slideshow_image wp-image-137264\" data-id=\"137264\" data-aspect-ratio=\"683 \/ 1024\" src=\"https:\/\/www.retaildetail.be\/wp-content\/uploads\/2025\/12\/FoodmakerCafe10dec9-683x1024.jpg\" srcset=\"https:\/\/www.retaildetail.be\/wp-content\/uploads\/2025\/12\/FoodmakerCafe10dec9-683x1024.jpg 683w, https:\/\/www.retaildetail.be\/wp-content\/uploads\/2025\/12\/FoodmakerCafe10dec9-200x300.jpg 200w, https:\/\/www.retaildetail.be\/wp-content\/uploads\/2025\/12\/FoodmakerCafe10dec9-768x1151.jpg 768w, https:\/\/www.retaildetail.be\/wp-content\/uploads\/2025\/12\/FoodmakerCafe10dec9.jpg 788w\" sizes=\"(max-width: 683px) 100vw, 683px\" \/><\/figure><\/li><li class=\"wp-block-jetpack-slideshow_slide swiper-slide\"><figure><img loading=\"lazy\" decoding=\"async\" width=\"683\" height=\"1024\" alt=\"\" class=\"wp-block-jetpack-slideshow_image wp-image-137270\" data-id=\"137270\" data-aspect-ratio=\"683 \/ 1024\" src=\"https:\/\/www.retaildetail.be\/wp-content\/uploads\/2025\/12\/FoodmakerCafe10dec11-683x1024.jpg\" srcset=\"https:\/\/www.retaildetail.be\/wp-content\/uploads\/2025\/12\/FoodmakerCafe10dec11-683x1024.jpg 683w, https:\/\/www.retaildetail.be\/wp-content\/uploads\/2025\/12\/FoodmakerCafe10dec11-200x300.jpg 200w, https:\/\/www.retaildetail.be\/wp-content\/uploads\/2025\/12\/FoodmakerCafe10dec11-768x1151.jpg 768w, https:\/\/www.retaildetail.be\/wp-content\/uploads\/2025\/12\/FoodmakerCafe10dec11.jpg 788w\" sizes=\"(max-width: 683px) 100vw, 683px\" \/><\/figure><\/li><li class=\"wp-block-jetpack-slideshow_slide swiper-slide\"><figure><img loading=\"lazy\" decoding=\"async\" width=\"1024\" height=\"683\" alt=\"\" class=\"wp-block-jetpack-slideshow_image wp-image-137268\" data-id=\"137268\" data-aspect-ratio=\"1024 \/ 683\" src=\"https:\/\/www.retaildetail.be\/wp-content\/uploads\/2025\/12\/FoodmakerCafe10dec12-1024x683.jpg\" srcset=\"https:\/\/www.retaildetail.be\/wp-content\/uploads\/2025\/12\/FoodmakerCafe10dec12-1024x683.jpg 1024w, https:\/\/www.retaildetail.be\/wp-content\/uploads\/2025\/12\/FoodmakerCafe10dec12-300x200.jpg 300w, https:\/\/www.retaildetail.be\/wp-content\/uploads\/2025\/12\/FoodmakerCafe10dec12-768x512.jpg 768w, https:\/\/www.retaildetail.be\/wp-content\/uploads\/2025\/12\/FoodmakerCafe10dec12-185x122.jpg 185w, https:\/\/www.retaildetail.be\/wp-content\/uploads\/2025\/12\/FoodmakerCafe10dec12.jpg 1181w\" sizes=\"(max-width: 1024px) 100vw, 1024px\" \/><\/figure><\/li><\/ul><a class=\"wp-block-jetpack-slideshow_button-prev swiper-button-prev swiper-button-white\" role=\"button\"><\/a><a class=\"wp-block-jetpack-slideshow_button-next swiper-button-next swiper-button-white\" role=\"button\"><\/a><a aria-label=\"Pause Slideshow\" class=\"wp-block-jetpack-slideshow_button-pause\" role=\"button\"><\/a><div class=\"wp-block-jetpack-slideshow_pagination swiper-pagination swiper-pagination-white\"><\/div><\/div><\/div>\n\n\n\n<p>Woensdag opende <strong>Foodmaker <\/strong>in Brussel de allereerste vestiging van het nieuwe Foodmaker Caf\u00e9 concept, een ontmoetingsplek waar gezonde voeding centraal staat. De opening markeert de start van een ambitieus internationaal groeiplan.<\/p>\n\n\n\n<h2 class=\"wp-block-heading\">\u201cUitgroeien tot d\u00e9 Europese referentie in gezonde kant-en-klare maaltijden\u201d<\/h2>\n\n\n\n<p>Centraal in \u201chet gezondste caf\u00e9 ter wereld\u201d staat het Farm Buffet, waar klanten voor een vaste prijs kunnen kiezen uit een assortiment warme en koude gerechten. Foodmaker streeft ernaar dat alle producten Nutri-Score A of B hebben en dat er geen kunstmatige toevoegingen (tenzij wettelijk verplicht), geraffineerde suikers of ultrabewerkte voedingsmiddelen worden gebruikt. Veel ingredi\u00ebnten zijn afkomstig van de eigen biovelden in Laakdal en Assent, wat het mogelijk maakt om maaltijden zonder tussenschakels van het veld tot op het bord te brengen<\/p>\n\n\n\n<p>Foodmaker heeft het caf\u00e9concept ontwikkeld samen met Dries Henau en Yuri Vandenbogaerde van The Brand Guys (bekend van onder andere Wasbar, Chez Claire en The Ostendian). Naast een focus op gezonde voeding is het caf\u00e9 ontworpen als een ontmoetingsplek. Foodmaker zal er evenementen organiseren die een actieve levensstijl bevorderen, zoals \u201cyoga mornings\u201d en \u201csocial runs\u201d. Maar het concept zet ook in op afterworkevents en gezelligheid, als \u00e9\u00e9n van de weinige plekken in Belgi\u00eb met Duvel van het vat. \u201cThe world\u2019s healthiest caf\u00e9 with the best beer\u201d, heet dat.<\/p>\n\n\n\n<p>De recente investering van Kharis Capital, eigenaar van meer dan 1.200 restaurants van Quick, Burger King en O\u2019Tacos, geeft het unieke Foodmaker Caf\u00e9-concept extra kracht: het fonds wil <a href=\"https:\/\/www.retaildetail.be\/nl\/news\/food\/fastfoodgigant-stapt-in-kapitaal-foodmaker\/\">de internationale groei en omnichannelexpansie van Foodmaker versnellen<\/a>. \u201cWij zien Foodmaker als een bedrijf dat uniek gepositioneerd is om uit te groeien tot d\u00e9 Europese referentie op het gebied van gezonde kant-en-klare maaltijden. Samen met het team van Foodmaker zullen we de internationale groei versnellen, waarbij we hun vastberaden streven naar kwaliteit en versheid zullen blijven waarborgen\u201d, aldus Alexander Carlier van Kharis Capital.<\/p>\n","protected":false},"excerpt":{"rendered":"<p>Woensdag opende Foodmaker in Brussel de allereerste vestiging van het nieuwe Foodmaker Caf\u00e9 concept, een ontmoetingsplek waar gezonde voeding centraal staat. De opening markeert de start van een ambitieus internationaal groeiplan. <\/p>\n","protected":false},"author":3,"featured_media":137248,"comment_status":"closed","ping_status":"closed","sticky":false,"template":"template-gallery.php","format":"standard","meta":{"_acf_changed":false,"inline_featured_image":false,"_jetpack_memberships_contains_paid_content":false,"footnotes":""},"categories":[18],"tags":[],"people":[],"extra":[43],"company":[1062],"topic":[721,264],"region":[90],"class_list":["post-137245","post","type-post","status-publish","format-standard","has-post-thumbnail","hentry","category-food","extra-plus","company-foodmaker","topic-in-beeld","topic-winkelconcept","region-belgie"],"acf":[],"yoast_head":"<!-- This site is optimized with the Yoast SEO plugin v27.3 - https:\/\/yoast.com\/product\/yoast-seo-wordpress\/ -->\n<title>[In Beeld] Foodmaker Caf\u00e9 wil gezonde voeding toegankelijker maken - RetailDetail BE<\/title>\n<meta name=\"description\" content=\"Woensdag opende Foodmaker in Brussel de allereerste vestiging van het nieuwe Foodmaker Caf\u00e9 concept.\" \/>\n<meta name=\"robots\" content=\"index, follow, max-snippet:-1, max-image-preview:large, max-video-preview:-1\" \/>\n<link rel=\"canonical\" href=\"https:\/\/www.retaildetail.be\/nl\/news\/food\/in-beeld-foodmaker-cafe-wil-gezonde-voeding-toegankelijker-maken\/\" \/>\n<meta property=\"og:locale\" content=\"nl_NL\" \/>\n<meta property=\"og:type\" content=\"article\" \/>\n<meta property=\"og:title\" content=\"[In Beeld] Foodmaker Caf\u00e9 wil gezonde voeding toegankelijker maken - RetailDetail BE\" \/>\n<meta property=\"og:description\" content=\"Woensdag opende Foodmaker in Brussel de allereerste vestiging van het nieuwe Foodmaker Caf\u00e9 concept.\" \/>\n<meta property=\"og:url\" content=\"https:\/\/www.retaildetail.be\/nl\/news\/food\/in-beeld-foodmaker-cafe-wil-gezonde-voeding-toegankelijker-maken\/\" \/>\n<meta property=\"og:site_name\" content=\"RetailDetail BE\" \/>\n<meta property=\"article:published_time\" content=\"2025-12-10T14:09:16+00:00\" \/>\n<meta property=\"article:modified_time\" content=\"2025-12-10T14:20:00+00:00\" \/>\n<meta property=\"og:image\" content=\"https:\/\/www.retaildetail.be\/wp-content\/uploads\/2025\/12\/FoodmakerCafe10dec1.jpg\" \/>\n\t<meta property=\"og:image:width\" content=\"1181\" \/>\n\t<meta property=\"og:image:height\" content=\"788\" \/>\n\t<meta property=\"og:image:type\" content=\"image\/jpeg\" \/>\n<meta name=\"author\" content=\"Stefan Van Rompaey\" \/>\n<meta name=\"twitter:card\" content=\"summary_large_image\" \/>\n<meta name=\"twitter:label1\" content=\"Geschreven door\" \/>\n\t<meta name=\"twitter:data1\" content=\"Stefan Van Rompaey\" \/>\n\t<meta name=\"twitter:label2\" content=\"Geschatte leestijd\" \/>\n\t<meta name=\"twitter:data2\" content=\"2 minuten\" \/>\n<script type=\"application\/ld+json\" class=\"yoast-schema-graph\">{\"@context\":\"https:\\\/\\\/schema.org\",\"@graph\":[{\"@type\":\"NewsArticle\",\"@id\":\"https:\\\/\\\/www.retaildetail.be\\\/nl\\\/news\\\/food\\\/in-beeld-foodmaker-cafe-wil-gezonde-voeding-toegankelijker-maken\\\/#article\",\"isPartOf\":{\"@id\":\"https:\\\/\\\/www.retaildetail.be\\\/nl\\\/news\\\/food\\\/in-beeld-foodmaker-cafe-wil-gezonde-voeding-toegankelijker-maken\\\/\"},\"author\":{\"name\":\"Stefan Van Rompaey\",\"@id\":\"https:\\\/\\\/www.retaildetail.be\\\/nl\\\/#\\\/schema\\\/person\\\/51aec6069c4416aa2f68b2e4ff3455df\"},\"headline\":\"[In Beeld] Foodmaker Caf\u00e9 wil gezonde voeding toegankelijker maken\",\"datePublished\":\"2025-12-10T14:09:16+00:00\",\"dateModified\":\"2025-12-10T14:20:00+00:00\",\"mainEntityOfPage\":{\"@id\":\"https:\\\/\\\/www.retaildetail.be\\\/nl\\\/news\\\/food\\\/in-beeld-foodmaker-cafe-wil-gezonde-voeding-toegankelijker-maken\\\/\"},\"wordCount\":321,\"publisher\":{\"@id\":\"https:\\\/\\\/www.retaildetail.be\\\/nl\\\/#organization\"},\"image\":{\"@id\":\"https:\\\/\\\/www.retaildetail.be\\\/nl\\\/news\\\/food\\\/in-beeld-foodmaker-cafe-wil-gezonde-voeding-toegankelijker-maken\\\/#primaryimage\"},\"thumbnailUrl\":\"https:\\\/\\\/www.retaildetail.be\\\/wp-content\\\/uploads\\\/2025\\\/12\\\/FoodmakerCafe10dec1.jpg\",\"articleSection\":[\"Food\"],\"inLanguage\":\"nl-NL\",\"copyrightYear\":\"2025\",\"copyrightHolder\":{\"@id\":\"https:\\\/\\\/www.retaildetail.be\\\/#organization\"}},{\"@type\":\"WebPage\",\"@id\":\"https:\\\/\\\/www.retaildetail.be\\\/nl\\\/news\\\/food\\\/in-beeld-foodmaker-cafe-wil-gezonde-voeding-toegankelijker-maken\\\/\",\"url\":\"https:\\\/\\\/www.retaildetail.be\\\/nl\\\/news\\\/food\\\/in-beeld-foodmaker-cafe-wil-gezonde-voeding-toegankelijker-maken\\\/\",\"name\":\"[In Beeld] Foodmaker Caf\u00e9 wil gezonde voeding toegankelijker maken - RetailDetail BE\",\"isPartOf\":{\"@id\":\"https:\\\/\\\/www.retaildetail.be\\\/nl\\\/#website\"},\"primaryImageOfPage\":{\"@id\":\"https:\\\/\\\/www.retaildetail.be\\\/nl\\\/news\\\/food\\\/in-beeld-foodmaker-cafe-wil-gezonde-voeding-toegankelijker-maken\\\/#primaryimage\"},\"image\":{\"@id\":\"https:\\\/\\\/www.retaildetail.be\\\/nl\\\/news\\\/food\\\/in-beeld-foodmaker-cafe-wil-gezonde-voeding-toegankelijker-maken\\\/#primaryimage\"},\"thumbnailUrl\":\"https:\\\/\\\/www.retaildetail.be\\\/wp-content\\\/uploads\\\/2025\\\/12\\\/FoodmakerCafe10dec1.jpg\",\"datePublished\":\"2025-12-10T14:09:16+00:00\",\"dateModified\":\"2025-12-10T14:20:00+00:00\",\"description\":\"Woensdag opende Foodmaker in Brussel de allereerste vestiging van het nieuwe Foodmaker Caf\u00e9 concept.\",\"breadcrumb\":{\"@id\":\"https:\\\/\\\/www.retaildetail.be\\\/nl\\\/news\\\/food\\\/in-beeld-foodmaker-cafe-wil-gezonde-voeding-toegankelijker-maken\\\/#breadcrumb\"},\"inLanguage\":\"nl-NL\",\"potentialAction\":[{\"@type\":\"ReadAction\",\"target\":[\"https:\\\/\\\/www.retaildetail.be\\\/nl\\\/news\\\/food\\\/in-beeld-foodmaker-cafe-wil-gezonde-voeding-toegankelijker-maken\\\/\"]}]},{\"@type\":\"ImageObject\",\"inLanguage\":\"nl-NL\",\"@id\":\"https:\\\/\\\/www.retaildetail.be\\\/nl\\\/news\\\/food\\\/in-beeld-foodmaker-cafe-wil-gezonde-voeding-toegankelijker-maken\\\/#primaryimage\",\"url\":\"https:\\\/\\\/www.retaildetail.be\\\/wp-content\\\/uploads\\\/2025\\\/12\\\/FoodmakerCafe10dec1.jpg\",\"contentUrl\":\"https:\\\/\\\/www.retaildetail.be\\\/wp-content\\\/uploads\\\/2025\\\/12\\\/FoodmakerCafe10dec1.jpg\",\"width\":1181,\"height\":788,\"caption\":\"Lieven Vanlommel (Foodmaker) & Alexander Carlier (Kharis Capital)\"},{\"@type\":\"BreadcrumbList\",\"@id\":\"https:\\\/\\\/www.retaildetail.be\\\/nl\\\/news\\\/food\\\/in-beeld-foodmaker-cafe-wil-gezonde-voeding-toegankelijker-maken\\\/#breadcrumb\",\"itemListElement\":[{\"@type\":\"ListItem\",\"position\":1,\"name\":\"Home\",\"item\":\"https:\\\/\\\/www.retaildetail.be\\\/nl\\\/\"},{\"@type\":\"ListItem\",\"position\":2,\"name\":\"[In Beeld] Foodmaker Caf\u00e9 wil gezonde voeding toegankelijker maken\"}]},{\"@type\":\"WebSite\",\"@id\":\"https:\\\/\\\/www.retaildetail.be\\\/nl\\\/#website\",\"url\":\"https:\\\/\\\/www.retaildetail.be\\\/nl\\\/\",\"name\":\"RetailDetail BE\",\"description\":\"News\",\"publisher\":{\"@id\":\"https:\\\/\\\/www.retaildetail.be\\\/nl\\\/#organization\"},\"potentialAction\":[{\"@type\":\"SearchAction\",\"target\":{\"@type\":\"EntryPoint\",\"urlTemplate\":\"https:\\\/\\\/www.retaildetail.be\\\/nl\\\/?s={search_term_string}\"},\"query-input\":{\"@type\":\"PropertyValueSpecification\",\"valueRequired\":true,\"valueName\":\"search_term_string\"}}],\"inLanguage\":\"nl-NL\"},{\"@type\":\"Organization\",\"@id\":\"https:\\\/\\\/www.retaildetail.be\\\/nl\\\/#organization\",\"name\":\"RetailDetail BE\",\"url\":\"https:\\\/\\\/www.retaildetail.be\\\/nl\\\/\",\"logo\":{\"@type\":\"ImageObject\",\"inLanguage\":\"nl-NL\",\"@id\":\"https:\\\/\\\/www.retaildetail.be\\\/nl\\\/#\\\/schema\\\/logo\\\/image\\\/\",\"url\":\"https:\\\/\\\/www.retaildetail.be\\\/wp-content\\\/uploads\\\/2022\\\/04\\\/logo.svg\",\"contentUrl\":\"https:\\\/\\\/www.retaildetail.be\\\/wp-content\\\/uploads\\\/2022\\\/04\\\/logo.svg\",\"width\":131,\"height\":70,\"caption\":\"RetailDetail BE\"},\"image\":{\"@id\":\"https:\\\/\\\/www.retaildetail.be\\\/nl\\\/#\\\/schema\\\/logo\\\/image\\\/\"}},{\"@type\":\"Person\",\"@id\":\"https:\\\/\\\/www.retaildetail.be\\\/nl\\\/#\\\/schema\\\/person\\\/51aec6069c4416aa2f68b2e4ff3455df\",\"name\":\"Stefan Van Rompaey\",\"image\":{\"@type\":\"ImageObject\",\"inLanguage\":\"nl-NL\",\"@id\":\"https:\\\/\\\/secure.gravatar.com\\\/avatar\\\/fbbb4a80a0f109888b2a5ab8ae255617499ecde533749b3ab2fa6c23b5d65dac?s=96&d=mm&r=g\",\"url\":\"https:\\\/\\\/secure.gravatar.com\\\/avatar\\\/fbbb4a80a0f109888b2a5ab8ae255617499ecde533749b3ab2fa6c23b5d65dac?s=96&d=mm&r=g\",\"contentUrl\":\"https:\\\/\\\/secure.gravatar.com\\\/avatar\\\/fbbb4a80a0f109888b2a5ab8ae255617499ecde533749b3ab2fa6c23b5d65dac?s=96&d=mm&r=g\",\"caption\":\"Stefan Van Rompaey\"},\"url\":\"https:\\\/\\\/www.retaildetail.be\\\/nl\\\/author\\\/stefanvanrompaey\\\/\"}]}<\/script>\n<!-- \/ Yoast SEO plugin. -->","yoast_head_json":{"title":"[In Beeld] Foodmaker Caf\u00e9 wil gezonde voeding toegankelijker maken - RetailDetail BE","description":"Woensdag opende Foodmaker in Brussel de allereerste vestiging van het nieuwe Foodmaker Caf\u00e9 concept.","robots":{"index":"index","follow":"follow","max-snippet":"max-snippet:-1","max-image-preview":"max-image-preview:large","max-video-preview":"max-video-preview:-1"},"canonical":"https:\/\/www.retaildetail.be\/nl\/news\/food\/in-beeld-foodmaker-cafe-wil-gezonde-voeding-toegankelijker-maken\/","og_locale":"nl_NL","og_type":"article","og_title":"[In Beeld] Foodmaker Caf\u00e9 wil gezonde voeding toegankelijker maken - RetailDetail BE","og_description":"Woensdag opende Foodmaker in Brussel de allereerste vestiging van het nieuwe Foodmaker Caf\u00e9 concept.","og_url":"https:\/\/www.retaildetail.be\/nl\/news\/food\/in-beeld-foodmaker-cafe-wil-gezonde-voeding-toegankelijker-maken\/","og_site_name":"RetailDetail BE","article_published_time":"2025-12-10T14:09:16+00:00","article_modified_time":"2025-12-10T14:20:00+00:00","og_image":[{"width":1181,"height":788,"url":"https:\/\/www.retaildetail.be\/wp-content\/uploads\/2025\/12\/FoodmakerCafe10dec1.jpg","type":"image\/jpeg"}],"author":"Stefan Van Rompaey","twitter_card":"summary_large_image","twitter_misc":{"Geschreven door":"Stefan Van Rompaey","Geschatte leestijd":"2 minuten"},"schema":{"@context":"https:\/\/schema.org","@graph":[{"@type":"NewsArticle","@id":"https:\/\/www.retaildetail.be\/nl\/news\/food\/in-beeld-foodmaker-cafe-wil-gezonde-voeding-toegankelijker-maken\/#article","isPartOf":{"@id":"https:\/\/www.retaildetail.be\/nl\/news\/food\/in-beeld-foodmaker-cafe-wil-gezonde-voeding-toegankelijker-maken\/"},"author":{"name":"Stefan Van Rompaey","@id":"https:\/\/www.retaildetail.be\/nl\/#\/schema\/person\/51aec6069c4416aa2f68b2e4ff3455df"},"headline":"[In Beeld] Foodmaker Caf\u00e9 wil gezonde voeding toegankelijker maken","datePublished":"2025-12-10T14:09:16+00:00","dateModified":"2025-12-10T14:20:00+00:00","mainEntityOfPage":{"@id":"https:\/\/www.retaildetail.be\/nl\/news\/food\/in-beeld-foodmaker-cafe-wil-gezonde-voeding-toegankelijker-maken\/"},"wordCount":321,"publisher":{"@id":"https:\/\/www.retaildetail.be\/nl\/#organization"},"image":{"@id":"https:\/\/www.retaildetail.be\/nl\/news\/food\/in-beeld-foodmaker-cafe-wil-gezonde-voeding-toegankelijker-maken\/#primaryimage"},"thumbnailUrl":"https:\/\/www.retaildetail.be\/wp-content\/uploads\/2025\/12\/FoodmakerCafe10dec1.jpg","articleSection":["Food"],"inLanguage":"nl-NL","copyrightYear":"2025","copyrightHolder":{"@id":"https:\/\/www.retaildetail.be\/#organization"}},{"@type":"WebPage","@id":"https:\/\/www.retaildetail.be\/nl\/news\/food\/in-beeld-foodmaker-cafe-wil-gezonde-voeding-toegankelijker-maken\/","url":"https:\/\/www.retaildetail.be\/nl\/news\/food\/in-beeld-foodmaker-cafe-wil-gezonde-voeding-toegankelijker-maken\/","name":"[In Beeld] Foodmaker Caf\u00e9 wil gezonde voeding toegankelijker maken - RetailDetail BE","isPartOf":{"@id":"https:\/\/www.retaildetail.be\/nl\/#website"},"primaryImageOfPage":{"@id":"https:\/\/www.retaildetail.be\/nl\/news\/food\/in-beeld-foodmaker-cafe-wil-gezonde-voeding-toegankelijker-maken\/#primaryimage"},"image":{"@id":"https:\/\/www.retaildetail.be\/nl\/news\/food\/in-beeld-foodmaker-cafe-wil-gezonde-voeding-toegankelijker-maken\/#primaryimage"},"thumbnailUrl":"https:\/\/www.retaildetail.be\/wp-content\/uploads\/2025\/12\/FoodmakerCafe10dec1.jpg","datePublished":"2025-12-10T14:09:16+00:00","dateModified":"2025-12-10T14:20:00+00:00","description":"Woensdag opende Foodmaker in Brussel de allereerste vestiging van het nieuwe Foodmaker Caf\u00e9 concept.","breadcrumb":{"@id":"https:\/\/www.retaildetail.be\/nl\/news\/food\/in-beeld-foodmaker-cafe-wil-gezonde-voeding-toegankelijker-maken\/#breadcrumb"},"inLanguage":"nl-NL","potentialAction":[{"@type":"ReadAction","target":["https:\/\/www.retaildetail.be\/nl\/news\/food\/in-beeld-foodmaker-cafe-wil-gezonde-voeding-toegankelijker-maken\/"]}]},{"@type":"ImageObject","inLanguage":"nl-NL","@id":"https:\/\/www.retaildetail.be\/nl\/news\/food\/in-beeld-foodmaker-cafe-wil-gezonde-voeding-toegankelijker-maken\/#primaryimage","url":"https:\/\/www.retaildetail.be\/wp-content\/uploads\/2025\/12\/FoodmakerCafe10dec1.jpg","contentUrl":"https:\/\/www.retaildetail.be\/wp-content\/uploads\/2025\/12\/FoodmakerCafe10dec1.jpg","width":1181,"height":788,"caption":"Lieven Vanlommel (Foodmaker) & Alexander Carlier (Kharis Capital)"},{"@type":"BreadcrumbList","@id":"https:\/\/www.retaildetail.be\/nl\/news\/food\/in-beeld-foodmaker-cafe-wil-gezonde-voeding-toegankelijker-maken\/#breadcrumb","itemListElement":[{"@type":"ListItem","position":1,"name":"Home","item":"https:\/\/www.retaildetail.be\/nl\/"},{"@type":"ListItem","position":2,"name":"[In Beeld] Foodmaker Caf\u00e9 wil gezonde voeding toegankelijker maken"}]},{"@type":"WebSite","@id":"https:\/\/www.retaildetail.be\/nl\/#website","url":"https:\/\/www.retaildetail.be\/nl\/","name":"RetailDetail BE","description":"News","publisher":{"@id":"https:\/\/www.retaildetail.be\/nl\/#organization"},"potentialAction":[{"@type":"SearchAction","target":{"@type":"EntryPoint","urlTemplate":"https:\/\/www.retaildetail.be\/nl\/?s={search_term_string}"},"query-input":{"@type":"PropertyValueSpecification","valueRequired":true,"valueName":"search_term_string"}}],"inLanguage":"nl-NL"},{"@type":"Organization","@id":"https:\/\/www.retaildetail.be\/nl\/#organization","name":"RetailDetail BE","url":"https:\/\/www.retaildetail.be\/nl\/","logo":{"@type":"ImageObject","inLanguage":"nl-NL","@id":"https:\/\/www.retaildetail.be\/nl\/#\/schema\/logo\/image\/","url":"https:\/\/www.retaildetail.be\/wp-content\/uploads\/2022\/04\/logo.svg","contentUrl":"https:\/\/www.retaildetail.be\/wp-content\/uploads\/2022\/04\/logo.svg","width":131,"height":70,"caption":"RetailDetail BE"},"image":{"@id":"https:\/\/www.retaildetail.be\/nl\/#\/schema\/logo\/image\/"}},{"@type":"Person","@id":"https:\/\/www.retaildetail.be\/nl\/#\/schema\/person\/51aec6069c4416aa2f68b2e4ff3455df","name":"Stefan Van Rompaey","image":{"@type":"ImageObject","inLanguage":"nl-NL","@id":"https:\/\/secure.gravatar.com\/avatar\/fbbb4a80a0f109888b2a5ab8ae255617499ecde533749b3ab2fa6c23b5d65dac?s=96&d=mm&r=g","url":"https:\/\/secure.gravatar.com\/avatar\/fbbb4a80a0f109888b2a5ab8ae255617499ecde533749b3ab2fa6c23b5d65dac?s=96&d=mm&r=g","contentUrl":"https:\/\/secure.gravatar.com\/avatar\/fbbb4a80a0f109888b2a5ab8ae255617499ecde533749b3ab2fa6c23b5d65dac?s=96&d=mm&r=g","caption":"Stefan Van Rompaey"},"url":"https:\/\/www.retaildetail.be\/nl\/author\/stefanvanrompaey\/"}]}},"jetpack_featured_media_url":"https:\/\/www.retaildetail.be\/wp-content\/uploads\/2025\/12\/FoodmakerCafe10dec1.jpg","jetpack_sharing_enabled":true,"_links":{"self":[{"href":"https:\/\/www.retaildetail.be\/nl\/wp-json\/wp\/v2\/posts\/137245","targetHints":{"allow":["GET"]}}],"collection":[{"href":"https:\/\/www.retaildetail.be\/nl\/wp-json\/wp\/v2\/posts"}],"about":[{"href":"https:\/\/www.retaildetail.be\/nl\/wp-json\/wp\/v2\/types\/post"}],"author":[{"embeddable":true,"href":"https:\/\/www.retaildetail.be\/nl\/wp-json\/wp\/v2\/users\/3"}],"replies":[{"embeddable":true,"href":"https:\/\/www.retaildetail.be\/nl\/wp-json\/wp\/v2\/comments?post=137245"}],"version-history":[{"count":1,"href":"https:\/\/www.retaildetail.be\/nl\/wp-json\/wp\/v2\/posts\/137245\/revisions"}],"predecessor-version":[{"id":137276,"href":"https:\/\/www.retaildetail.be\/nl\/wp-json\/wp\/v2\/posts\/137245\/revisions\/137276"}],"wp:featuredmedia":[{"embeddable":true,"href":"https:\/\/www.retaildetail.be\/nl\/wp-json\/wp\/v2\/media\/137248"}],"wp:attachment":[{"href":"https:\/\/www.retaildetail.be\/nl\/wp-json\/wp\/v2\/media?parent=137245"}],"wp:term":[{"taxonomy":"category","embeddable":true,"href":"https:\/\/www.retaildetail.be\/nl\/wp-json\/wp\/v2\/categories?post=137245"},{"taxonomy":"post_tag","embeddable":true,"href":"https:\/\/www.retaildetail.be\/nl\/wp-json\/wp\/v2\/tags?post=137245"},{"taxonomy":"people","embeddable":true,"href":"https:\/\/www.retaildetail.be\/nl\/wp-json\/wp\/v2\/people?post=137245"},{"taxonomy":"extra","embeddable":true,"href":"https:\/\/www.retaildetail.be\/nl\/wp-json\/wp\/v2\/extra?post=137245"},{"taxonomy":"company","embeddable":true,"href":"https:\/\/www.retaildetail.be\/nl\/wp-json\/wp\/v2\/company?post=137245"},{"taxonomy":"topic","embeddable":true,"href":"https:\/\/www.retaildetail.be\/nl\/wp-json\/wp\/v2\/topic?post=137245"},{"taxonomy":"region","embeddable":true,"href":"https:\/\/www.retaildetail.be\/nl\/wp-json\/wp\/v2\/region?post=137245"}],"curies":[{"name":"wp","href":"https:\/\/api.w.org\/{rel}","templated":true}]}}