{"id":140126,"date":"2026-01-19T16:37:07","date_gmt":"2026-01-19T15:37:07","guid":{"rendered":"https:\/\/www.retaildetail.be\/?p=140126"},"modified":"2026-01-19T16:37:08","modified_gmt":"2026-01-19T15:37:08","slug":"zondagacties-schot-in-de-roos-bij-carrefour-belgie","status":"publish","type":"post","link":"https:\/\/www.retaildetail.be\/nl\/news\/food\/zondagacties-schot-in-de-roos-bij-carrefour-belgie\/","title":{"rendered":"Zondagacties \u201cschot in de roos\u201d bij Carrefour Belgi\u00eb"},"content":{"rendered":"\n<p><strong>Carrefour <\/strong>Belgi\u00eb blikt zeer tevreden terug op de eerste zondagopening van haar ge\u00efntegreerde Markets en hypermarkten op 18 januari. Met name de zondagspromoties vielen in de smaak van de shoppers.<\/p>\n\n\n\n<h2 class=\"wp-block-heading\">165.000 koffiekoeken, 2.200 gebraden kippen<\/h2>\n\n\n\n<p>Hoewel enkele reportages in de media spreken over een eerder rustige eerste zondagsopening, stelt Carrefour vast dat de klanten de weg naar de winkels goed hebben gevonden. \u201cDit bevestigt dat er een re\u00eble vraag is naar flexibiliteit en dat de strategie om 7 op 7 open te zijn \u2013 zowel fysiek als online \u2013 beantwoordt aan de veranderende consumptiegewoonten\u201d, zegt de retailer in een persbericht.<\/p>\n\n\n\n<p>Opvallend was de interesse in het brede aanbod van de hypermarkten: klanten kwamen niet alleen voor de voeding, ze maakten ook gebruik van de unieke mogelijkheid om op zondag non-foodartikelen te kopen en te genieten van de degressieve prijzen. De promoties uit de folder, die van het weekend en de speciale zondagacties waren volgens de retailer een schot in de roos. Zo vlogen er op een paar uur tijd 165.000 koffiekoeken en 2.200 gebraden kippen de deur uit.<\/p>\n\n\n\n<p>Operationeel is alles vlot verlopen dankzij de inzet van de teams. De retailer vond voldoende collega\u2019s die bereid waren om op zondag te werken. \u201cDeze veelbelovende start sterkt de overtuiging dat Carrefour met deze uitbreiding haar positie als marktleider op zondag verder zal verankeren\u201d, klinkt het.<\/p>\n","protected":false},"excerpt":{"rendered":"<p>Carrefour Belgi\u00eb blikt zeer tevreden terug op de eerste zondagopening van haar ge\u00efntegreerde Markets en hypermarkten op 18 januari. Met name de zondagspromoties vielen in de smaak van de shoppers. <\/p>\n","protected":false},"author":3,"featured_media":140127,"comment_status":"closed","ping_status":"closed","sticky":false,"template":"","format":"standard","meta":{"_acf_changed":false,"inline_featured_image":false,"_jetpack_memberships_contains_paid_content":false,"footnotes":""},"categories":[18],"tags":[],"people":[],"extra":[],"company":[87],"topic":[],"region":[90],"class_list":["post-140126","post","type-post","status-publish","format-standard","has-post-thumbnail","hentry","category-food","company-carrefour","region-belgie"],"acf":[],"yoast_head":"<!-- This site is optimized with the Yoast SEO plugin v27.3 - https:\/\/yoast.com\/product\/yoast-seo-wordpress\/ -->\n<title>Zondagacties \u201cschot in de roos\u201d bij Carrefour Belgi\u00eb - RetailDetail BE<\/title>\n<meta name=\"description\" content=\"Carrefour Belgi\u00eb blikt zeer tevreden terug op de eerste zondagopening van haar ge\u00efntegreerde Markets en hypermarkten op 18 januari.\" \/>\n<meta name=\"robots\" content=\"index, follow, max-snippet:-1, max-image-preview:large, max-video-preview:-1\" \/>\n<link rel=\"canonical\" href=\"https:\/\/www.retaildetail.be\/nl\/news\/food\/zondagacties-schot-in-de-roos-bij-carrefour-belgie\/\" \/>\n<meta property=\"og:locale\" content=\"nl_NL\" \/>\n<meta property=\"og:type\" content=\"article\" \/>\n<meta property=\"og:title\" content=\"Zondagacties \u201cschot in de roos\u201d bij Carrefour Belgi\u00eb - RetailDetail BE\" \/>\n<meta property=\"og:description\" content=\"Carrefour Belgi\u00eb blikt zeer tevreden terug op de eerste zondagopening van haar ge\u00efntegreerde Markets en hypermarkten op 18 januari.\" \/>\n<meta property=\"og:url\" content=\"https:\/\/www.retaildetail.be\/nl\/news\/food\/zondagacties-schot-in-de-roos-bij-carrefour-belgie\/\" \/>\n<meta property=\"og:site_name\" content=\"RetailDetail BE\" \/>\n<meta property=\"article:published_time\" content=\"2026-01-19T15:37:07+00:00\" \/>\n<meta property=\"article:modified_time\" content=\"2026-01-19T15:37:08+00:00\" \/>\n<meta property=\"og:image\" content=\"https:\/\/www.retaildetail.be\/wp-content\/uploads\/2026\/01\/carrefour-welkom.jpg\" \/>\n\t<meta property=\"og:image:width\" content=\"1332\" \/>\n\t<meta property=\"og:image:height\" content=\"887\" \/>\n\t<meta property=\"og:image:type\" content=\"image\/jpeg\" \/>\n<meta name=\"author\" content=\"Stefan Van Rompaey\" \/>\n<meta name=\"twitter:card\" content=\"summary_large_image\" \/>\n<meta name=\"twitter:label1\" content=\"Geschreven door\" \/>\n\t<meta name=\"twitter:data1\" content=\"Stefan Van Rompaey\" \/>\n\t<meta name=\"twitter:label2\" content=\"Geschatte leestijd\" \/>\n\t<meta name=\"twitter:data2\" content=\"1 minuut\" \/>\n<script type=\"application\/ld+json\" class=\"yoast-schema-graph\">{\"@context\":\"https:\\\/\\\/schema.org\",\"@graph\":[{\"@type\":\"NewsArticle\",\"@id\":\"https:\\\/\\\/www.retaildetail.be\\\/nl\\\/news\\\/food\\\/zondagacties-schot-in-de-roos-bij-carrefour-belgie\\\/#article\",\"isPartOf\":{\"@id\":\"https:\\\/\\\/www.retaildetail.be\\\/nl\\\/news\\\/food\\\/zondagacties-schot-in-de-roos-bij-carrefour-belgie\\\/\"},\"author\":{\"name\":\"Stefan Van Rompaey\",\"@id\":\"https:\\\/\\\/www.retaildetail.be\\\/nl\\\/#\\\/schema\\\/person\\\/51aec6069c4416aa2f68b2e4ff3455df\"},\"headline\":\"Zondagacties \u201cschot in de roos\u201d bij Carrefour Belgi\u00eb\",\"datePublished\":\"2026-01-19T15:37:07+00:00\",\"dateModified\":\"2026-01-19T15:37:08+00:00\",\"mainEntityOfPage\":{\"@id\":\"https:\\\/\\\/www.retaildetail.be\\\/nl\\\/news\\\/food\\\/zondagacties-schot-in-de-roos-bij-carrefour-belgie\\\/\"},\"wordCount\":226,\"publisher\":{\"@id\":\"https:\\\/\\\/www.retaildetail.be\\\/nl\\\/#organization\"},\"image\":{\"@id\":\"https:\\\/\\\/www.retaildetail.be\\\/nl\\\/news\\\/food\\\/zondagacties-schot-in-de-roos-bij-carrefour-belgie\\\/#primaryimage\"},\"thumbnailUrl\":\"https:\\\/\\\/www.retaildetail.be\\\/wp-content\\\/uploads\\\/2026\\\/01\\\/carrefour-welkom.jpg\",\"articleSection\":[\"Food\"],\"inLanguage\":\"nl-NL\",\"copyrightYear\":\"2026\",\"copyrightHolder\":{\"@id\":\"https:\\\/\\\/www.retaildetail.be\\\/#organization\"}},{\"@type\":\"WebPage\",\"@id\":\"https:\\\/\\\/www.retaildetail.be\\\/nl\\\/news\\\/food\\\/zondagacties-schot-in-de-roos-bij-carrefour-belgie\\\/\",\"url\":\"https:\\\/\\\/www.retaildetail.be\\\/nl\\\/news\\\/food\\\/zondagacties-schot-in-de-roos-bij-carrefour-belgie\\\/\",\"name\":\"Zondagacties \u201cschot in de roos\u201d bij Carrefour Belgi\u00eb - RetailDetail BE\",\"isPartOf\":{\"@id\":\"https:\\\/\\\/www.retaildetail.be\\\/nl\\\/#website\"},\"primaryImageOfPage\":{\"@id\":\"https:\\\/\\\/www.retaildetail.be\\\/nl\\\/news\\\/food\\\/zondagacties-schot-in-de-roos-bij-carrefour-belgie\\\/#primaryimage\"},\"image\":{\"@id\":\"https:\\\/\\\/www.retaildetail.be\\\/nl\\\/news\\\/food\\\/zondagacties-schot-in-de-roos-bij-carrefour-belgie\\\/#primaryimage\"},\"thumbnailUrl\":\"https:\\\/\\\/www.retaildetail.be\\\/wp-content\\\/uploads\\\/2026\\\/01\\\/carrefour-welkom.jpg\",\"datePublished\":\"2026-01-19T15:37:07+00:00\",\"dateModified\":\"2026-01-19T15:37:08+00:00\",\"description\":\"Carrefour Belgi\u00eb blikt zeer tevreden terug op de eerste zondagopening van haar ge\u00efntegreerde Markets en hypermarkten op 18 januari.\",\"breadcrumb\":{\"@id\":\"https:\\\/\\\/www.retaildetail.be\\\/nl\\\/news\\\/food\\\/zondagacties-schot-in-de-roos-bij-carrefour-belgie\\\/#breadcrumb\"},\"inLanguage\":\"nl-NL\",\"potentialAction\":[{\"@type\":\"ReadAction\",\"target\":[\"https:\\\/\\\/www.retaildetail.be\\\/nl\\\/news\\\/food\\\/zondagacties-schot-in-de-roos-bij-carrefour-belgie\\\/\"]}]},{\"@type\":\"ImageObject\",\"inLanguage\":\"nl-NL\",\"@id\":\"https:\\\/\\\/www.retaildetail.be\\\/nl\\\/news\\\/food\\\/zondagacties-schot-in-de-roos-bij-carrefour-belgie\\\/#primaryimage\",\"url\":\"https:\\\/\\\/www.retaildetail.be\\\/wp-content\\\/uploads\\\/2026\\\/01\\\/carrefour-welkom.jpg\",\"contentUrl\":\"https:\\\/\\\/www.retaildetail.be\\\/wp-content\\\/uploads\\\/2026\\\/01\\\/carrefour-welkom.jpg\",\"width\":1332,\"height\":887,\"caption\":\"Carrefour Belgium\"},{\"@type\":\"BreadcrumbList\",\"@id\":\"https:\\\/\\\/www.retaildetail.be\\\/nl\\\/news\\\/food\\\/zondagacties-schot-in-de-roos-bij-carrefour-belgie\\\/#breadcrumb\",\"itemListElement\":[{\"@type\":\"ListItem\",\"position\":1,\"name\":\"Home\",\"item\":\"https:\\\/\\\/www.retaildetail.be\\\/nl\\\/\"},{\"@type\":\"ListItem\",\"position\":2,\"name\":\"Zondagacties \u201cschot in de roos\u201d bij Carrefour Belgi\u00eb\"}]},{\"@type\":\"WebSite\",\"@id\":\"https:\\\/\\\/www.retaildetail.be\\\/nl\\\/#website\",\"url\":\"https:\\\/\\\/www.retaildetail.be\\\/nl\\\/\",\"name\":\"RetailDetail BE\",\"description\":\"News\",\"publisher\":{\"@id\":\"https:\\\/\\\/www.retaildetail.be\\\/nl\\\/#organization\"},\"potentialAction\":[{\"@type\":\"SearchAction\",\"target\":{\"@type\":\"EntryPoint\",\"urlTemplate\":\"https:\\\/\\\/www.retaildetail.be\\\/nl\\\/?s={search_term_string}\"},\"query-input\":{\"@type\":\"PropertyValueSpecification\",\"valueRequired\":true,\"valueName\":\"search_term_string\"}}],\"inLanguage\":\"nl-NL\"},{\"@type\":\"Organization\",\"@id\":\"https:\\\/\\\/www.retaildetail.be\\\/nl\\\/#organization\",\"name\":\"RetailDetail BE\",\"url\":\"https:\\\/\\\/www.retaildetail.be\\\/nl\\\/\",\"logo\":{\"@type\":\"ImageObject\",\"inLanguage\":\"nl-NL\",\"@id\":\"https:\\\/\\\/www.retaildetail.be\\\/nl\\\/#\\\/schema\\\/logo\\\/image\\\/\",\"url\":\"https:\\\/\\\/www.retaildetail.be\\\/wp-content\\\/uploads\\\/2022\\\/04\\\/logo.svg\",\"contentUrl\":\"https:\\\/\\\/www.retaildetail.be\\\/wp-content\\\/uploads\\\/2022\\\/04\\\/logo.svg\",\"width\":131,\"height\":70,\"caption\":\"RetailDetail BE\"},\"image\":{\"@id\":\"https:\\\/\\\/www.retaildetail.be\\\/nl\\\/#\\\/schema\\\/logo\\\/image\\\/\"}},{\"@type\":\"Person\",\"@id\":\"https:\\\/\\\/www.retaildetail.be\\\/nl\\\/#\\\/schema\\\/person\\\/51aec6069c4416aa2f68b2e4ff3455df\",\"name\":\"Stefan Van Rompaey\",\"image\":{\"@type\":\"ImageObject\",\"inLanguage\":\"nl-NL\",\"@id\":\"https:\\\/\\\/secure.gravatar.com\\\/avatar\\\/fbbb4a80a0f109888b2a5ab8ae255617499ecde533749b3ab2fa6c23b5d65dac?s=96&d=mm&r=g\",\"url\":\"https:\\\/\\\/secure.gravatar.com\\\/avatar\\\/fbbb4a80a0f109888b2a5ab8ae255617499ecde533749b3ab2fa6c23b5d65dac?s=96&d=mm&r=g\",\"contentUrl\":\"https:\\\/\\\/secure.gravatar.com\\\/avatar\\\/fbbb4a80a0f109888b2a5ab8ae255617499ecde533749b3ab2fa6c23b5d65dac?s=96&d=mm&r=g\",\"caption\":\"Stefan Van Rompaey\"},\"url\":\"https:\\\/\\\/www.retaildetail.be\\\/nl\\\/author\\\/stefanvanrompaey\\\/\"}]}<\/script>\n<!-- \/ Yoast SEO plugin. -->","yoast_head_json":{"title":"Zondagacties \u201cschot in de roos\u201d bij Carrefour Belgi\u00eb - RetailDetail BE","description":"Carrefour Belgi\u00eb blikt zeer tevreden terug op de eerste zondagopening van haar ge\u00efntegreerde Markets en hypermarkten op 18 januari.","robots":{"index":"index","follow":"follow","max-snippet":"max-snippet:-1","max-image-preview":"max-image-preview:large","max-video-preview":"max-video-preview:-1"},"canonical":"https:\/\/www.retaildetail.be\/nl\/news\/food\/zondagacties-schot-in-de-roos-bij-carrefour-belgie\/","og_locale":"nl_NL","og_type":"article","og_title":"Zondagacties \u201cschot in de roos\u201d bij Carrefour Belgi\u00eb - RetailDetail BE","og_description":"Carrefour Belgi\u00eb blikt zeer tevreden terug op de eerste zondagopening van haar ge\u00efntegreerde Markets en hypermarkten op 18 januari.","og_url":"https:\/\/www.retaildetail.be\/nl\/news\/food\/zondagacties-schot-in-de-roos-bij-carrefour-belgie\/","og_site_name":"RetailDetail BE","article_published_time":"2026-01-19T15:37:07+00:00","article_modified_time":"2026-01-19T15:37:08+00:00","og_image":[{"width":1332,"height":887,"url":"https:\/\/www.retaildetail.be\/wp-content\/uploads\/2026\/01\/carrefour-welkom.jpg","type":"image\/jpeg"}],"author":"Stefan Van Rompaey","twitter_card":"summary_large_image","twitter_misc":{"Geschreven door":"Stefan Van Rompaey","Geschatte leestijd":"1 minuut"},"schema":{"@context":"https:\/\/schema.org","@graph":[{"@type":"NewsArticle","@id":"https:\/\/www.retaildetail.be\/nl\/news\/food\/zondagacties-schot-in-de-roos-bij-carrefour-belgie\/#article","isPartOf":{"@id":"https:\/\/www.retaildetail.be\/nl\/news\/food\/zondagacties-schot-in-de-roos-bij-carrefour-belgie\/"},"author":{"name":"Stefan Van Rompaey","@id":"https:\/\/www.retaildetail.be\/nl\/#\/schema\/person\/51aec6069c4416aa2f68b2e4ff3455df"},"headline":"Zondagacties \u201cschot in de roos\u201d bij Carrefour Belgi\u00eb","datePublished":"2026-01-19T15:37:07+00:00","dateModified":"2026-01-19T15:37:08+00:00","mainEntityOfPage":{"@id":"https:\/\/www.retaildetail.be\/nl\/news\/food\/zondagacties-schot-in-de-roos-bij-carrefour-belgie\/"},"wordCount":226,"publisher":{"@id":"https:\/\/www.retaildetail.be\/nl\/#organization"},"image":{"@id":"https:\/\/www.retaildetail.be\/nl\/news\/food\/zondagacties-schot-in-de-roos-bij-carrefour-belgie\/#primaryimage"},"thumbnailUrl":"https:\/\/www.retaildetail.be\/wp-content\/uploads\/2026\/01\/carrefour-welkom.jpg","articleSection":["Food"],"inLanguage":"nl-NL","copyrightYear":"2026","copyrightHolder":{"@id":"https:\/\/www.retaildetail.be\/#organization"}},{"@type":"WebPage","@id":"https:\/\/www.retaildetail.be\/nl\/news\/food\/zondagacties-schot-in-de-roos-bij-carrefour-belgie\/","url":"https:\/\/www.retaildetail.be\/nl\/news\/food\/zondagacties-schot-in-de-roos-bij-carrefour-belgie\/","name":"Zondagacties \u201cschot in de roos\u201d bij Carrefour Belgi\u00eb - RetailDetail BE","isPartOf":{"@id":"https:\/\/www.retaildetail.be\/nl\/#website"},"primaryImageOfPage":{"@id":"https:\/\/www.retaildetail.be\/nl\/news\/food\/zondagacties-schot-in-de-roos-bij-carrefour-belgie\/#primaryimage"},"image":{"@id":"https:\/\/www.retaildetail.be\/nl\/news\/food\/zondagacties-schot-in-de-roos-bij-carrefour-belgie\/#primaryimage"},"thumbnailUrl":"https:\/\/www.retaildetail.be\/wp-content\/uploads\/2026\/01\/carrefour-welkom.jpg","datePublished":"2026-01-19T15:37:07+00:00","dateModified":"2026-01-19T15:37:08+00:00","description":"Carrefour Belgi\u00eb blikt zeer tevreden terug op de eerste zondagopening van haar ge\u00efntegreerde Markets en hypermarkten op 18 januari.","breadcrumb":{"@id":"https:\/\/www.retaildetail.be\/nl\/news\/food\/zondagacties-schot-in-de-roos-bij-carrefour-belgie\/#breadcrumb"},"inLanguage":"nl-NL","potentialAction":[{"@type":"ReadAction","target":["https:\/\/www.retaildetail.be\/nl\/news\/food\/zondagacties-schot-in-de-roos-bij-carrefour-belgie\/"]}]},{"@type":"ImageObject","inLanguage":"nl-NL","@id":"https:\/\/www.retaildetail.be\/nl\/news\/food\/zondagacties-schot-in-de-roos-bij-carrefour-belgie\/#primaryimage","url":"https:\/\/www.retaildetail.be\/wp-content\/uploads\/2026\/01\/carrefour-welkom.jpg","contentUrl":"https:\/\/www.retaildetail.be\/wp-content\/uploads\/2026\/01\/carrefour-welkom.jpg","width":1332,"height":887,"caption":"Carrefour Belgium"},{"@type":"BreadcrumbList","@id":"https:\/\/www.retaildetail.be\/nl\/news\/food\/zondagacties-schot-in-de-roos-bij-carrefour-belgie\/#breadcrumb","itemListElement":[{"@type":"ListItem","position":1,"name":"Home","item":"https:\/\/www.retaildetail.be\/nl\/"},{"@type":"ListItem","position":2,"name":"Zondagacties \u201cschot in de roos\u201d bij Carrefour Belgi\u00eb"}]},{"@type":"WebSite","@id":"https:\/\/www.retaildetail.be\/nl\/#website","url":"https:\/\/www.retaildetail.be\/nl\/","name":"RetailDetail BE","description":"News","publisher":{"@id":"https:\/\/www.retaildetail.be\/nl\/#organization"},"potentialAction":[{"@type":"SearchAction","target":{"@type":"EntryPoint","urlTemplate":"https:\/\/www.retaildetail.be\/nl\/?s={search_term_string}"},"query-input":{"@type":"PropertyValueSpecification","valueRequired":true,"valueName":"search_term_string"}}],"inLanguage":"nl-NL"},{"@type":"Organization","@id":"https:\/\/www.retaildetail.be\/nl\/#organization","name":"RetailDetail BE","url":"https:\/\/www.retaildetail.be\/nl\/","logo":{"@type":"ImageObject","inLanguage":"nl-NL","@id":"https:\/\/www.retaildetail.be\/nl\/#\/schema\/logo\/image\/","url":"https:\/\/www.retaildetail.be\/wp-content\/uploads\/2022\/04\/logo.svg","contentUrl":"https:\/\/www.retaildetail.be\/wp-content\/uploads\/2022\/04\/logo.svg","width":131,"height":70,"caption":"RetailDetail BE"},"image":{"@id":"https:\/\/www.retaildetail.be\/nl\/#\/schema\/logo\/image\/"}},{"@type":"Person","@id":"https:\/\/www.retaildetail.be\/nl\/#\/schema\/person\/51aec6069c4416aa2f68b2e4ff3455df","name":"Stefan Van Rompaey","image":{"@type":"ImageObject","inLanguage":"nl-NL","@id":"https:\/\/secure.gravatar.com\/avatar\/fbbb4a80a0f109888b2a5ab8ae255617499ecde533749b3ab2fa6c23b5d65dac?s=96&d=mm&r=g","url":"https:\/\/secure.gravatar.com\/avatar\/fbbb4a80a0f109888b2a5ab8ae255617499ecde533749b3ab2fa6c23b5d65dac?s=96&d=mm&r=g","contentUrl":"https:\/\/secure.gravatar.com\/avatar\/fbbb4a80a0f109888b2a5ab8ae255617499ecde533749b3ab2fa6c23b5d65dac?s=96&d=mm&r=g","caption":"Stefan Van Rompaey"},"url":"https:\/\/www.retaildetail.be\/nl\/author\/stefanvanrompaey\/"}]}},"jetpack_featured_media_url":"https:\/\/www.retaildetail.be\/wp-content\/uploads\/2026\/01\/carrefour-welkom.jpg","jetpack_sharing_enabled":true,"_links":{"self":[{"href":"https:\/\/www.retaildetail.be\/nl\/wp-json\/wp\/v2\/posts\/140126","targetHints":{"allow":["GET"]}}],"collection":[{"href":"https:\/\/www.retaildetail.be\/nl\/wp-json\/wp\/v2\/posts"}],"about":[{"href":"https:\/\/www.retaildetail.be\/nl\/wp-json\/wp\/v2\/types\/post"}],"author":[{"embeddable":true,"href":"https:\/\/www.retaildetail.be\/nl\/wp-json\/wp\/v2\/users\/3"}],"replies":[{"embeddable":true,"href":"https:\/\/www.retaildetail.be\/nl\/wp-json\/wp\/v2\/comments?post=140126"}],"version-history":[{"count":1,"href":"https:\/\/www.retaildetail.be\/nl\/wp-json\/wp\/v2\/posts\/140126\/revisions"}],"predecessor-version":[{"id":140129,"href":"https:\/\/www.retaildetail.be\/nl\/wp-json\/wp\/v2\/posts\/140126\/revisions\/140129"}],"wp:featuredmedia":[{"embeddable":true,"href":"https:\/\/www.retaildetail.be\/nl\/wp-json\/wp\/v2\/media\/140127"}],"wp:attachment":[{"href":"https:\/\/www.retaildetail.be\/nl\/wp-json\/wp\/v2\/media?parent=140126"}],"wp:term":[{"taxonomy":"category","embeddable":true,"href":"https:\/\/www.retaildetail.be\/nl\/wp-json\/wp\/v2\/categories?post=140126"},{"taxonomy":"post_tag","embeddable":true,"href":"https:\/\/www.retaildetail.be\/nl\/wp-json\/wp\/v2\/tags?post=140126"},{"taxonomy":"people","embeddable":true,"href":"https:\/\/www.retaildetail.be\/nl\/wp-json\/wp\/v2\/people?post=140126"},{"taxonomy":"extra","embeddable":true,"href":"https:\/\/www.retaildetail.be\/nl\/wp-json\/wp\/v2\/extra?post=140126"},{"taxonomy":"company","embeddable":true,"href":"https:\/\/www.retaildetail.be\/nl\/wp-json\/wp\/v2\/company?post=140126"},{"taxonomy":"topic","embeddable":true,"href":"https:\/\/www.retaildetail.be\/nl\/wp-json\/wp\/v2\/topic?post=140126"},{"taxonomy":"region","embeddable":true,"href":"https:\/\/www.retaildetail.be\/nl\/wp-json\/wp\/v2\/region?post=140126"}],"curies":[{"name":"wp","href":"https:\/\/api.w.org\/{rel}","templated":true}]}}