{"id":1419,"date":"2012-03-02T13:54:42","date_gmt":"2012-03-02T13:54:42","guid":{"rendered":"https:\/\/www.retaildetail.be\/wonen\/deense-keukenfabrikant-kvik-opent-16e-winkel-ons-land\/"},"modified":"2012-03-02T13:54:42","modified_gmt":"2012-03-02T13:54:42","slug":"deense-keukenfabrikant-kvik-opent-16e-winkel-ons-land","status":"publish","type":"post","link":"https:\/\/www.retaildetail.be\/nl\/news\/wonen\/deense-keukenfabrikant-kvik-opent-16e-winkel-ons-land\/","title":{"rendered":"Deense keukenfabrikant Kvik opent 16e winkel in ons land"},"content":{"rendered":"<p>De Kvik in Jemappes is meteen de eerste ter wereld die uitpakt met het vernieuwde\u00a0winkelconcept. &#8220;Dat werd ontworpen\u00a0om de klanten, bij hun bezoek aan de winkel,\u00a0de best mogelijke ervaring\u00a0en idee\u00ebn\u00a0te geven\u00a0om hun wildste designdromen te helpen verwezenlijken&#8221;, klinkt het bij Kvik.\u00a0<\/p>\n<p>\u00a0<\/p>\n<h2>Verder groeien in Frankrijk en Belgi\u00eb<\/h2>\n<p>De keten telt vandaag al ruim 120 vestigingen in Finland, Noorwegen, Denemarken, Nederland, Belgi\u00eb, Spanje en Thailand. <a href=\"http:\/\/www.observatoiredelafranchise.fr\/interviews-kvik\/en-2012-nous-prevoyons-d-ouvrir-6-magasins-franchises-en-france-2693-1439.htm\" target=\"_blank\" rel=\"noopener\">Dit jaar start de verovering van Frankrijk<\/a>, waar Kvik nog voor het einde van het jaar 6 franchisewinkels wil openen. Ook in ons land wil Kvik nog sterk groeien: zo is de keten\u00a0<a href=\"http:\/\/www.kvik.be\/nl-BE\/Over-Kvik\/Kvik-zoekt-franchisenemers\" target=\"_blank\" rel=\"noopener\">momenteel op zoek naar zeven franchisenemers<\/a> voor Aalst, Aarlen, Luik, Marche-en-Famenne, Oostende, Roeselare en Sint-Niklaas.<\/p>\n<p>\u00a0<\/p>\n<p>Kvik maakt deel uit van de Zweedse groep Ballingsl\u00f6v, de Scandinavische nummer \u00e9\u00e9n in keukens en badkamers. De keten werd opgericht in 1983 als reactie op de manier waarop de gevestige keukenbrachne met haar klanten omging: lange levertijden, ondoorzichtige verkoopprocessen en hoge prijzen. Daarom profileert Kvik zich met transparante en lage nettoprijzen, net als bij Ikea. Ook bij Kvik kan de klant overigens zijn keukens in platte dozen meenemen en thuis zelf in elkaar knutselen&#8230; tenzij die klant liever een beroep doet op de installateurs\u00a0van het bedrijf zelf. Kvik realiseerde in 2010 een omzet van 114 miljoen euro.<\/p>\n","protected":false},"excerpt":{"rendered":"<p>De Kvik in Jemappes is meteen de eerste ter wereld die uitpakt met het vernieuwde\u00a0winkelconcept. &#8220;Dat werd ontworpen\u00a0om de klanten, bij hun bezoek aan de winkel,\u00a0de best mogelijke ervaring\u00a0en idee\u00ebn\u00a0te geven\u00a0om hun wildste designdromen te helpen verwezenlijken&#8221;, klinkt het bij Kvik.\u00a0 \u00a0 Verder groeien in Frankrijk en Belgi\u00eb De keten telt vandaag al ruim 120 [&hellip;]<\/p>\n","protected":false},"author":1,"featured_media":84,"comment_status":"closed","ping_status":"closed","sticky":false,"template":"","format":"standard","meta":{"_acf_changed":false,"inline_featured_image":false,"_jetpack_memberships_contains_paid_content":false,"footnotes":""},"categories":[21],"tags":[],"people":[],"extra":[],"company":[],"topic":[],"region":[],"class_list":["post-1419","post","type-post","status-publish","format-standard","has-post-thumbnail","hentry","category-wonen"],"acf":[],"yoast_head":"<!-- This site is optimized with the Yoast SEO plugin v27.3 - https:\/\/yoast.com\/product\/yoast-seo-wordpress\/ -->\n<title>Deense keukenfabrikant Kvik opent 16e winkel in ons land - RetailDetail BE<\/title>\n<meta name=\"robots\" content=\"index, follow, max-snippet:-1, max-image-preview:large, max-video-preview:-1\" \/>\n<link rel=\"canonical\" href=\"https:\/\/www.retaildetail.be\/nl\/news\/wonen\/deense-keukenfabrikant-kvik-opent-16e-winkel-ons-land\/\" \/>\n<meta property=\"og:locale\" content=\"nl_NL\" \/>\n<meta property=\"og:type\" content=\"article\" \/>\n<meta property=\"og:title\" content=\"Deense keukenfabrikant Kvik opent 16e winkel in ons land - RetailDetail BE\" \/>\n<meta property=\"og:description\" content=\"De Kvik in Jemappes is meteen de eerste ter wereld die uitpakt met het vernieuwde\u00a0winkelconcept. &#8220;Dat werd ontworpen\u00a0om de klanten, bij hun bezoek aan de winkel,\u00a0de best mogelijke ervaring\u00a0en idee\u00ebn\u00a0te geven\u00a0om hun wildste designdromen te helpen verwezenlijken&#8221;, klinkt het bij Kvik.\u00a0 \u00a0 Verder groeien in Frankrijk en Belgi\u00eb De keten telt vandaag al ruim 120 [&hellip;]\" \/>\n<meta property=\"og:url\" content=\"https:\/\/www.retaildetail.be\/nl\/news\/wonen\/deense-keukenfabrikant-kvik-opent-16e-winkel-ons-land\/\" \/>\n<meta property=\"og:site_name\" content=\"RetailDetail BE\" \/>\n<meta property=\"article:published_time\" content=\"2012-03-02T13:54:42+00:00\" \/>\n<meta property=\"og:image\" content=\"https:\/\/i0.wp.com\/www.retaildetail.be\/wp-content\/uploads\/2022\/04\/logo.png?fit=281%2C147&quality=100&strip=all&ssl=1\" \/>\n\t<meta property=\"og:image:width\" content=\"281\" \/>\n\t<meta property=\"og:image:height\" content=\"147\" \/>\n\t<meta property=\"og:image:type\" content=\"image\/png\" \/>\n<meta name=\"author\" content=\"dev@grandiz.com\" \/>\n<meta name=\"twitter:card\" content=\"summary_large_image\" \/>\n<meta name=\"twitter:label1\" content=\"Geschreven door\" \/>\n\t<meta name=\"twitter:data1\" content=\"dev@grandiz.com\" \/>\n\t<meta name=\"twitter:label2\" content=\"Geschatte leestijd\" \/>\n\t<meta name=\"twitter:data2\" content=\"1 minuut\" \/>\n<script type=\"application\/ld+json\" class=\"yoast-schema-graph\">{\"@context\":\"https:\\\/\\\/schema.org\",\"@graph\":[{\"@type\":\"NewsArticle\",\"@id\":\"https:\\\/\\\/www.retaildetail.be\\\/nl\\\/news\\\/wonen\\\/deense-keukenfabrikant-kvik-opent-16e-winkel-ons-land\\\/#article\",\"isPartOf\":{\"@id\":\"https:\\\/\\\/www.retaildetail.be\\\/nl\\\/news\\\/wonen\\\/deense-keukenfabrikant-kvik-opent-16e-winkel-ons-land\\\/\"},\"author\":{\"name\":\"dev@grandiz.com\",\"@id\":\"https:\\\/\\\/www.retaildetail.be\\\/nl\\\/#\\\/schema\\\/person\\\/ba2d383452a753a3a1ce8cdb349b5fc9\"},\"headline\":\"Deense keukenfabrikant Kvik opent 16e winkel in ons land\",\"datePublished\":\"2012-03-02T13:54:42+00:00\",\"mainEntityOfPage\":{\"@id\":\"https:\\\/\\\/www.retaildetail.be\\\/nl\\\/news\\\/wonen\\\/deense-keukenfabrikant-kvik-opent-16e-winkel-ons-land\\\/\"},\"wordCount\":223,\"publisher\":{\"@id\":\"https:\\\/\\\/www.retaildetail.be\\\/nl\\\/#organization\"},\"image\":{\"@id\":\"https:\\\/\\\/www.retaildetail.be\\\/nl\\\/news\\\/wonen\\\/deense-keukenfabrikant-kvik-opent-16e-winkel-ons-land\\\/#primaryimage\"},\"thumbnailUrl\":\"https:\\\/\\\/www.retaildetail.be\\\/wp-content\\\/uploads\\\/2022\\\/04\\\/logo.png\",\"articleSection\":[\"Wonen\"],\"inLanguage\":\"nl-NL\",\"copyrightYear\":\"2012\",\"copyrightHolder\":{\"@id\":\"https:\\\/\\\/www.retaildetail.be\\\/#organization\"}},{\"@type\":\"WebPage\",\"@id\":\"https:\\\/\\\/www.retaildetail.be\\\/nl\\\/news\\\/wonen\\\/deense-keukenfabrikant-kvik-opent-16e-winkel-ons-land\\\/\",\"url\":\"https:\\\/\\\/www.retaildetail.be\\\/nl\\\/news\\\/wonen\\\/deense-keukenfabrikant-kvik-opent-16e-winkel-ons-land\\\/\",\"name\":\"Deense keukenfabrikant Kvik opent 16e winkel in ons land - RetailDetail BE\",\"isPartOf\":{\"@id\":\"https:\\\/\\\/www.retaildetail.be\\\/nl\\\/#website\"},\"primaryImageOfPage\":{\"@id\":\"https:\\\/\\\/www.retaildetail.be\\\/nl\\\/news\\\/wonen\\\/deense-keukenfabrikant-kvik-opent-16e-winkel-ons-land\\\/#primaryimage\"},\"image\":{\"@id\":\"https:\\\/\\\/www.retaildetail.be\\\/nl\\\/news\\\/wonen\\\/deense-keukenfabrikant-kvik-opent-16e-winkel-ons-land\\\/#primaryimage\"},\"thumbnailUrl\":\"https:\\\/\\\/www.retaildetail.be\\\/wp-content\\\/uploads\\\/2022\\\/04\\\/logo.png\",\"datePublished\":\"2012-03-02T13:54:42+00:00\",\"breadcrumb\":{\"@id\":\"https:\\\/\\\/www.retaildetail.be\\\/nl\\\/news\\\/wonen\\\/deense-keukenfabrikant-kvik-opent-16e-winkel-ons-land\\\/#breadcrumb\"},\"inLanguage\":\"nl-NL\",\"potentialAction\":[{\"@type\":\"ReadAction\",\"target\":[\"https:\\\/\\\/www.retaildetail.be\\\/nl\\\/news\\\/wonen\\\/deense-keukenfabrikant-kvik-opent-16e-winkel-ons-land\\\/\"]}]},{\"@type\":\"ImageObject\",\"inLanguage\":\"nl-NL\",\"@id\":\"https:\\\/\\\/www.retaildetail.be\\\/nl\\\/news\\\/wonen\\\/deense-keukenfabrikant-kvik-opent-16e-winkel-ons-land\\\/#primaryimage\",\"url\":\"https:\\\/\\\/www.retaildetail.be\\\/wp-content\\\/uploads\\\/2022\\\/04\\\/logo.png\",\"contentUrl\":\"https:\\\/\\\/www.retaildetail.be\\\/wp-content\\\/uploads\\\/2022\\\/04\\\/logo.png\",\"width\":281,\"height\":147},{\"@type\":\"BreadcrumbList\",\"@id\":\"https:\\\/\\\/www.retaildetail.be\\\/nl\\\/news\\\/wonen\\\/deense-keukenfabrikant-kvik-opent-16e-winkel-ons-land\\\/#breadcrumb\",\"itemListElement\":[{\"@type\":\"ListItem\",\"position\":1,\"name\":\"Home\",\"item\":\"https:\\\/\\\/www.retaildetail.be\\\/nl\\\/\"},{\"@type\":\"ListItem\",\"position\":2,\"name\":\"Deense keukenfabrikant Kvik opent 16e winkel in ons land\"}]},{\"@type\":\"WebSite\",\"@id\":\"https:\\\/\\\/www.retaildetail.be\\\/nl\\\/#website\",\"url\":\"https:\\\/\\\/www.retaildetail.be\\\/nl\\\/\",\"name\":\"RetailDetail BE\",\"description\":\"News\",\"publisher\":{\"@id\":\"https:\\\/\\\/www.retaildetail.be\\\/nl\\\/#organization\"},\"potentialAction\":[{\"@type\":\"SearchAction\",\"target\":{\"@type\":\"EntryPoint\",\"urlTemplate\":\"https:\\\/\\\/www.retaildetail.be\\\/nl\\\/?s={search_term_string}\"},\"query-input\":{\"@type\":\"PropertyValueSpecification\",\"valueRequired\":true,\"valueName\":\"search_term_string\"}}],\"inLanguage\":\"nl-NL\"},{\"@type\":\"Organization\",\"@id\":\"https:\\\/\\\/www.retaildetail.be\\\/nl\\\/#organization\",\"name\":\"RetailDetail BE\",\"url\":\"https:\\\/\\\/www.retaildetail.be\\\/nl\\\/\",\"logo\":{\"@type\":\"ImageObject\",\"inLanguage\":\"nl-NL\",\"@id\":\"https:\\\/\\\/www.retaildetail.be\\\/nl\\\/#\\\/schema\\\/logo\\\/image\\\/\",\"url\":\"https:\\\/\\\/www.retaildetail.be\\\/wp-content\\\/uploads\\\/2022\\\/04\\\/logo.svg\",\"contentUrl\":\"https:\\\/\\\/www.retaildetail.be\\\/wp-content\\\/uploads\\\/2022\\\/04\\\/logo.svg\",\"width\":131,\"height\":70,\"caption\":\"RetailDetail BE\"},\"image\":{\"@id\":\"https:\\\/\\\/www.retaildetail.be\\\/nl\\\/#\\\/schema\\\/logo\\\/image\\\/\"}},{\"@type\":\"Person\",\"@id\":\"https:\\\/\\\/www.retaildetail.be\\\/nl\\\/#\\\/schema\\\/person\\\/ba2d383452a753a3a1ce8cdb349b5fc9\",\"name\":\"dev@grandiz.com\",\"image\":{\"@type\":\"ImageObject\",\"inLanguage\":\"nl-NL\",\"@id\":\"https:\\\/\\\/secure.gravatar.com\\\/avatar\\\/5f53ce9fb6eed4a60e5aaaa712be8773880fa9459d9cac9bc4aa4fdbce3f447f?s=96&d=mm&r=g\",\"url\":\"https:\\\/\\\/secure.gravatar.com\\\/avatar\\\/5f53ce9fb6eed4a60e5aaaa712be8773880fa9459d9cac9bc4aa4fdbce3f447f?s=96&d=mm&r=g\",\"contentUrl\":\"https:\\\/\\\/secure.gravatar.com\\\/avatar\\\/5f53ce9fb6eed4a60e5aaaa712be8773880fa9459d9cac9bc4aa4fdbce3f447f?s=96&d=mm&r=g\",\"caption\":\"dev@grandiz.com\"},\"sameAs\":[\"http:\\\/\\\/preprod.retaildetail.be\"],\"url\":\"https:\\\/\\\/www.retaildetail.be\\\/nl\\\/author\\\/devgrandiz-com\\\/\"}]}<\/script>\n<!-- \/ Yoast SEO plugin. -->","yoast_head_json":{"title":"Deense keukenfabrikant Kvik opent 16e winkel in ons land - RetailDetail BE","robots":{"index":"index","follow":"follow","max-snippet":"max-snippet:-1","max-image-preview":"max-image-preview:large","max-video-preview":"max-video-preview:-1"},"canonical":"https:\/\/www.retaildetail.be\/nl\/news\/wonen\/deense-keukenfabrikant-kvik-opent-16e-winkel-ons-land\/","og_locale":"nl_NL","og_type":"article","og_title":"Deense keukenfabrikant Kvik opent 16e winkel in ons land - RetailDetail BE","og_description":"De Kvik in Jemappes is meteen de eerste ter wereld die uitpakt met het vernieuwde\u00a0winkelconcept. &#8220;Dat werd ontworpen\u00a0om de klanten, bij hun bezoek aan de winkel,\u00a0de best mogelijke ervaring\u00a0en idee\u00ebn\u00a0te geven\u00a0om hun wildste designdromen te helpen verwezenlijken&#8221;, klinkt het bij Kvik.\u00a0 \u00a0 Verder groeien in Frankrijk en Belgi\u00eb De keten telt vandaag al ruim 120 [&hellip;]","og_url":"https:\/\/www.retaildetail.be\/nl\/news\/wonen\/deense-keukenfabrikant-kvik-opent-16e-winkel-ons-land\/","og_site_name":"RetailDetail BE","article_published_time":"2012-03-02T13:54:42+00:00","og_image":[{"width":281,"height":147,"url":"https:\/\/i0.wp.com\/www.retaildetail.be\/wp-content\/uploads\/2022\/04\/logo.png?fit=281%2C147&quality=100&strip=all&ssl=1","type":"image\/png"}],"author":"dev@grandiz.com","twitter_card":"summary_large_image","twitter_misc":{"Geschreven door":"dev@grandiz.com","Geschatte leestijd":"1 minuut"},"schema":{"@context":"https:\/\/schema.org","@graph":[{"@type":"NewsArticle","@id":"https:\/\/www.retaildetail.be\/nl\/news\/wonen\/deense-keukenfabrikant-kvik-opent-16e-winkel-ons-land\/#article","isPartOf":{"@id":"https:\/\/www.retaildetail.be\/nl\/news\/wonen\/deense-keukenfabrikant-kvik-opent-16e-winkel-ons-land\/"},"author":{"name":"dev@grandiz.com","@id":"https:\/\/www.retaildetail.be\/nl\/#\/schema\/person\/ba2d383452a753a3a1ce8cdb349b5fc9"},"headline":"Deense keukenfabrikant Kvik opent 16e winkel in ons land","datePublished":"2012-03-02T13:54:42+00:00","mainEntityOfPage":{"@id":"https:\/\/www.retaildetail.be\/nl\/news\/wonen\/deense-keukenfabrikant-kvik-opent-16e-winkel-ons-land\/"},"wordCount":223,"publisher":{"@id":"https:\/\/www.retaildetail.be\/nl\/#organization"},"image":{"@id":"https:\/\/www.retaildetail.be\/nl\/news\/wonen\/deense-keukenfabrikant-kvik-opent-16e-winkel-ons-land\/#primaryimage"},"thumbnailUrl":"https:\/\/www.retaildetail.be\/wp-content\/uploads\/2022\/04\/logo.png","articleSection":["Wonen"],"inLanguage":"nl-NL","copyrightYear":"2012","copyrightHolder":{"@id":"https:\/\/www.retaildetail.be\/#organization"}},{"@type":"WebPage","@id":"https:\/\/www.retaildetail.be\/nl\/news\/wonen\/deense-keukenfabrikant-kvik-opent-16e-winkel-ons-land\/","url":"https:\/\/www.retaildetail.be\/nl\/news\/wonen\/deense-keukenfabrikant-kvik-opent-16e-winkel-ons-land\/","name":"Deense keukenfabrikant Kvik opent 16e winkel in ons land - RetailDetail BE","isPartOf":{"@id":"https:\/\/www.retaildetail.be\/nl\/#website"},"primaryImageOfPage":{"@id":"https:\/\/www.retaildetail.be\/nl\/news\/wonen\/deense-keukenfabrikant-kvik-opent-16e-winkel-ons-land\/#primaryimage"},"image":{"@id":"https:\/\/www.retaildetail.be\/nl\/news\/wonen\/deense-keukenfabrikant-kvik-opent-16e-winkel-ons-land\/#primaryimage"},"thumbnailUrl":"https:\/\/www.retaildetail.be\/wp-content\/uploads\/2022\/04\/logo.png","datePublished":"2012-03-02T13:54:42+00:00","breadcrumb":{"@id":"https:\/\/www.retaildetail.be\/nl\/news\/wonen\/deense-keukenfabrikant-kvik-opent-16e-winkel-ons-land\/#breadcrumb"},"inLanguage":"nl-NL","potentialAction":[{"@type":"ReadAction","target":["https:\/\/www.retaildetail.be\/nl\/news\/wonen\/deense-keukenfabrikant-kvik-opent-16e-winkel-ons-land\/"]}]},{"@type":"ImageObject","inLanguage":"nl-NL","@id":"https:\/\/www.retaildetail.be\/nl\/news\/wonen\/deense-keukenfabrikant-kvik-opent-16e-winkel-ons-land\/#primaryimage","url":"https:\/\/www.retaildetail.be\/wp-content\/uploads\/2022\/04\/logo.png","contentUrl":"https:\/\/www.retaildetail.be\/wp-content\/uploads\/2022\/04\/logo.png","width":281,"height":147},{"@type":"BreadcrumbList","@id":"https:\/\/www.retaildetail.be\/nl\/news\/wonen\/deense-keukenfabrikant-kvik-opent-16e-winkel-ons-land\/#breadcrumb","itemListElement":[{"@type":"ListItem","position":1,"name":"Home","item":"https:\/\/www.retaildetail.be\/nl\/"},{"@type":"ListItem","position":2,"name":"Deense keukenfabrikant Kvik opent 16e winkel in ons land"}]},{"@type":"WebSite","@id":"https:\/\/www.retaildetail.be\/nl\/#website","url":"https:\/\/www.retaildetail.be\/nl\/","name":"RetailDetail BE","description":"News","publisher":{"@id":"https:\/\/www.retaildetail.be\/nl\/#organization"},"potentialAction":[{"@type":"SearchAction","target":{"@type":"EntryPoint","urlTemplate":"https:\/\/www.retaildetail.be\/nl\/?s={search_term_string}"},"query-input":{"@type":"PropertyValueSpecification","valueRequired":true,"valueName":"search_term_string"}}],"inLanguage":"nl-NL"},{"@type":"Organization","@id":"https:\/\/www.retaildetail.be\/nl\/#organization","name":"RetailDetail BE","url":"https:\/\/www.retaildetail.be\/nl\/","logo":{"@type":"ImageObject","inLanguage":"nl-NL","@id":"https:\/\/www.retaildetail.be\/nl\/#\/schema\/logo\/image\/","url":"https:\/\/www.retaildetail.be\/wp-content\/uploads\/2022\/04\/logo.svg","contentUrl":"https:\/\/www.retaildetail.be\/wp-content\/uploads\/2022\/04\/logo.svg","width":131,"height":70,"caption":"RetailDetail BE"},"image":{"@id":"https:\/\/www.retaildetail.be\/nl\/#\/schema\/logo\/image\/"}},{"@type":"Person","@id":"https:\/\/www.retaildetail.be\/nl\/#\/schema\/person\/ba2d383452a753a3a1ce8cdb349b5fc9","name":"dev@grandiz.com","image":{"@type":"ImageObject","inLanguage":"nl-NL","@id":"https:\/\/secure.gravatar.com\/avatar\/5f53ce9fb6eed4a60e5aaaa712be8773880fa9459d9cac9bc4aa4fdbce3f447f?s=96&d=mm&r=g","url":"https:\/\/secure.gravatar.com\/avatar\/5f53ce9fb6eed4a60e5aaaa712be8773880fa9459d9cac9bc4aa4fdbce3f447f?s=96&d=mm&r=g","contentUrl":"https:\/\/secure.gravatar.com\/avatar\/5f53ce9fb6eed4a60e5aaaa712be8773880fa9459d9cac9bc4aa4fdbce3f447f?s=96&d=mm&r=g","caption":"dev@grandiz.com"},"sameAs":["http:\/\/preprod.retaildetail.be"],"url":"https:\/\/www.retaildetail.be\/nl\/author\/devgrandiz-com\/"}]}},"jetpack_featured_media_url":"https:\/\/www.retaildetail.be\/wp-content\/uploads\/2022\/04\/logo.png","jetpack_sharing_enabled":true,"_links":{"self":[{"href":"https:\/\/www.retaildetail.be\/nl\/wp-json\/wp\/v2\/posts\/1419","targetHints":{"allow":["GET"]}}],"collection":[{"href":"https:\/\/www.retaildetail.be\/nl\/wp-json\/wp\/v2\/posts"}],"about":[{"href":"https:\/\/www.retaildetail.be\/nl\/wp-json\/wp\/v2\/types\/post"}],"author":[{"embeddable":true,"href":"https:\/\/www.retaildetail.be\/nl\/wp-json\/wp\/v2\/users\/1"}],"replies":[{"embeddable":true,"href":"https:\/\/www.retaildetail.be\/nl\/wp-json\/wp\/v2\/comments?post=1419"}],"version-history":[{"count":0,"href":"https:\/\/www.retaildetail.be\/nl\/wp-json\/wp\/v2\/posts\/1419\/revisions"}],"wp:featuredmedia":[{"embeddable":true,"href":"https:\/\/www.retaildetail.be\/nl\/wp-json\/wp\/v2\/media\/84"}],"wp:attachment":[{"href":"https:\/\/www.retaildetail.be\/nl\/wp-json\/wp\/v2\/media?parent=1419"}],"wp:term":[{"taxonomy":"category","embeddable":true,"href":"https:\/\/www.retaildetail.be\/nl\/wp-json\/wp\/v2\/categories?post=1419"},{"taxonomy":"post_tag","embeddable":true,"href":"https:\/\/www.retaildetail.be\/nl\/wp-json\/wp\/v2\/tags?post=1419"},{"taxonomy":"people","embeddable":true,"href":"https:\/\/www.retaildetail.be\/nl\/wp-json\/wp\/v2\/people?post=1419"},{"taxonomy":"extra","embeddable":true,"href":"https:\/\/www.retaildetail.be\/nl\/wp-json\/wp\/v2\/extra?post=1419"},{"taxonomy":"company","embeddable":true,"href":"https:\/\/www.retaildetail.be\/nl\/wp-json\/wp\/v2\/company?post=1419"},{"taxonomy":"topic","embeddable":true,"href":"https:\/\/www.retaildetail.be\/nl\/wp-json\/wp\/v2\/topic?post=1419"},{"taxonomy":"region","embeddable":true,"href":"https:\/\/www.retaildetail.be\/nl\/wp-json\/wp\/v2\/region?post=1419"}],"curies":[{"name":"wp","href":"https:\/\/api.w.org\/{rel}","templated":true}]}}