{"id":143102,"date":"2026-03-02T16:05:47","date_gmt":"2026-03-02T15:05:47","guid":{"rendered":"https:\/\/www.retaildetail.be\/?p=143102"},"modified":"2026-03-02T16:05:49","modified_gmt":"2026-03-02T15:05:49","slug":"carrefour-en-coca-cola-zetten-in-op-hervulbare-glazen-flessen","status":"publish","type":"post","link":"https:\/\/www.retaildetail.be\/nl\/news\/food\/carrefour-en-coca-cola-zetten-in-op-hervulbare-glazen-flessen\/","title":{"rendered":"Carrefour en Coca-Cola zetten in op hervulbare glazen flessen"},"content":{"rendered":"\n<p><strong>Coca-Cola<\/strong> heeft zich als eerste leverancier aangesloten bij een nieuw duurzaamheidsplan van <strong>Carrefour <\/strong>Belgi\u00eb: samen gaan de partners het gebruik van hervulbare glazen flessen promoten. Ook gaat de fabrikant meer gerecycleerde materialen gebruiken in aluminium blikjes.<\/p>\n\n\n\n<h2 class=\"wp-block-heading\">Koolstofvoetafdruk verkleinen<\/h2>\n\n\n\n<p>Coca-Cola Europacific Partners introduceert dit jaar geleidelijk een nieuwe, lichtere hervulbare glazen fles van \u00e9\u00e9n liter in Belgi\u00eb. Dankzij het lagere gewicht vermindert de koolstofvoetafdruk tijdens productie en transport. Samen met Carrefour test de fabrikant in verschillende winkels ook een nieuw kartonnen verpakkingsformaat met zes kleine hervulbare glazen flessen. Bovendien plant de bottelaar om het aandeel gerecycleerde materialen in zijn aluminium blikjes geleidelijk te verhogen, om de koolstofvoetafdruk te verminderen. Vanaf 2027 wordt ook het aandeel gerecycleerd materiaal in de retourkratten voor hervulbare glazen flessen verhoogd.<\/p>\n\n\n\n<p>Die actieplannen zijn onderdeel van een <em>Sustainable Linked Business Plan<\/em> dat de CEO\u2019s van beide bedrijven vorige vrijdag in de Carrefour Hypermarkt in Kraainem ondertekenden. Om de indirecte uitstoot van zijn producten tegen 2030 met 29% verminderen vergeleken met 2019, verankert de retailer de strijd tegen de klimaatopwarming voortaan in de commerci\u00eble relatie met zijn leveranciers.<\/p>\n","protected":false},"excerpt":{"rendered":"<p>Coca-Cola heeft zich als eerste leverancier aangesloten bij een nieuw duurzaamheidsplan van Carrefour Belgi\u00eb: samen gaan de partners het gebruik van hervulbare glazen flessen promoten. Ook gaat de fabrikant meer gerecycleerde materialen gebruiken in aluminium blikjes. <\/p>\n","protected":false},"author":3,"featured_media":143103,"comment_status":"closed","ping_status":"closed","sticky":false,"template":"","format":"standard","meta":{"_acf_changed":false,"inline_featured_image":false,"_jetpack_memberships_contains_paid_content":false,"footnotes":""},"categories":[18],"tags":[],"people":[],"extra":[],"company":[87,222],"topic":[273],"region":[90],"class_list":["post-143102","post","type-post","status-publish","format-standard","has-post-thumbnail","hentry","category-food","company-carrefour","company-coca-cola","topic-duurzaamheid","region-belgie"],"acf":[],"yoast_head":"<!-- This site is optimized with the Yoast SEO plugin v27.3 - https:\/\/yoast.com\/product\/yoast-seo-wordpress\/ -->\n<title>Carrefour en Coca-Cola zetten in op hervulbare glazen flessen - RetailDetail BE<\/title>\n<meta name=\"description\" content=\"Coca-Cola heeft zich als eerste leverancier aangesloten bij een nieuw duurzaamheidsplan van Carrefour Belgi\u00eb.\" \/>\n<meta name=\"robots\" content=\"index, follow, max-snippet:-1, max-image-preview:large, max-video-preview:-1\" \/>\n<link rel=\"canonical\" href=\"https:\/\/www.retaildetail.be\/nl\/news\/food\/carrefour-en-coca-cola-zetten-in-op-hervulbare-glazen-flessen\/\" \/>\n<meta property=\"og:locale\" content=\"nl_NL\" \/>\n<meta property=\"og:type\" content=\"article\" \/>\n<meta property=\"og:title\" content=\"Carrefour en Coca-Cola zetten in op hervulbare glazen flessen - RetailDetail BE\" \/>\n<meta property=\"og:description\" content=\"Coca-Cola heeft zich als eerste leverancier aangesloten bij een nieuw duurzaamheidsplan van Carrefour Belgi\u00eb.\" \/>\n<meta property=\"og:url\" content=\"https:\/\/www.retaildetail.be\/nl\/news\/food\/carrefour-en-coca-cola-zetten-in-op-hervulbare-glazen-flessen\/\" \/>\n<meta property=\"og:site_name\" content=\"RetailDetail BE\" \/>\n<meta property=\"article:published_time\" content=\"2026-03-02T15:05:47+00:00\" \/>\n<meta property=\"article:modified_time\" content=\"2026-03-02T15:05:49+00:00\" \/>\n<meta property=\"og:image\" content=\"https:\/\/www.retaildetail.be\/wp-content\/uploads\/2026\/03\/WEB-120-Coca-Cola-Carrefour-Kraainem.jpg\" \/>\n\t<meta property=\"og:image:width\" content=\"1440\" \/>\n\t<meta property=\"og:image:height\" content=\"1080\" \/>\n\t<meta property=\"og:image:type\" content=\"image\/jpeg\" \/>\n<meta name=\"author\" content=\"Stefan Van Rompaey\" \/>\n<meta name=\"twitter:card\" content=\"summary_large_image\" \/>\n<meta name=\"twitter:label1\" content=\"Geschreven door\" \/>\n\t<meta name=\"twitter:data1\" content=\"Stefan Van Rompaey\" \/>\n\t<meta name=\"twitter:label2\" content=\"Geschatte leestijd\" \/>\n\t<meta name=\"twitter:data2\" content=\"1 minuut\" \/>\n<script type=\"application\/ld+json\" class=\"yoast-schema-graph\">{\"@context\":\"https:\\\/\\\/schema.org\",\"@graph\":[{\"@type\":\"NewsArticle\",\"@id\":\"https:\\\/\\\/www.retaildetail.be\\\/nl\\\/news\\\/food\\\/carrefour-en-coca-cola-zetten-in-op-hervulbare-glazen-flessen\\\/#article\",\"isPartOf\":{\"@id\":\"https:\\\/\\\/www.retaildetail.be\\\/nl\\\/news\\\/food\\\/carrefour-en-coca-cola-zetten-in-op-hervulbare-glazen-flessen\\\/\"},\"author\":{\"name\":\"Stefan Van Rompaey\",\"@id\":\"https:\\\/\\\/www.retaildetail.be\\\/nl\\\/#\\\/schema\\\/person\\\/51aec6069c4416aa2f68b2e4ff3455df\"},\"headline\":\"Carrefour en Coca-Cola zetten in op hervulbare glazen flessen\",\"datePublished\":\"2026-03-02T15:05:47+00:00\",\"dateModified\":\"2026-03-02T15:05:49+00:00\",\"mainEntityOfPage\":{\"@id\":\"https:\\\/\\\/www.retaildetail.be\\\/nl\\\/news\\\/food\\\/carrefour-en-coca-cola-zetten-in-op-hervulbare-glazen-flessen\\\/\"},\"wordCount\":187,\"publisher\":{\"@id\":\"https:\\\/\\\/www.retaildetail.be\\\/nl\\\/#organization\"},\"image\":{\"@id\":\"https:\\\/\\\/www.retaildetail.be\\\/nl\\\/news\\\/food\\\/carrefour-en-coca-cola-zetten-in-op-hervulbare-glazen-flessen\\\/#primaryimage\"},\"thumbnailUrl\":\"https:\\\/\\\/www.retaildetail.be\\\/wp-content\\\/uploads\\\/2026\\\/03\\\/WEB-120-Coca-Cola-Carrefour-Kraainem.jpg\",\"articleSection\":[\"Food\"],\"inLanguage\":\"nl-NL\",\"copyrightYear\":\"2026\",\"copyrightHolder\":{\"@id\":\"https:\\\/\\\/www.retaildetail.be\\\/#organization\"}},{\"@type\":\"WebPage\",\"@id\":\"https:\\\/\\\/www.retaildetail.be\\\/nl\\\/news\\\/food\\\/carrefour-en-coca-cola-zetten-in-op-hervulbare-glazen-flessen\\\/\",\"url\":\"https:\\\/\\\/www.retaildetail.be\\\/nl\\\/news\\\/food\\\/carrefour-en-coca-cola-zetten-in-op-hervulbare-glazen-flessen\\\/\",\"name\":\"Carrefour en Coca-Cola zetten in op hervulbare glazen flessen - RetailDetail BE\",\"isPartOf\":{\"@id\":\"https:\\\/\\\/www.retaildetail.be\\\/nl\\\/#website\"},\"primaryImageOfPage\":{\"@id\":\"https:\\\/\\\/www.retaildetail.be\\\/nl\\\/news\\\/food\\\/carrefour-en-coca-cola-zetten-in-op-hervulbare-glazen-flessen\\\/#primaryimage\"},\"image\":{\"@id\":\"https:\\\/\\\/www.retaildetail.be\\\/nl\\\/news\\\/food\\\/carrefour-en-coca-cola-zetten-in-op-hervulbare-glazen-flessen\\\/#primaryimage\"},\"thumbnailUrl\":\"https:\\\/\\\/www.retaildetail.be\\\/wp-content\\\/uploads\\\/2026\\\/03\\\/WEB-120-Coca-Cola-Carrefour-Kraainem.jpg\",\"datePublished\":\"2026-03-02T15:05:47+00:00\",\"dateModified\":\"2026-03-02T15:05:49+00:00\",\"description\":\"Coca-Cola heeft zich als eerste leverancier aangesloten bij een nieuw duurzaamheidsplan van Carrefour Belgi\u00eb.\",\"breadcrumb\":{\"@id\":\"https:\\\/\\\/www.retaildetail.be\\\/nl\\\/news\\\/food\\\/carrefour-en-coca-cola-zetten-in-op-hervulbare-glazen-flessen\\\/#breadcrumb\"},\"inLanguage\":\"nl-NL\",\"potentialAction\":[{\"@type\":\"ReadAction\",\"target\":[\"https:\\\/\\\/www.retaildetail.be\\\/nl\\\/news\\\/food\\\/carrefour-en-coca-cola-zetten-in-op-hervulbare-glazen-flessen\\\/\"]}]},{\"@type\":\"ImageObject\",\"inLanguage\":\"nl-NL\",\"@id\":\"https:\\\/\\\/www.retaildetail.be\\\/nl\\\/news\\\/food\\\/carrefour-en-coca-cola-zetten-in-op-hervulbare-glazen-flessen\\\/#primaryimage\",\"url\":\"https:\\\/\\\/www.retaildetail.be\\\/wp-content\\\/uploads\\\/2026\\\/03\\\/WEB-120-Coca-Cola-Carrefour-Kraainem.jpg\",\"contentUrl\":\"https:\\\/\\\/www.retaildetail.be\\\/wp-content\\\/uploads\\\/2026\\\/03\\\/WEB-120-Coca-Cola-Carrefour-Kraainem.jpg\",\"width\":1440,\"height\":1080,\"caption\":\"Carl Lescroart, CEO Coca-Cola Europacific Partners Belgium-Luxembourg & Geoffroy Gersdorff, CEO Carrefour Belgium \u00a9 Tanguy Tanali Photography\"},{\"@type\":\"BreadcrumbList\",\"@id\":\"https:\\\/\\\/www.retaildetail.be\\\/nl\\\/news\\\/food\\\/carrefour-en-coca-cola-zetten-in-op-hervulbare-glazen-flessen\\\/#breadcrumb\",\"itemListElement\":[{\"@type\":\"ListItem\",\"position\":1,\"name\":\"Home\",\"item\":\"https:\\\/\\\/www.retaildetail.be\\\/nl\\\/\"},{\"@type\":\"ListItem\",\"position\":2,\"name\":\"Carrefour en Coca-Cola zetten in op hervulbare glazen flessen\"}]},{\"@type\":\"WebSite\",\"@id\":\"https:\\\/\\\/www.retaildetail.be\\\/nl\\\/#website\",\"url\":\"https:\\\/\\\/www.retaildetail.be\\\/nl\\\/\",\"name\":\"RetailDetail BE\",\"description\":\"News\",\"publisher\":{\"@id\":\"https:\\\/\\\/www.retaildetail.be\\\/nl\\\/#organization\"},\"potentialAction\":[{\"@type\":\"SearchAction\",\"target\":{\"@type\":\"EntryPoint\",\"urlTemplate\":\"https:\\\/\\\/www.retaildetail.be\\\/nl\\\/?s={search_term_string}\"},\"query-input\":{\"@type\":\"PropertyValueSpecification\",\"valueRequired\":true,\"valueName\":\"search_term_string\"}}],\"inLanguage\":\"nl-NL\"},{\"@type\":\"Organization\",\"@id\":\"https:\\\/\\\/www.retaildetail.be\\\/nl\\\/#organization\",\"name\":\"RetailDetail BE\",\"url\":\"https:\\\/\\\/www.retaildetail.be\\\/nl\\\/\",\"logo\":{\"@type\":\"ImageObject\",\"inLanguage\":\"nl-NL\",\"@id\":\"https:\\\/\\\/www.retaildetail.be\\\/nl\\\/#\\\/schema\\\/logo\\\/image\\\/\",\"url\":\"https:\\\/\\\/www.retaildetail.be\\\/wp-content\\\/uploads\\\/2022\\\/04\\\/logo.svg\",\"contentUrl\":\"https:\\\/\\\/www.retaildetail.be\\\/wp-content\\\/uploads\\\/2022\\\/04\\\/logo.svg\",\"width\":131,\"height\":70,\"caption\":\"RetailDetail BE\"},\"image\":{\"@id\":\"https:\\\/\\\/www.retaildetail.be\\\/nl\\\/#\\\/schema\\\/logo\\\/image\\\/\"}},{\"@type\":\"Person\",\"@id\":\"https:\\\/\\\/www.retaildetail.be\\\/nl\\\/#\\\/schema\\\/person\\\/51aec6069c4416aa2f68b2e4ff3455df\",\"name\":\"Stefan Van Rompaey\",\"image\":{\"@type\":\"ImageObject\",\"inLanguage\":\"nl-NL\",\"@id\":\"https:\\\/\\\/secure.gravatar.com\\\/avatar\\\/fbbb4a80a0f109888b2a5ab8ae255617499ecde533749b3ab2fa6c23b5d65dac?s=96&d=mm&r=g\",\"url\":\"https:\\\/\\\/secure.gravatar.com\\\/avatar\\\/fbbb4a80a0f109888b2a5ab8ae255617499ecde533749b3ab2fa6c23b5d65dac?s=96&d=mm&r=g\",\"contentUrl\":\"https:\\\/\\\/secure.gravatar.com\\\/avatar\\\/fbbb4a80a0f109888b2a5ab8ae255617499ecde533749b3ab2fa6c23b5d65dac?s=96&d=mm&r=g\",\"caption\":\"Stefan Van Rompaey\"},\"url\":\"https:\\\/\\\/www.retaildetail.be\\\/nl\\\/author\\\/stefanvanrompaey\\\/\"}]}<\/script>\n<!-- \/ Yoast SEO plugin. -->","yoast_head_json":{"title":"Carrefour en Coca-Cola zetten in op hervulbare glazen flessen - RetailDetail BE","description":"Coca-Cola heeft zich als eerste leverancier aangesloten bij een nieuw duurzaamheidsplan van Carrefour Belgi\u00eb.","robots":{"index":"index","follow":"follow","max-snippet":"max-snippet:-1","max-image-preview":"max-image-preview:large","max-video-preview":"max-video-preview:-1"},"canonical":"https:\/\/www.retaildetail.be\/nl\/news\/food\/carrefour-en-coca-cola-zetten-in-op-hervulbare-glazen-flessen\/","og_locale":"nl_NL","og_type":"article","og_title":"Carrefour en Coca-Cola zetten in op hervulbare glazen flessen - RetailDetail BE","og_description":"Coca-Cola heeft zich als eerste leverancier aangesloten bij een nieuw duurzaamheidsplan van Carrefour Belgi\u00eb.","og_url":"https:\/\/www.retaildetail.be\/nl\/news\/food\/carrefour-en-coca-cola-zetten-in-op-hervulbare-glazen-flessen\/","og_site_name":"RetailDetail BE","article_published_time":"2026-03-02T15:05:47+00:00","article_modified_time":"2026-03-02T15:05:49+00:00","og_image":[{"width":1440,"height":1080,"url":"https:\/\/www.retaildetail.be\/wp-content\/uploads\/2026\/03\/WEB-120-Coca-Cola-Carrefour-Kraainem.jpg","type":"image\/jpeg"}],"author":"Stefan Van Rompaey","twitter_card":"summary_large_image","twitter_misc":{"Geschreven door":"Stefan Van Rompaey","Geschatte leestijd":"1 minuut"},"schema":{"@context":"https:\/\/schema.org","@graph":[{"@type":"NewsArticle","@id":"https:\/\/www.retaildetail.be\/nl\/news\/food\/carrefour-en-coca-cola-zetten-in-op-hervulbare-glazen-flessen\/#article","isPartOf":{"@id":"https:\/\/www.retaildetail.be\/nl\/news\/food\/carrefour-en-coca-cola-zetten-in-op-hervulbare-glazen-flessen\/"},"author":{"name":"Stefan Van Rompaey","@id":"https:\/\/www.retaildetail.be\/nl\/#\/schema\/person\/51aec6069c4416aa2f68b2e4ff3455df"},"headline":"Carrefour en Coca-Cola zetten in op hervulbare glazen flessen","datePublished":"2026-03-02T15:05:47+00:00","dateModified":"2026-03-02T15:05:49+00:00","mainEntityOfPage":{"@id":"https:\/\/www.retaildetail.be\/nl\/news\/food\/carrefour-en-coca-cola-zetten-in-op-hervulbare-glazen-flessen\/"},"wordCount":187,"publisher":{"@id":"https:\/\/www.retaildetail.be\/nl\/#organization"},"image":{"@id":"https:\/\/www.retaildetail.be\/nl\/news\/food\/carrefour-en-coca-cola-zetten-in-op-hervulbare-glazen-flessen\/#primaryimage"},"thumbnailUrl":"https:\/\/www.retaildetail.be\/wp-content\/uploads\/2026\/03\/WEB-120-Coca-Cola-Carrefour-Kraainem.jpg","articleSection":["Food"],"inLanguage":"nl-NL","copyrightYear":"2026","copyrightHolder":{"@id":"https:\/\/www.retaildetail.be\/#organization"}},{"@type":"WebPage","@id":"https:\/\/www.retaildetail.be\/nl\/news\/food\/carrefour-en-coca-cola-zetten-in-op-hervulbare-glazen-flessen\/","url":"https:\/\/www.retaildetail.be\/nl\/news\/food\/carrefour-en-coca-cola-zetten-in-op-hervulbare-glazen-flessen\/","name":"Carrefour en Coca-Cola zetten in op hervulbare glazen flessen - RetailDetail BE","isPartOf":{"@id":"https:\/\/www.retaildetail.be\/nl\/#website"},"primaryImageOfPage":{"@id":"https:\/\/www.retaildetail.be\/nl\/news\/food\/carrefour-en-coca-cola-zetten-in-op-hervulbare-glazen-flessen\/#primaryimage"},"image":{"@id":"https:\/\/www.retaildetail.be\/nl\/news\/food\/carrefour-en-coca-cola-zetten-in-op-hervulbare-glazen-flessen\/#primaryimage"},"thumbnailUrl":"https:\/\/www.retaildetail.be\/wp-content\/uploads\/2026\/03\/WEB-120-Coca-Cola-Carrefour-Kraainem.jpg","datePublished":"2026-03-02T15:05:47+00:00","dateModified":"2026-03-02T15:05:49+00:00","description":"Coca-Cola heeft zich als eerste leverancier aangesloten bij een nieuw duurzaamheidsplan van Carrefour Belgi\u00eb.","breadcrumb":{"@id":"https:\/\/www.retaildetail.be\/nl\/news\/food\/carrefour-en-coca-cola-zetten-in-op-hervulbare-glazen-flessen\/#breadcrumb"},"inLanguage":"nl-NL","potentialAction":[{"@type":"ReadAction","target":["https:\/\/www.retaildetail.be\/nl\/news\/food\/carrefour-en-coca-cola-zetten-in-op-hervulbare-glazen-flessen\/"]}]},{"@type":"ImageObject","inLanguage":"nl-NL","@id":"https:\/\/www.retaildetail.be\/nl\/news\/food\/carrefour-en-coca-cola-zetten-in-op-hervulbare-glazen-flessen\/#primaryimage","url":"https:\/\/www.retaildetail.be\/wp-content\/uploads\/2026\/03\/WEB-120-Coca-Cola-Carrefour-Kraainem.jpg","contentUrl":"https:\/\/www.retaildetail.be\/wp-content\/uploads\/2026\/03\/WEB-120-Coca-Cola-Carrefour-Kraainem.jpg","width":1440,"height":1080,"caption":"Carl Lescroart, CEO Coca-Cola Europacific Partners Belgium-Luxembourg & Geoffroy Gersdorff, CEO Carrefour Belgium \u00a9 Tanguy Tanali Photography"},{"@type":"BreadcrumbList","@id":"https:\/\/www.retaildetail.be\/nl\/news\/food\/carrefour-en-coca-cola-zetten-in-op-hervulbare-glazen-flessen\/#breadcrumb","itemListElement":[{"@type":"ListItem","position":1,"name":"Home","item":"https:\/\/www.retaildetail.be\/nl\/"},{"@type":"ListItem","position":2,"name":"Carrefour en Coca-Cola zetten in op hervulbare glazen flessen"}]},{"@type":"WebSite","@id":"https:\/\/www.retaildetail.be\/nl\/#website","url":"https:\/\/www.retaildetail.be\/nl\/","name":"RetailDetail BE","description":"News","publisher":{"@id":"https:\/\/www.retaildetail.be\/nl\/#organization"},"potentialAction":[{"@type":"SearchAction","target":{"@type":"EntryPoint","urlTemplate":"https:\/\/www.retaildetail.be\/nl\/?s={search_term_string}"},"query-input":{"@type":"PropertyValueSpecification","valueRequired":true,"valueName":"search_term_string"}}],"inLanguage":"nl-NL"},{"@type":"Organization","@id":"https:\/\/www.retaildetail.be\/nl\/#organization","name":"RetailDetail BE","url":"https:\/\/www.retaildetail.be\/nl\/","logo":{"@type":"ImageObject","inLanguage":"nl-NL","@id":"https:\/\/www.retaildetail.be\/nl\/#\/schema\/logo\/image\/","url":"https:\/\/www.retaildetail.be\/wp-content\/uploads\/2022\/04\/logo.svg","contentUrl":"https:\/\/www.retaildetail.be\/wp-content\/uploads\/2022\/04\/logo.svg","width":131,"height":70,"caption":"RetailDetail BE"},"image":{"@id":"https:\/\/www.retaildetail.be\/nl\/#\/schema\/logo\/image\/"}},{"@type":"Person","@id":"https:\/\/www.retaildetail.be\/nl\/#\/schema\/person\/51aec6069c4416aa2f68b2e4ff3455df","name":"Stefan Van Rompaey","image":{"@type":"ImageObject","inLanguage":"nl-NL","@id":"https:\/\/secure.gravatar.com\/avatar\/fbbb4a80a0f109888b2a5ab8ae255617499ecde533749b3ab2fa6c23b5d65dac?s=96&d=mm&r=g","url":"https:\/\/secure.gravatar.com\/avatar\/fbbb4a80a0f109888b2a5ab8ae255617499ecde533749b3ab2fa6c23b5d65dac?s=96&d=mm&r=g","contentUrl":"https:\/\/secure.gravatar.com\/avatar\/fbbb4a80a0f109888b2a5ab8ae255617499ecde533749b3ab2fa6c23b5d65dac?s=96&d=mm&r=g","caption":"Stefan Van Rompaey"},"url":"https:\/\/www.retaildetail.be\/nl\/author\/stefanvanrompaey\/"}]}},"jetpack_featured_media_url":"https:\/\/www.retaildetail.be\/wp-content\/uploads\/2026\/03\/WEB-120-Coca-Cola-Carrefour-Kraainem.jpg","jetpack_sharing_enabled":true,"_links":{"self":[{"href":"https:\/\/www.retaildetail.be\/nl\/wp-json\/wp\/v2\/posts\/143102","targetHints":{"allow":["GET"]}}],"collection":[{"href":"https:\/\/www.retaildetail.be\/nl\/wp-json\/wp\/v2\/posts"}],"about":[{"href":"https:\/\/www.retaildetail.be\/nl\/wp-json\/wp\/v2\/types\/post"}],"author":[{"embeddable":true,"href":"https:\/\/www.retaildetail.be\/nl\/wp-json\/wp\/v2\/users\/3"}],"replies":[{"embeddable":true,"href":"https:\/\/www.retaildetail.be\/nl\/wp-json\/wp\/v2\/comments?post=143102"}],"version-history":[{"count":1,"href":"https:\/\/www.retaildetail.be\/nl\/wp-json\/wp\/v2\/posts\/143102\/revisions"}],"predecessor-version":[{"id":143104,"href":"https:\/\/www.retaildetail.be\/nl\/wp-json\/wp\/v2\/posts\/143102\/revisions\/143104"}],"wp:featuredmedia":[{"embeddable":true,"href":"https:\/\/www.retaildetail.be\/nl\/wp-json\/wp\/v2\/media\/143103"}],"wp:attachment":[{"href":"https:\/\/www.retaildetail.be\/nl\/wp-json\/wp\/v2\/media?parent=143102"}],"wp:term":[{"taxonomy":"category","embeddable":true,"href":"https:\/\/www.retaildetail.be\/nl\/wp-json\/wp\/v2\/categories?post=143102"},{"taxonomy":"post_tag","embeddable":true,"href":"https:\/\/www.retaildetail.be\/nl\/wp-json\/wp\/v2\/tags?post=143102"},{"taxonomy":"people","embeddable":true,"href":"https:\/\/www.retaildetail.be\/nl\/wp-json\/wp\/v2\/people?post=143102"},{"taxonomy":"extra","embeddable":true,"href":"https:\/\/www.retaildetail.be\/nl\/wp-json\/wp\/v2\/extra?post=143102"},{"taxonomy":"company","embeddable":true,"href":"https:\/\/www.retaildetail.be\/nl\/wp-json\/wp\/v2\/company?post=143102"},{"taxonomy":"topic","embeddable":true,"href":"https:\/\/www.retaildetail.be\/nl\/wp-json\/wp\/v2\/topic?post=143102"},{"taxonomy":"region","embeddable":true,"href":"https:\/\/www.retaildetail.be\/nl\/wp-json\/wp\/v2\/region?post=143102"}],"curies":[{"name":"wp","href":"https:\/\/api.w.org\/{rel}","templated":true}]}}