{"id":143806,"date":"2026-03-11T11:36:12","date_gmt":"2026-03-11T10:36:12","guid":{"rendered":"https:\/\/www.retaildetail.be\/?p=143806"},"modified":"2026-03-11T11:36:33","modified_gmt":"2026-03-11T10:36:33","slug":"modeketen-bimba-y-lola","status":"publish","type":"post","link":"https:\/\/www.retaildetail.be\/nl\/news\/mode\/modeketen-bimba-y-lola\/","title":{"rendered":"Modeketen Bimba y Lola viert 20e verjaardag met groei"},"content":{"rendered":"\n<p>De Spaanse mode- en accessoireketen <strong>Bimba y Lola<\/strong> viert haar twintigste verjaardag in stijl: het bedrijf realiseerde een omzet van iets meer dan 250 miljoen euro, een stijging van 7% ten opzichte van een jaar eerder.<\/p>\n\n\n\n<h2 class=\"wp-block-heading\">Grote internationale stappen<\/h2>\n\n\n\n<p>\u201cOns twintigjarig jubileumjaar is zeer positief afgesloten\u201d, zegt topman Jos\u00e9 Manuel Mart\u00ednez. Volgens Mart\u00ednez zette het bedrijf belangrijke stappen in zijn internationale strategie. \u201cWe hebben verdere stappen gezet in de wereldwijde ontwikkeling van het merk door nieuwe markten en kanalen te openen, onze organisatie en raad van bestuur te versterken en de operaties in ons logistieke centrum en het nieuwe hoofdkantoor verder te optimaliseren.\u201d<\/p>\n\n\n\n<p>Internationale activiteiten spelen inderdaad een steeds grotere rol in de groei. In het afgelopen boekjaar kwam 42% van de omzet uit markten buiten Spanje. Bimba y Lola breidde tegelijk zijn winkelnetwerk verder uit. Het merk telt inmiddels 321 verkooppunten in 34 landen in Europa, Noord- en Zuid-Amerika en Azi\u00eb. Ongeveer de helft van die winkels bevindt zich buiten de Spaanse thuismarkt.<\/p>\n\n\n\n<p>Ook online groeit het merk stevig. De e-commerceverkopen namen met 12% toe en zijn inmiddels goed voor 22% van de totale omzet. Het bedrijf profiteert daarbij van een grotere aanwezigheid op mode-marktplaatsen en van een uitbreiding van de eigen webwinkel naar vrijwel alle internationale markten.<\/p>\n\n\n\n<h2 class=\"wp-block-heading\">Benoemingen en expansie<\/h2>\n\n\n\n<p>Natalia Gamero del Castillo, voormalig bestuurder bij uitgever Cond\u00e9 Nast, en Carlos Soler Duffo, oud-topman van juwelenmerk Tous, traden toe tot de raad van bestuur. Bimba y Lola benoemde bovendien \u00d3scar de Castro, afkomstig van Pull&amp;Bear, tot directeur merk en communicatie.<\/p>\n\n\n\n<p>Ondanks de sterke groei benadrukt Mart\u00ednez dat de omstandigheden uitdagend blijven. \u201cEr liggen nog grote uitdagingen voor ons\u201d, zegt hij. Tegelijk ziet hij ruimte voor verdere expansie. \u201cWe zien het potentieel van het merk en van onze teams om te blijven groeien in een bijzonder complexe omgeving.\u201d<\/p>\n","protected":false},"excerpt":{"rendered":"<p>De Spaanse mode- en accessoireketen Bimba y Lola viert haar twintigste verjaardag in stijl: het bedrijf realiseerde een omzet van iets meer dan 250 miljoen euro, een stijging van 7% ten opzichte van een jaar eerder.<\/p>\n","protected":false},"author":5,"featured_media":143807,"comment_status":"closed","ping_status":"closed","sticky":false,"template":"","format":"standard","meta":{"_acf_changed":false,"inline_featured_image":false,"_jetpack_memberships_contains_paid_content":false,"footnotes":""},"categories":[14],"tags":[],"people":[],"extra":[43],"company":[1976],"topic":[88],"region":[579],"class_list":["post-143806","post","type-post","status-publish","format-standard","has-post-thumbnail","hentry","category-mode","extra-plus","company-bimba-y-lola","topic-bedrijfsresultaten","region-spanje"],"acf":[],"yoast_head":"<!-- This site is optimized with the Yoast SEO plugin v27.3 - https:\/\/yoast.com\/product\/yoast-seo-wordpress\/ -->\n<title>Modeketen Bimba y Lola viert 20e verjaardag met groei - RetailDetail BE<\/title>\n<meta name=\"description\" content=\"De Spaanse mode- en accessoireketen Bimba y Lola viert haar twintigste verjaardag in stijl: het bedrijf realiseerde een omzet van iets meer dan 250 miljoen euro, een stijging van 7% ten opzichte van een jaar eerder.\" \/>\n<meta name=\"robots\" content=\"index, follow, max-snippet:-1, max-image-preview:large, max-video-preview:-1\" \/>\n<link rel=\"canonical\" href=\"https:\/\/www.retaildetail.be\/nl\/news\/mode\/modeketen-bimba-y-lola\/\" \/>\n<meta property=\"og:locale\" content=\"nl_NL\" \/>\n<meta property=\"og:type\" content=\"article\" \/>\n<meta property=\"og:title\" content=\"Modeketen Bimba y Lola viert 20e verjaardag met groei - RetailDetail BE\" \/>\n<meta property=\"og:description\" content=\"De Spaanse mode- en accessoireketen Bimba y Lola viert haar twintigste verjaardag in stijl: het bedrijf realiseerde een omzet van iets meer dan 250 miljoen euro, een stijging van 7% ten opzichte van een jaar eerder.\" \/>\n<meta property=\"og:url\" content=\"https:\/\/www.retaildetail.be\/nl\/news\/mode\/modeketen-bimba-y-lola\/\" \/>\n<meta property=\"og:site_name\" content=\"RetailDetail BE\" \/>\n<meta property=\"article:published_time\" content=\"2026-03-11T10:36:12+00:00\" \/>\n<meta property=\"article:modified_time\" content=\"2026-03-11T10:36:33+00:00\" \/>\n<meta property=\"og:image\" content=\"https:\/\/www.retaildetail.be\/wp-content\/uploads\/2026\/03\/shutterstock_bimbaylola.jpg\" \/>\n\t<meta property=\"og:image:width\" content=\"1000\" \/>\n\t<meta property=\"og:image:height\" content=\"667\" \/>\n\t<meta property=\"og:image:type\" content=\"image\/jpeg\" \/>\n<meta name=\"author\" content=\"Pauline Neerman\" \/>\n<meta name=\"twitter:card\" content=\"summary_large_image\" \/>\n<meta name=\"twitter:label1\" content=\"Geschreven door\" \/>\n\t<meta name=\"twitter:data1\" content=\"Pauline Neerman\" \/>\n\t<meta name=\"twitter:label2\" content=\"Geschatte leestijd\" \/>\n\t<meta name=\"twitter:data2\" content=\"1 minuut\" \/>\n<script type=\"application\/ld+json\" class=\"yoast-schema-graph\">{\"@context\":\"https:\\\/\\\/schema.org\",\"@graph\":[{\"@type\":\"NewsArticle\",\"@id\":\"https:\\\/\\\/www.retaildetail.be\\\/nl\\\/news\\\/mode\\\/modeketen-bimba-y-lola\\\/#article\",\"isPartOf\":{\"@id\":\"https:\\\/\\\/www.retaildetail.be\\\/nl\\\/news\\\/mode\\\/modeketen-bimba-y-lola\\\/\"},\"author\":{\"name\":\"Pauline Neerman\",\"@id\":\"https:\\\/\\\/www.retaildetail.be\\\/nl\\\/#\\\/schema\\\/person\\\/66b54803fa10759039079458ea89e307\"},\"headline\":\"Modeketen Bimba y Lola viert 20e verjaardag met groei\",\"datePublished\":\"2026-03-11T10:36:12+00:00\",\"dateModified\":\"2026-03-11T10:36:33+00:00\",\"mainEntityOfPage\":{\"@id\":\"https:\\\/\\\/www.retaildetail.be\\\/nl\\\/news\\\/mode\\\/modeketen-bimba-y-lola\\\/\"},\"wordCount\":307,\"publisher\":{\"@id\":\"https:\\\/\\\/www.retaildetail.be\\\/nl\\\/#organization\"},\"image\":{\"@id\":\"https:\\\/\\\/www.retaildetail.be\\\/nl\\\/news\\\/mode\\\/modeketen-bimba-y-lola\\\/#primaryimage\"},\"thumbnailUrl\":\"https:\\\/\\\/www.retaildetail.be\\\/wp-content\\\/uploads\\\/2026\\\/03\\\/shutterstock_bimbaylola.jpg\",\"articleSection\":[\"Mode\"],\"inLanguage\":\"nl-NL\",\"copyrightYear\":\"2026\",\"copyrightHolder\":{\"@id\":\"https:\\\/\\\/www.retaildetail.be\\\/#organization\"}},{\"@type\":\"WebPage\",\"@id\":\"https:\\\/\\\/www.retaildetail.be\\\/nl\\\/news\\\/mode\\\/modeketen-bimba-y-lola\\\/\",\"url\":\"https:\\\/\\\/www.retaildetail.be\\\/nl\\\/news\\\/mode\\\/modeketen-bimba-y-lola\\\/\",\"name\":\"Modeketen Bimba y Lola viert 20e verjaardag met groei - RetailDetail BE\",\"isPartOf\":{\"@id\":\"https:\\\/\\\/www.retaildetail.be\\\/nl\\\/#website\"},\"primaryImageOfPage\":{\"@id\":\"https:\\\/\\\/www.retaildetail.be\\\/nl\\\/news\\\/mode\\\/modeketen-bimba-y-lola\\\/#primaryimage\"},\"image\":{\"@id\":\"https:\\\/\\\/www.retaildetail.be\\\/nl\\\/news\\\/mode\\\/modeketen-bimba-y-lola\\\/#primaryimage\"},\"thumbnailUrl\":\"https:\\\/\\\/www.retaildetail.be\\\/wp-content\\\/uploads\\\/2026\\\/03\\\/shutterstock_bimbaylola.jpg\",\"datePublished\":\"2026-03-11T10:36:12+00:00\",\"dateModified\":\"2026-03-11T10:36:33+00:00\",\"description\":\"De Spaanse mode- en accessoireketen Bimba y Lola viert haar twintigste verjaardag in stijl: het bedrijf realiseerde een omzet van iets meer dan 250 miljoen euro, een stijging van 7% ten opzichte van een jaar eerder.\",\"breadcrumb\":{\"@id\":\"https:\\\/\\\/www.retaildetail.be\\\/nl\\\/news\\\/mode\\\/modeketen-bimba-y-lola\\\/#breadcrumb\"},\"inLanguage\":\"nl-NL\",\"potentialAction\":[{\"@type\":\"ReadAction\",\"target\":[\"https:\\\/\\\/www.retaildetail.be\\\/nl\\\/news\\\/mode\\\/modeketen-bimba-y-lola\\\/\"]}]},{\"@type\":\"ImageObject\",\"inLanguage\":\"nl-NL\",\"@id\":\"https:\\\/\\\/www.retaildetail.be\\\/nl\\\/news\\\/mode\\\/modeketen-bimba-y-lola\\\/#primaryimage\",\"url\":\"https:\\\/\\\/www.retaildetail.be\\\/wp-content\\\/uploads\\\/2026\\\/03\\\/shutterstock_bimbaylola.jpg\",\"contentUrl\":\"https:\\\/\\\/www.retaildetail.be\\\/wp-content\\\/uploads\\\/2026\\\/03\\\/shutterstock_bimbaylola.jpg\",\"width\":1000,\"height\":667},{\"@type\":\"BreadcrumbList\",\"@id\":\"https:\\\/\\\/www.retaildetail.be\\\/nl\\\/news\\\/mode\\\/modeketen-bimba-y-lola\\\/#breadcrumb\",\"itemListElement\":[{\"@type\":\"ListItem\",\"position\":1,\"name\":\"Home\",\"item\":\"https:\\\/\\\/www.retaildetail.be\\\/nl\\\/\"},{\"@type\":\"ListItem\",\"position\":2,\"name\":\"Modeketen Bimba y Lola viert 20e verjaardag met groei\"}]},{\"@type\":\"WebSite\",\"@id\":\"https:\\\/\\\/www.retaildetail.be\\\/nl\\\/#website\",\"url\":\"https:\\\/\\\/www.retaildetail.be\\\/nl\\\/\",\"name\":\"RetailDetail BE\",\"description\":\"News\",\"publisher\":{\"@id\":\"https:\\\/\\\/www.retaildetail.be\\\/nl\\\/#organization\"},\"potentialAction\":[{\"@type\":\"SearchAction\",\"target\":{\"@type\":\"EntryPoint\",\"urlTemplate\":\"https:\\\/\\\/www.retaildetail.be\\\/nl\\\/?s={search_term_string}\"},\"query-input\":{\"@type\":\"PropertyValueSpecification\",\"valueRequired\":true,\"valueName\":\"search_term_string\"}}],\"inLanguage\":\"nl-NL\"},{\"@type\":\"Organization\",\"@id\":\"https:\\\/\\\/www.retaildetail.be\\\/nl\\\/#organization\",\"name\":\"RetailDetail BE\",\"url\":\"https:\\\/\\\/www.retaildetail.be\\\/nl\\\/\",\"logo\":{\"@type\":\"ImageObject\",\"inLanguage\":\"nl-NL\",\"@id\":\"https:\\\/\\\/www.retaildetail.be\\\/nl\\\/#\\\/schema\\\/logo\\\/image\\\/\",\"url\":\"https:\\\/\\\/www.retaildetail.be\\\/wp-content\\\/uploads\\\/2022\\\/04\\\/logo.svg\",\"contentUrl\":\"https:\\\/\\\/www.retaildetail.be\\\/wp-content\\\/uploads\\\/2022\\\/04\\\/logo.svg\",\"width\":131,\"height\":70,\"caption\":\"RetailDetail BE\"},\"image\":{\"@id\":\"https:\\\/\\\/www.retaildetail.be\\\/nl\\\/#\\\/schema\\\/logo\\\/image\\\/\"}},{\"@type\":\"Person\",\"@id\":\"https:\\\/\\\/www.retaildetail.be\\\/nl\\\/#\\\/schema\\\/person\\\/66b54803fa10759039079458ea89e307\",\"name\":\"Pauline Neerman\",\"image\":{\"@type\":\"ImageObject\",\"inLanguage\":\"nl-NL\",\"@id\":\"https:\\\/\\\/secure.gravatar.com\\\/avatar\\\/58db22aee589a691f9603e5765ac06010427a923f9b2728b951eb7fe27214d70?s=96&d=mm&r=g\",\"url\":\"https:\\\/\\\/secure.gravatar.com\\\/avatar\\\/58db22aee589a691f9603e5765ac06010427a923f9b2728b951eb7fe27214d70?s=96&d=mm&r=g\",\"contentUrl\":\"https:\\\/\\\/secure.gravatar.com\\\/avatar\\\/58db22aee589a691f9603e5765ac06010427a923f9b2728b951eb7fe27214d70?s=96&d=mm&r=g\",\"caption\":\"Pauline Neerman\"},\"url\":\"https:\\\/\\\/www.retaildetail.be\\\/nl\\\/author\\\/paulineneerman\\\/\"}]}<\/script>\n<!-- \/ Yoast SEO plugin. -->","yoast_head_json":{"title":"Modeketen Bimba y Lola viert 20e verjaardag met groei - RetailDetail BE","description":"De Spaanse mode- en accessoireketen Bimba y Lola viert haar twintigste verjaardag in stijl: het bedrijf realiseerde een omzet van iets meer dan 250 miljoen euro, een stijging van 7% ten opzichte van een jaar eerder.","robots":{"index":"index","follow":"follow","max-snippet":"max-snippet:-1","max-image-preview":"max-image-preview:large","max-video-preview":"max-video-preview:-1"},"canonical":"https:\/\/www.retaildetail.be\/nl\/news\/mode\/modeketen-bimba-y-lola\/","og_locale":"nl_NL","og_type":"article","og_title":"Modeketen Bimba y Lola viert 20e verjaardag met groei - RetailDetail BE","og_description":"De Spaanse mode- en accessoireketen Bimba y Lola viert haar twintigste verjaardag in stijl: het bedrijf realiseerde een omzet van iets meer dan 250 miljoen euro, een stijging van 7% ten opzichte van een jaar eerder.","og_url":"https:\/\/www.retaildetail.be\/nl\/news\/mode\/modeketen-bimba-y-lola\/","og_site_name":"RetailDetail BE","article_published_time":"2026-03-11T10:36:12+00:00","article_modified_time":"2026-03-11T10:36:33+00:00","og_image":[{"width":1000,"height":667,"url":"https:\/\/www.retaildetail.be\/wp-content\/uploads\/2026\/03\/shutterstock_bimbaylola.jpg","type":"image\/jpeg"}],"author":"Pauline Neerman","twitter_card":"summary_large_image","twitter_misc":{"Geschreven door":"Pauline Neerman","Geschatte leestijd":"1 minuut"},"schema":{"@context":"https:\/\/schema.org","@graph":[{"@type":"NewsArticle","@id":"https:\/\/www.retaildetail.be\/nl\/news\/mode\/modeketen-bimba-y-lola\/#article","isPartOf":{"@id":"https:\/\/www.retaildetail.be\/nl\/news\/mode\/modeketen-bimba-y-lola\/"},"author":{"name":"Pauline Neerman","@id":"https:\/\/www.retaildetail.be\/nl\/#\/schema\/person\/66b54803fa10759039079458ea89e307"},"headline":"Modeketen Bimba y Lola viert 20e verjaardag met groei","datePublished":"2026-03-11T10:36:12+00:00","dateModified":"2026-03-11T10:36:33+00:00","mainEntityOfPage":{"@id":"https:\/\/www.retaildetail.be\/nl\/news\/mode\/modeketen-bimba-y-lola\/"},"wordCount":307,"publisher":{"@id":"https:\/\/www.retaildetail.be\/nl\/#organization"},"image":{"@id":"https:\/\/www.retaildetail.be\/nl\/news\/mode\/modeketen-bimba-y-lola\/#primaryimage"},"thumbnailUrl":"https:\/\/www.retaildetail.be\/wp-content\/uploads\/2026\/03\/shutterstock_bimbaylola.jpg","articleSection":["Mode"],"inLanguage":"nl-NL","copyrightYear":"2026","copyrightHolder":{"@id":"https:\/\/www.retaildetail.be\/#organization"}},{"@type":"WebPage","@id":"https:\/\/www.retaildetail.be\/nl\/news\/mode\/modeketen-bimba-y-lola\/","url":"https:\/\/www.retaildetail.be\/nl\/news\/mode\/modeketen-bimba-y-lola\/","name":"Modeketen Bimba y Lola viert 20e verjaardag met groei - RetailDetail BE","isPartOf":{"@id":"https:\/\/www.retaildetail.be\/nl\/#website"},"primaryImageOfPage":{"@id":"https:\/\/www.retaildetail.be\/nl\/news\/mode\/modeketen-bimba-y-lola\/#primaryimage"},"image":{"@id":"https:\/\/www.retaildetail.be\/nl\/news\/mode\/modeketen-bimba-y-lola\/#primaryimage"},"thumbnailUrl":"https:\/\/www.retaildetail.be\/wp-content\/uploads\/2026\/03\/shutterstock_bimbaylola.jpg","datePublished":"2026-03-11T10:36:12+00:00","dateModified":"2026-03-11T10:36:33+00:00","description":"De Spaanse mode- en accessoireketen Bimba y Lola viert haar twintigste verjaardag in stijl: het bedrijf realiseerde een omzet van iets meer dan 250 miljoen euro, een stijging van 7% ten opzichte van een jaar eerder.","breadcrumb":{"@id":"https:\/\/www.retaildetail.be\/nl\/news\/mode\/modeketen-bimba-y-lola\/#breadcrumb"},"inLanguage":"nl-NL","potentialAction":[{"@type":"ReadAction","target":["https:\/\/www.retaildetail.be\/nl\/news\/mode\/modeketen-bimba-y-lola\/"]}]},{"@type":"ImageObject","inLanguage":"nl-NL","@id":"https:\/\/www.retaildetail.be\/nl\/news\/mode\/modeketen-bimba-y-lola\/#primaryimage","url":"https:\/\/www.retaildetail.be\/wp-content\/uploads\/2026\/03\/shutterstock_bimbaylola.jpg","contentUrl":"https:\/\/www.retaildetail.be\/wp-content\/uploads\/2026\/03\/shutterstock_bimbaylola.jpg","width":1000,"height":667},{"@type":"BreadcrumbList","@id":"https:\/\/www.retaildetail.be\/nl\/news\/mode\/modeketen-bimba-y-lola\/#breadcrumb","itemListElement":[{"@type":"ListItem","position":1,"name":"Home","item":"https:\/\/www.retaildetail.be\/nl\/"},{"@type":"ListItem","position":2,"name":"Modeketen Bimba y Lola viert 20e verjaardag met groei"}]},{"@type":"WebSite","@id":"https:\/\/www.retaildetail.be\/nl\/#website","url":"https:\/\/www.retaildetail.be\/nl\/","name":"RetailDetail BE","description":"News","publisher":{"@id":"https:\/\/www.retaildetail.be\/nl\/#organization"},"potentialAction":[{"@type":"SearchAction","target":{"@type":"EntryPoint","urlTemplate":"https:\/\/www.retaildetail.be\/nl\/?s={search_term_string}"},"query-input":{"@type":"PropertyValueSpecification","valueRequired":true,"valueName":"search_term_string"}}],"inLanguage":"nl-NL"},{"@type":"Organization","@id":"https:\/\/www.retaildetail.be\/nl\/#organization","name":"RetailDetail BE","url":"https:\/\/www.retaildetail.be\/nl\/","logo":{"@type":"ImageObject","inLanguage":"nl-NL","@id":"https:\/\/www.retaildetail.be\/nl\/#\/schema\/logo\/image\/","url":"https:\/\/www.retaildetail.be\/wp-content\/uploads\/2022\/04\/logo.svg","contentUrl":"https:\/\/www.retaildetail.be\/wp-content\/uploads\/2022\/04\/logo.svg","width":131,"height":70,"caption":"RetailDetail BE"},"image":{"@id":"https:\/\/www.retaildetail.be\/nl\/#\/schema\/logo\/image\/"}},{"@type":"Person","@id":"https:\/\/www.retaildetail.be\/nl\/#\/schema\/person\/66b54803fa10759039079458ea89e307","name":"Pauline Neerman","image":{"@type":"ImageObject","inLanguage":"nl-NL","@id":"https:\/\/secure.gravatar.com\/avatar\/58db22aee589a691f9603e5765ac06010427a923f9b2728b951eb7fe27214d70?s=96&d=mm&r=g","url":"https:\/\/secure.gravatar.com\/avatar\/58db22aee589a691f9603e5765ac06010427a923f9b2728b951eb7fe27214d70?s=96&d=mm&r=g","contentUrl":"https:\/\/secure.gravatar.com\/avatar\/58db22aee589a691f9603e5765ac06010427a923f9b2728b951eb7fe27214d70?s=96&d=mm&r=g","caption":"Pauline Neerman"},"url":"https:\/\/www.retaildetail.be\/nl\/author\/paulineneerman\/"}]}},"jetpack_featured_media_url":"https:\/\/www.retaildetail.be\/wp-content\/uploads\/2026\/03\/shutterstock_bimbaylola.jpg","jetpack_sharing_enabled":true,"_links":{"self":[{"href":"https:\/\/www.retaildetail.be\/nl\/wp-json\/wp\/v2\/posts\/143806","targetHints":{"allow":["GET"]}}],"collection":[{"href":"https:\/\/www.retaildetail.be\/nl\/wp-json\/wp\/v2\/posts"}],"about":[{"href":"https:\/\/www.retaildetail.be\/nl\/wp-json\/wp\/v2\/types\/post"}],"author":[{"embeddable":true,"href":"https:\/\/www.retaildetail.be\/nl\/wp-json\/wp\/v2\/users\/5"}],"replies":[{"embeddable":true,"href":"https:\/\/www.retaildetail.be\/nl\/wp-json\/wp\/v2\/comments?post=143806"}],"version-history":[{"count":2,"href":"https:\/\/www.retaildetail.be\/nl\/wp-json\/wp\/v2\/posts\/143806\/revisions"}],"predecessor-version":[{"id":143817,"href":"https:\/\/www.retaildetail.be\/nl\/wp-json\/wp\/v2\/posts\/143806\/revisions\/143817"}],"wp:featuredmedia":[{"embeddable":true,"href":"https:\/\/www.retaildetail.be\/nl\/wp-json\/wp\/v2\/media\/143807"}],"wp:attachment":[{"href":"https:\/\/www.retaildetail.be\/nl\/wp-json\/wp\/v2\/media?parent=143806"}],"wp:term":[{"taxonomy":"category","embeddable":true,"href":"https:\/\/www.retaildetail.be\/nl\/wp-json\/wp\/v2\/categories?post=143806"},{"taxonomy":"post_tag","embeddable":true,"href":"https:\/\/www.retaildetail.be\/nl\/wp-json\/wp\/v2\/tags?post=143806"},{"taxonomy":"people","embeddable":true,"href":"https:\/\/www.retaildetail.be\/nl\/wp-json\/wp\/v2\/people?post=143806"},{"taxonomy":"extra","embeddable":true,"href":"https:\/\/www.retaildetail.be\/nl\/wp-json\/wp\/v2\/extra?post=143806"},{"taxonomy":"company","embeddable":true,"href":"https:\/\/www.retaildetail.be\/nl\/wp-json\/wp\/v2\/company?post=143806"},{"taxonomy":"topic","embeddable":true,"href":"https:\/\/www.retaildetail.be\/nl\/wp-json\/wp\/v2\/topic?post=143806"},{"taxonomy":"region","embeddable":true,"href":"https:\/\/www.retaildetail.be\/nl\/wp-json\/wp\/v2\/region?post=143806"}],"curies":[{"name":"wp","href":"https:\/\/api.w.org\/{rel}","templated":true}]}}