{"id":143839,"date":"2026-03-11T15:15:59","date_gmt":"2026-03-11T14:15:59","guid":{"rendered":"https:\/\/www.retaildetail.be\/?p=143839"},"modified":"2026-03-11T15:16:00","modified_gmt":"2026-03-11T14:16:00","slug":"henkel-boekt-hogere-marge-ondanks-dalende-omzet","status":"publish","type":"post","link":"https:\/\/www.retaildetail.be\/nl\/news\/schoonheid-verzorging\/henkel-boekt-hogere-marge-ondanks-dalende-omzet\/","title":{"rendered":"Henkel boekt hogere marge ondanks dalende omzet"},"content":{"rendered":"\n<p><strong>Henkel<\/strong>, eigenaar van merken als Persil en Schwarzkopf, wist in 2025 zijn winstgevendheid te verbeteren, ondanks een uitdagend economisch klimaat. De omzet daalde, hoofdzakelijk door wisselkoerseffecten.<\/p>\n\n\n\n<h2 class=\"wp-block-heading\">Geopolitieke spanningen<\/h2>\n\n\n\n<p>De gerapporteerde omzet van Henkel daalde vorig jaar met 5,1% naar ongeveer 20,5 miljard euro, voornamelijk door negatieve wisselkoerseffecten en desinvesteringen in het portfolio. Gecorrigeerd voor wisselkoerseffecten en overnames steeg de omzet met 0,9%. In een jaar van zwakke vraag legde de multinational zijn focus op effici\u00ebntie, en dat loonde: de EBIT-marge verbeterde met 0,5 procentpunt tot 14,8%, wat aantoont dat Henkel zijn winstgevendheid heeft kunnen verhogen ondanks druk op de omzet.<\/p>\n\n\n\n<p>De grootste divisie van Henkel, Adhesive Technologies, genereerde een omzet van 10,7 miljard euro en groeide organisch met 1,5%. De consumentenmerken realiseerden een omzet van ongeveer 9,7 miljard euro, met een organische groei van 0,3%. De EBIT-marge in deze divisie verbeterde aanzienlijk tot 14,5%, mede dankzij een grotere focus op merken met hoge marges.<\/p>\n\n\n\n<p>\u201cOnze bedrijfsomgeving wordt nog steeds gekenmerkt door grote uitdagingen, waaronder militaire conflicten, geopolitieke spanningen in veel delen van de wereld en verstrekkende handels- en tariefconflicten. De daaruit voortvloeiende onzekerheden hebben het consumentenvertrouwen en de industri\u00eble vraag verzwakt. Met de oorlog in het Midden-Oosten die eind februari begon, is de onzekerheid opnieuw aanzienlijk toegenomen\u201d, aldus Carsten Knobel, CEO van Henkel.<\/p>\n\n\n\n<h2 class=\"wp-block-heading\">Acquisitie in de VS<\/h2>\n\n\n\n<p>De topman toont zich evenwel vol vertrouwen: \u201cDe resultaten voor 2025 tonen duidelijk aan dat we met onze strategie voor duurzame, doelgerichte groei op de goede weg zijn en het bedrijf effectief positioneren voor de toekomst. Dit komt ook tot uiting in onze vooruitzichten voor het boekjaar 2026, waarin we verdere omzet- en winstgroei verwachten, ook al zal het begin van het jaar waarschijnlijk wat zwakker zijn.\u201d Het bedrijf verwacht voor 2026 een gematigde groei van 1 tot 3%.<\/p>\n\n\n\n<p>Zopas tekende de multinational een overeenkomst voor de overname van Not Your Mother&#8217;s, een snelgroeiend merk voor haarverzorging en styling in Noord-Amerika dat momenteel eigendom is van private equity-investeerder Main Post Partners. Het merk genereerde in het boekjaar 2025 een omzet van ongeveer 190 miljoen euro, met een dubbelcijferige groei en een sterke brutomarge. Hiermee versterkt Henkel zijn positie in het segment haarverzorging, \u00e9\u00e9n van zijn belangrijkste categorie\u00ebn in de consumentenmarkt.<\/p>\n","protected":false},"excerpt":{"rendered":"<p>Henkel, eigenaar van merken als Persil en Schwarzkopf, wist in 2025 zijn winstgevendheid te verbeteren, ondanks een uitdagend economisch klimaat. De omzet daalde, hoofdzakelijk door wisselkoerseffecten. <\/p>\n","protected":false},"author":3,"featured_media":124796,"comment_status":"closed","ping_status":"closed","sticky":false,"template":"","format":"standard","meta":{"_acf_changed":false,"inline_featured_image":false,"_jetpack_memberships_contains_paid_content":false,"footnotes":""},"categories":[19],"tags":[],"people":[],"extra":[43],"company":[330],"topic":[88],"region":[],"class_list":["post-143839","post","type-post","status-publish","format-standard","has-post-thumbnail","hentry","category-schoonheid-verzorging","extra-plus","company-henkel","topic-bedrijfsresultaten"],"acf":[],"yoast_head":"<!-- This site is optimized with the Yoast SEO plugin v27.3 - https:\/\/yoast.com\/product\/yoast-seo-wordpress\/ -->\n<title>Henkel boekt hogere marge ondanks dalende omzet - RetailDetail BE<\/title>\n<meta name=\"description\" content=\"Henkel, eigenaar van merken als Persil en Schwarzkopf, wist in 2025 zijn winstgevendheid te verbeteren, ondanks een uitdagend economisch klimaat.\" \/>\n<meta name=\"robots\" content=\"index, follow, max-snippet:-1, max-image-preview:large, max-video-preview:-1\" \/>\n<link rel=\"canonical\" href=\"https:\/\/www.retaildetail.be\/nl\/news\/schoonheid-verzorging\/henkel-boekt-hogere-marge-ondanks-dalende-omzet\/\" \/>\n<meta property=\"og:locale\" content=\"nl_NL\" \/>\n<meta property=\"og:type\" content=\"article\" \/>\n<meta property=\"og:title\" content=\"Henkel boekt hogere marge ondanks dalende omzet - RetailDetail BE\" \/>\n<meta property=\"og:description\" content=\"Henkel, eigenaar van merken als Persil en Schwarzkopf, wist in 2025 zijn winstgevendheid te verbeteren, ondanks een uitdagend economisch klimaat.\" \/>\n<meta property=\"og:url\" content=\"https:\/\/www.retaildetail.be\/nl\/news\/schoonheid-verzorging\/henkel-boekt-hogere-marge-ondanks-dalende-omzet\/\" \/>\n<meta property=\"og:site_name\" content=\"RetailDetail BE\" \/>\n<meta property=\"article:published_time\" content=\"2026-03-11T14:15:59+00:00\" \/>\n<meta property=\"article:modified_time\" content=\"2026-03-11T14:16:00+00:00\" \/>\n<meta property=\"og:image\" content=\"https:\/\/www.retaildetail.be\/wp-content\/uploads\/2025\/08\/Henkel_0-1.jpg\" \/>\n\t<meta property=\"og:image:width\" content=\"1350\" \/>\n\t<meta property=\"og:image:height\" content=\"900\" \/>\n\t<meta property=\"og:image:type\" content=\"image\/jpeg\" \/>\n<meta name=\"author\" content=\"Stefan Van Rompaey\" \/>\n<meta name=\"twitter:card\" content=\"summary_large_image\" \/>\n<meta name=\"twitter:label1\" content=\"Geschreven door\" \/>\n\t<meta name=\"twitter:data1\" content=\"Stefan Van Rompaey\" \/>\n\t<meta name=\"twitter:label2\" content=\"Geschatte leestijd\" \/>\n\t<meta name=\"twitter:data2\" content=\"2 minuten\" \/>\n<script type=\"application\/ld+json\" class=\"yoast-schema-graph\">{\"@context\":\"https:\\\/\\\/schema.org\",\"@graph\":[{\"@type\":\"NewsArticle\",\"@id\":\"https:\\\/\\\/www.retaildetail.be\\\/nl\\\/news\\\/schoonheid-verzorging\\\/henkel-boekt-hogere-marge-ondanks-dalende-omzet\\\/#article\",\"isPartOf\":{\"@id\":\"https:\\\/\\\/www.retaildetail.be\\\/nl\\\/news\\\/schoonheid-verzorging\\\/henkel-boekt-hogere-marge-ondanks-dalende-omzet\\\/\"},\"author\":{\"name\":\"Stefan Van Rompaey\",\"@id\":\"https:\\\/\\\/www.retaildetail.be\\\/nl\\\/#\\\/schema\\\/person\\\/51aec6069c4416aa2f68b2e4ff3455df\"},\"headline\":\"Henkel boekt hogere marge ondanks dalende omzet\",\"datePublished\":\"2026-03-11T14:15:59+00:00\",\"dateModified\":\"2026-03-11T14:16:00+00:00\",\"mainEntityOfPage\":{\"@id\":\"https:\\\/\\\/www.retaildetail.be\\\/nl\\\/news\\\/schoonheid-verzorging\\\/henkel-boekt-hogere-marge-ondanks-dalende-omzet\\\/\"},\"wordCount\":360,\"publisher\":{\"@id\":\"https:\\\/\\\/www.retaildetail.be\\\/nl\\\/#organization\"},\"image\":{\"@id\":\"https:\\\/\\\/www.retaildetail.be\\\/nl\\\/news\\\/schoonheid-verzorging\\\/henkel-boekt-hogere-marge-ondanks-dalende-omzet\\\/#primaryimage\"},\"thumbnailUrl\":\"https:\\\/\\\/www.retaildetail.be\\\/wp-content\\\/uploads\\\/2025\\\/08\\\/Henkel_0-1.jpg\",\"articleSection\":[\"Schoonheid\\\/verzorging\"],\"inLanguage\":\"nl-NL\",\"copyrightYear\":\"2026\",\"copyrightHolder\":{\"@id\":\"https:\\\/\\\/www.retaildetail.be\\\/#organization\"}},{\"@type\":\"WebPage\",\"@id\":\"https:\\\/\\\/www.retaildetail.be\\\/nl\\\/news\\\/schoonheid-verzorging\\\/henkel-boekt-hogere-marge-ondanks-dalende-omzet\\\/\",\"url\":\"https:\\\/\\\/www.retaildetail.be\\\/nl\\\/news\\\/schoonheid-verzorging\\\/henkel-boekt-hogere-marge-ondanks-dalende-omzet\\\/\",\"name\":\"Henkel boekt hogere marge ondanks dalende omzet - RetailDetail BE\",\"isPartOf\":{\"@id\":\"https:\\\/\\\/www.retaildetail.be\\\/nl\\\/#website\"},\"primaryImageOfPage\":{\"@id\":\"https:\\\/\\\/www.retaildetail.be\\\/nl\\\/news\\\/schoonheid-verzorging\\\/henkel-boekt-hogere-marge-ondanks-dalende-omzet\\\/#primaryimage\"},\"image\":{\"@id\":\"https:\\\/\\\/www.retaildetail.be\\\/nl\\\/news\\\/schoonheid-verzorging\\\/henkel-boekt-hogere-marge-ondanks-dalende-omzet\\\/#primaryimage\"},\"thumbnailUrl\":\"https:\\\/\\\/www.retaildetail.be\\\/wp-content\\\/uploads\\\/2025\\\/08\\\/Henkel_0-1.jpg\",\"datePublished\":\"2026-03-11T14:15:59+00:00\",\"dateModified\":\"2026-03-11T14:16:00+00:00\",\"description\":\"Henkel, eigenaar van merken als Persil en Schwarzkopf, wist in 2025 zijn winstgevendheid te verbeteren, ondanks een uitdagend economisch klimaat.\",\"breadcrumb\":{\"@id\":\"https:\\\/\\\/www.retaildetail.be\\\/nl\\\/news\\\/schoonheid-verzorging\\\/henkel-boekt-hogere-marge-ondanks-dalende-omzet\\\/#breadcrumb\"},\"inLanguage\":\"nl-NL\",\"potentialAction\":[{\"@type\":\"ReadAction\",\"target\":[\"https:\\\/\\\/www.retaildetail.be\\\/nl\\\/news\\\/schoonheid-verzorging\\\/henkel-boekt-hogere-marge-ondanks-dalende-omzet\\\/\"]}]},{\"@type\":\"ImageObject\",\"inLanguage\":\"nl-NL\",\"@id\":\"https:\\\/\\\/www.retaildetail.be\\\/nl\\\/news\\\/schoonheid-verzorging\\\/henkel-boekt-hogere-marge-ondanks-dalende-omzet\\\/#primaryimage\",\"url\":\"https:\\\/\\\/www.retaildetail.be\\\/wp-content\\\/uploads\\\/2025\\\/08\\\/Henkel_0-1.jpg\",\"contentUrl\":\"https:\\\/\\\/www.retaildetail.be\\\/wp-content\\\/uploads\\\/2025\\\/08\\\/Henkel_0-1.jpg\",\"width\":1350,\"height\":900},{\"@type\":\"BreadcrumbList\",\"@id\":\"https:\\\/\\\/www.retaildetail.be\\\/nl\\\/news\\\/schoonheid-verzorging\\\/henkel-boekt-hogere-marge-ondanks-dalende-omzet\\\/#breadcrumb\",\"itemListElement\":[{\"@type\":\"ListItem\",\"position\":1,\"name\":\"Home\",\"item\":\"https:\\\/\\\/www.retaildetail.be\\\/nl\\\/\"},{\"@type\":\"ListItem\",\"position\":2,\"name\":\"Henkel boekt hogere marge ondanks dalende omzet\"}]},{\"@type\":\"WebSite\",\"@id\":\"https:\\\/\\\/www.retaildetail.be\\\/nl\\\/#website\",\"url\":\"https:\\\/\\\/www.retaildetail.be\\\/nl\\\/\",\"name\":\"RetailDetail BE\",\"description\":\"News\",\"publisher\":{\"@id\":\"https:\\\/\\\/www.retaildetail.be\\\/nl\\\/#organization\"},\"potentialAction\":[{\"@type\":\"SearchAction\",\"target\":{\"@type\":\"EntryPoint\",\"urlTemplate\":\"https:\\\/\\\/www.retaildetail.be\\\/nl\\\/?s={search_term_string}\"},\"query-input\":{\"@type\":\"PropertyValueSpecification\",\"valueRequired\":true,\"valueName\":\"search_term_string\"}}],\"inLanguage\":\"nl-NL\"},{\"@type\":\"Organization\",\"@id\":\"https:\\\/\\\/www.retaildetail.be\\\/nl\\\/#organization\",\"name\":\"RetailDetail BE\",\"url\":\"https:\\\/\\\/www.retaildetail.be\\\/nl\\\/\",\"logo\":{\"@type\":\"ImageObject\",\"inLanguage\":\"nl-NL\",\"@id\":\"https:\\\/\\\/www.retaildetail.be\\\/nl\\\/#\\\/schema\\\/logo\\\/image\\\/\",\"url\":\"https:\\\/\\\/www.retaildetail.be\\\/wp-content\\\/uploads\\\/2022\\\/04\\\/logo.svg\",\"contentUrl\":\"https:\\\/\\\/www.retaildetail.be\\\/wp-content\\\/uploads\\\/2022\\\/04\\\/logo.svg\",\"width\":131,\"height\":70,\"caption\":\"RetailDetail BE\"},\"image\":{\"@id\":\"https:\\\/\\\/www.retaildetail.be\\\/nl\\\/#\\\/schema\\\/logo\\\/image\\\/\"}},{\"@type\":\"Person\",\"@id\":\"https:\\\/\\\/www.retaildetail.be\\\/nl\\\/#\\\/schema\\\/person\\\/51aec6069c4416aa2f68b2e4ff3455df\",\"name\":\"Stefan Van Rompaey\",\"image\":{\"@type\":\"ImageObject\",\"inLanguage\":\"nl-NL\",\"@id\":\"https:\\\/\\\/secure.gravatar.com\\\/avatar\\\/fbbb4a80a0f109888b2a5ab8ae255617499ecde533749b3ab2fa6c23b5d65dac?s=96&d=mm&r=g\",\"url\":\"https:\\\/\\\/secure.gravatar.com\\\/avatar\\\/fbbb4a80a0f109888b2a5ab8ae255617499ecde533749b3ab2fa6c23b5d65dac?s=96&d=mm&r=g\",\"contentUrl\":\"https:\\\/\\\/secure.gravatar.com\\\/avatar\\\/fbbb4a80a0f109888b2a5ab8ae255617499ecde533749b3ab2fa6c23b5d65dac?s=96&d=mm&r=g\",\"caption\":\"Stefan Van Rompaey\"},\"url\":\"https:\\\/\\\/www.retaildetail.be\\\/nl\\\/author\\\/stefanvanrompaey\\\/\"}]}<\/script>\n<!-- \/ Yoast SEO plugin. -->","yoast_head_json":{"title":"Henkel boekt hogere marge ondanks dalende omzet - RetailDetail BE","description":"Henkel, eigenaar van merken als Persil en Schwarzkopf, wist in 2025 zijn winstgevendheid te verbeteren, ondanks een uitdagend economisch klimaat.","robots":{"index":"index","follow":"follow","max-snippet":"max-snippet:-1","max-image-preview":"max-image-preview:large","max-video-preview":"max-video-preview:-1"},"canonical":"https:\/\/www.retaildetail.be\/nl\/news\/schoonheid-verzorging\/henkel-boekt-hogere-marge-ondanks-dalende-omzet\/","og_locale":"nl_NL","og_type":"article","og_title":"Henkel boekt hogere marge ondanks dalende omzet - RetailDetail BE","og_description":"Henkel, eigenaar van merken als Persil en Schwarzkopf, wist in 2025 zijn winstgevendheid te verbeteren, ondanks een uitdagend economisch klimaat.","og_url":"https:\/\/www.retaildetail.be\/nl\/news\/schoonheid-verzorging\/henkel-boekt-hogere-marge-ondanks-dalende-omzet\/","og_site_name":"RetailDetail BE","article_published_time":"2026-03-11T14:15:59+00:00","article_modified_time":"2026-03-11T14:16:00+00:00","og_image":[{"width":1350,"height":900,"url":"https:\/\/www.retaildetail.be\/wp-content\/uploads\/2025\/08\/Henkel_0-1.jpg","type":"image\/jpeg"}],"author":"Stefan Van Rompaey","twitter_card":"summary_large_image","twitter_misc":{"Geschreven door":"Stefan Van Rompaey","Geschatte leestijd":"2 minuten"},"schema":{"@context":"https:\/\/schema.org","@graph":[{"@type":"NewsArticle","@id":"https:\/\/www.retaildetail.be\/nl\/news\/schoonheid-verzorging\/henkel-boekt-hogere-marge-ondanks-dalende-omzet\/#article","isPartOf":{"@id":"https:\/\/www.retaildetail.be\/nl\/news\/schoonheid-verzorging\/henkel-boekt-hogere-marge-ondanks-dalende-omzet\/"},"author":{"name":"Stefan Van Rompaey","@id":"https:\/\/www.retaildetail.be\/nl\/#\/schema\/person\/51aec6069c4416aa2f68b2e4ff3455df"},"headline":"Henkel boekt hogere marge ondanks dalende omzet","datePublished":"2026-03-11T14:15:59+00:00","dateModified":"2026-03-11T14:16:00+00:00","mainEntityOfPage":{"@id":"https:\/\/www.retaildetail.be\/nl\/news\/schoonheid-verzorging\/henkel-boekt-hogere-marge-ondanks-dalende-omzet\/"},"wordCount":360,"publisher":{"@id":"https:\/\/www.retaildetail.be\/nl\/#organization"},"image":{"@id":"https:\/\/www.retaildetail.be\/nl\/news\/schoonheid-verzorging\/henkel-boekt-hogere-marge-ondanks-dalende-omzet\/#primaryimage"},"thumbnailUrl":"https:\/\/www.retaildetail.be\/wp-content\/uploads\/2025\/08\/Henkel_0-1.jpg","articleSection":["Schoonheid\/verzorging"],"inLanguage":"nl-NL","copyrightYear":"2026","copyrightHolder":{"@id":"https:\/\/www.retaildetail.be\/#organization"}},{"@type":"WebPage","@id":"https:\/\/www.retaildetail.be\/nl\/news\/schoonheid-verzorging\/henkel-boekt-hogere-marge-ondanks-dalende-omzet\/","url":"https:\/\/www.retaildetail.be\/nl\/news\/schoonheid-verzorging\/henkel-boekt-hogere-marge-ondanks-dalende-omzet\/","name":"Henkel boekt hogere marge ondanks dalende omzet - RetailDetail BE","isPartOf":{"@id":"https:\/\/www.retaildetail.be\/nl\/#website"},"primaryImageOfPage":{"@id":"https:\/\/www.retaildetail.be\/nl\/news\/schoonheid-verzorging\/henkel-boekt-hogere-marge-ondanks-dalende-omzet\/#primaryimage"},"image":{"@id":"https:\/\/www.retaildetail.be\/nl\/news\/schoonheid-verzorging\/henkel-boekt-hogere-marge-ondanks-dalende-omzet\/#primaryimage"},"thumbnailUrl":"https:\/\/www.retaildetail.be\/wp-content\/uploads\/2025\/08\/Henkel_0-1.jpg","datePublished":"2026-03-11T14:15:59+00:00","dateModified":"2026-03-11T14:16:00+00:00","description":"Henkel, eigenaar van merken als Persil en Schwarzkopf, wist in 2025 zijn winstgevendheid te verbeteren, ondanks een uitdagend economisch klimaat.","breadcrumb":{"@id":"https:\/\/www.retaildetail.be\/nl\/news\/schoonheid-verzorging\/henkel-boekt-hogere-marge-ondanks-dalende-omzet\/#breadcrumb"},"inLanguage":"nl-NL","potentialAction":[{"@type":"ReadAction","target":["https:\/\/www.retaildetail.be\/nl\/news\/schoonheid-verzorging\/henkel-boekt-hogere-marge-ondanks-dalende-omzet\/"]}]},{"@type":"ImageObject","inLanguage":"nl-NL","@id":"https:\/\/www.retaildetail.be\/nl\/news\/schoonheid-verzorging\/henkel-boekt-hogere-marge-ondanks-dalende-omzet\/#primaryimage","url":"https:\/\/www.retaildetail.be\/wp-content\/uploads\/2025\/08\/Henkel_0-1.jpg","contentUrl":"https:\/\/www.retaildetail.be\/wp-content\/uploads\/2025\/08\/Henkel_0-1.jpg","width":1350,"height":900},{"@type":"BreadcrumbList","@id":"https:\/\/www.retaildetail.be\/nl\/news\/schoonheid-verzorging\/henkel-boekt-hogere-marge-ondanks-dalende-omzet\/#breadcrumb","itemListElement":[{"@type":"ListItem","position":1,"name":"Home","item":"https:\/\/www.retaildetail.be\/nl\/"},{"@type":"ListItem","position":2,"name":"Henkel boekt hogere marge ondanks dalende omzet"}]},{"@type":"WebSite","@id":"https:\/\/www.retaildetail.be\/nl\/#website","url":"https:\/\/www.retaildetail.be\/nl\/","name":"RetailDetail BE","description":"News","publisher":{"@id":"https:\/\/www.retaildetail.be\/nl\/#organization"},"potentialAction":[{"@type":"SearchAction","target":{"@type":"EntryPoint","urlTemplate":"https:\/\/www.retaildetail.be\/nl\/?s={search_term_string}"},"query-input":{"@type":"PropertyValueSpecification","valueRequired":true,"valueName":"search_term_string"}}],"inLanguage":"nl-NL"},{"@type":"Organization","@id":"https:\/\/www.retaildetail.be\/nl\/#organization","name":"RetailDetail BE","url":"https:\/\/www.retaildetail.be\/nl\/","logo":{"@type":"ImageObject","inLanguage":"nl-NL","@id":"https:\/\/www.retaildetail.be\/nl\/#\/schema\/logo\/image\/","url":"https:\/\/www.retaildetail.be\/wp-content\/uploads\/2022\/04\/logo.svg","contentUrl":"https:\/\/www.retaildetail.be\/wp-content\/uploads\/2022\/04\/logo.svg","width":131,"height":70,"caption":"RetailDetail BE"},"image":{"@id":"https:\/\/www.retaildetail.be\/nl\/#\/schema\/logo\/image\/"}},{"@type":"Person","@id":"https:\/\/www.retaildetail.be\/nl\/#\/schema\/person\/51aec6069c4416aa2f68b2e4ff3455df","name":"Stefan Van Rompaey","image":{"@type":"ImageObject","inLanguage":"nl-NL","@id":"https:\/\/secure.gravatar.com\/avatar\/fbbb4a80a0f109888b2a5ab8ae255617499ecde533749b3ab2fa6c23b5d65dac?s=96&d=mm&r=g","url":"https:\/\/secure.gravatar.com\/avatar\/fbbb4a80a0f109888b2a5ab8ae255617499ecde533749b3ab2fa6c23b5d65dac?s=96&d=mm&r=g","contentUrl":"https:\/\/secure.gravatar.com\/avatar\/fbbb4a80a0f109888b2a5ab8ae255617499ecde533749b3ab2fa6c23b5d65dac?s=96&d=mm&r=g","caption":"Stefan Van Rompaey"},"url":"https:\/\/www.retaildetail.be\/nl\/author\/stefanvanrompaey\/"}]}},"jetpack_featured_media_url":"https:\/\/www.retaildetail.be\/wp-content\/uploads\/2025\/08\/Henkel_0-1.jpg","jetpack_sharing_enabled":true,"_links":{"self":[{"href":"https:\/\/www.retaildetail.be\/nl\/wp-json\/wp\/v2\/posts\/143839","targetHints":{"allow":["GET"]}}],"collection":[{"href":"https:\/\/www.retaildetail.be\/nl\/wp-json\/wp\/v2\/posts"}],"about":[{"href":"https:\/\/www.retaildetail.be\/nl\/wp-json\/wp\/v2\/types\/post"}],"author":[{"embeddable":true,"href":"https:\/\/www.retaildetail.be\/nl\/wp-json\/wp\/v2\/users\/3"}],"replies":[{"embeddable":true,"href":"https:\/\/www.retaildetail.be\/nl\/wp-json\/wp\/v2\/comments?post=143839"}],"version-history":[{"count":1,"href":"https:\/\/www.retaildetail.be\/nl\/wp-json\/wp\/v2\/posts\/143839\/revisions"}],"predecessor-version":[{"id":143840,"href":"https:\/\/www.retaildetail.be\/nl\/wp-json\/wp\/v2\/posts\/143839\/revisions\/143840"}],"wp:featuredmedia":[{"embeddable":true,"href":"https:\/\/www.retaildetail.be\/nl\/wp-json\/wp\/v2\/media\/124796"}],"wp:attachment":[{"href":"https:\/\/www.retaildetail.be\/nl\/wp-json\/wp\/v2\/media?parent=143839"}],"wp:term":[{"taxonomy":"category","embeddable":true,"href":"https:\/\/www.retaildetail.be\/nl\/wp-json\/wp\/v2\/categories?post=143839"},{"taxonomy":"post_tag","embeddable":true,"href":"https:\/\/www.retaildetail.be\/nl\/wp-json\/wp\/v2\/tags?post=143839"},{"taxonomy":"people","embeddable":true,"href":"https:\/\/www.retaildetail.be\/nl\/wp-json\/wp\/v2\/people?post=143839"},{"taxonomy":"extra","embeddable":true,"href":"https:\/\/www.retaildetail.be\/nl\/wp-json\/wp\/v2\/extra?post=143839"},{"taxonomy":"company","embeddable":true,"href":"https:\/\/www.retaildetail.be\/nl\/wp-json\/wp\/v2\/company?post=143839"},{"taxonomy":"topic","embeddable":true,"href":"https:\/\/www.retaildetail.be\/nl\/wp-json\/wp\/v2\/topic?post=143839"},{"taxonomy":"region","embeddable":true,"href":"https:\/\/www.retaildetail.be\/nl\/wp-json\/wp\/v2\/region?post=143839"}],"curies":[{"name":"wp","href":"https:\/\/api.w.org\/{rel}","templated":true}]}}