{"id":144104,"date":"2026-03-17T10:44:13","date_gmt":"2026-03-17T09:44:13","guid":{"rendered":"https:\/\/www.retaildetail.be\/?p=144104"},"modified":"2026-03-17T10:44:15","modified_gmt":"2026-03-17T09:44:15","slug":"uniqlo-europe-verbreekt-winstrecord-met-2433-miljoen-euro-in-fiscaal-jaar-2025","status":"publish","type":"post","link":"https:\/\/www.retaildetail.be\/nl\/news\/mode\/uniqlo-europe-verbreekt-winstrecord-met-2433-miljoen-euro-in-fiscaal-jaar-2025\/","title":{"rendered":"Uniqlo breekt opnieuw records in Europa"},"content":{"rendered":"\n<p><strong>Uniqlo<\/strong> heeft in Europa bijzonder sterke prestaties geboekt, met grote omzet- en winststijgingen in het afgelopen boekjaar. De retailer schrijft de goede cijfers toe aan expansie en de instroom van jongere klanten. <\/p>\n\n\n\n<h2 class=\"wp-block-heading\">Dubbelcijferige groei<\/h2>\n\n\n\n<p>In het boekjaar dat eindigde op 31 augustus 2025 steeg de omzet van Uniqlo Europe met 34% tot 2,27 miljard euro terwijl de nettowinst 9,12% steeg naar 243,3 miljoen euro. De operationele winst v\u00f3\u00f3r bijzondere waardeverminderingen steeg met 14,2% naar 323,43 miljoen euro. De brutomarge blijft 59%, \u00e9\u00e9n procentpunt lager dan in 2024 door wisselkoersschommelingen en hogere inkoopkosten.<\/p>\n\n\n\n<p>De Europese tak blijft daarmee de snelst groeiende divisie binnen de groep Fast Retailing. De retailer schrijft de groei toe aan de blijvende aantrekkingskracht van de LifeWear-filosofie in Europa en een duidelijke instroom van jongere klanten. Ook kwamen er in het boekjaar tien winkels bij, waarmee het totaal op 88 locaties komt in elf landen. In het lopende boekjaar gingen er ook al zes bijkomende winkels open, in Duitsland, het Verenigd Koninkrijk en Frankrijk. Eerste rapportages over het eerste kwartaal van boekjaar 2026 wijzen op aanhoudende dubbelcijferige groei. Het bedrijf ambieert een omzet van 500 miljard Japanse yen (2,74 miljard euro) en een operationele winstmarge van 20% tegen het einde van boekjaar 2027.<\/p>\n\n\n\n<p>Uniqlo rolt ook de circulaire activiteiten verder uit. De groep mikt tegen 2030 op ongeveer 50% gerecyclede en lage-emissiematerialen in de collecties. In boekjaar 2025 liep dit aandeel op naar 19,4%, tegenover 15,9% een jaar eerder. Daarnaast gebruikt het merk voor het merendeel van de Europese activiteiten honderd procent hernieuwbare elektriciteit. In september lanceerde de retailer een wide straight jeans met 26% gerecycled katoen uit productieresten. Deze stappen passen binnen het streven om tegen 2050 netto-nul broeikasgasemissies te halen.<\/p>\n\n\n\n<p><\/p>\n","protected":false},"excerpt":{"rendered":"<p>Uniqlo heeft in Europa bijzonder sterke prestaties geboekt, met grote omzet- en winststijgingen in het afgelopen boekjaar. De retailer schrijft de goede cijfers toe aan expansie en de instroom van jongere klanten. <\/p>\n","protected":false},"author":10,"featured_media":139405,"comment_status":"open","ping_status":"closed","sticky":false,"template":"","format":"standard","meta":{"_acf_changed":false,"inline_featured_image":false,"_jetpack_memberships_contains_paid_content":false,"footnotes":""},"categories":[14],"tags":[],"people":[],"extra":[43],"company":[712,713],"topic":[88],"region":[91],"class_list":["post-144104","post","type-post","status-publish","format-standard","has-post-thumbnail","hentry","category-mode","extra-plus","company-fast-retailing","company-uniqlo","topic-bedrijfsresultaten","region-europa"],"acf":[],"yoast_head":"<!-- This site is optimized with the Yoast SEO plugin v27.3 - https:\/\/yoast.com\/product\/yoast-seo-wordpress\/ -->\n<title>Uniqlo breekt opnieuw records in Europa - RetailDetail BE<\/title>\n<meta name=\"description\" content=\"Uniqlo heeft in Europa bijzonder sterke prestaties geboekt, met grote omzet- en winststijgingen in het afgelopen boekjaar.\" \/>\n<meta name=\"robots\" content=\"index, follow, max-snippet:-1, max-image-preview:large, max-video-preview:-1\" \/>\n<link rel=\"canonical\" href=\"https:\/\/www.retaildetail.be\/nl\/news\/mode\/uniqlo-europe-verbreekt-winstrecord-met-2433-miljoen-euro-in-fiscaal-jaar-2025\/\" \/>\n<meta property=\"og:locale\" content=\"nl_NL\" \/>\n<meta property=\"og:type\" content=\"article\" \/>\n<meta property=\"og:title\" content=\"Uniqlo breekt opnieuw records in Europa - RetailDetail BE\" \/>\n<meta property=\"og:description\" content=\"Uniqlo heeft in Europa bijzonder sterke prestaties geboekt, met grote omzet- en winststijgingen in het afgelopen boekjaar.\" \/>\n<meta property=\"og:url\" content=\"https:\/\/www.retaildetail.be\/nl\/news\/mode\/uniqlo-europe-verbreekt-winstrecord-met-2433-miljoen-euro-in-fiscaal-jaar-2025\/\" \/>\n<meta property=\"og:site_name\" content=\"RetailDetail BE\" \/>\n<meta property=\"article:published_time\" content=\"2026-03-17T09:44:13+00:00\" \/>\n<meta property=\"article:modified_time\" content=\"2026-03-17T09:44:15+00:00\" \/>\n<meta property=\"og:image\" content=\"https:\/\/www.retaildetail.be\/wp-content\/uploads\/2026\/01\/Uniqlo_Antwerpen_Anvers_FACADE-Aangepast.jpg\" \/>\n\t<meta property=\"og:image:width\" content=\"891\" \/>\n\t<meta property=\"og:image:height\" content=\"640\" \/>\n\t<meta property=\"og:image:type\" content=\"image\/jpeg\" \/>\n<meta name=\"author\" content=\"Jorg Snoeck\" \/>\n<meta name=\"twitter:card\" content=\"summary_large_image\" \/>\n<meta name=\"twitter:label1\" content=\"Geschreven door\" \/>\n\t<meta name=\"twitter:data1\" content=\"Jorg Snoeck\" \/>\n\t<meta name=\"twitter:label2\" content=\"Geschatte leestijd\" \/>\n\t<meta name=\"twitter:data2\" content=\"1 minuut\" \/>\n<script type=\"application\/ld+json\" class=\"yoast-schema-graph\">{\"@context\":\"https:\\\/\\\/schema.org\",\"@graph\":[{\"@type\":\"NewsArticle\",\"@id\":\"https:\\\/\\\/www.retaildetail.be\\\/nl\\\/news\\\/mode\\\/uniqlo-europe-verbreekt-winstrecord-met-2433-miljoen-euro-in-fiscaal-jaar-2025\\\/#article\",\"isPartOf\":{\"@id\":\"https:\\\/\\\/www.retaildetail.be\\\/nl\\\/news\\\/mode\\\/uniqlo-europe-verbreekt-winstrecord-met-2433-miljoen-euro-in-fiscaal-jaar-2025\\\/\"},\"author\":{\"name\":\"Jorg Snoeck\",\"@id\":\"https:\\\/\\\/www.retaildetail.be\\\/nl\\\/#\\\/schema\\\/person\\\/71d9b89376db00e9b1aa8a2841e71a72\"},\"headline\":\"Uniqlo breekt opnieuw records in Europa\",\"datePublished\":\"2026-03-17T09:44:13+00:00\",\"dateModified\":\"2026-03-17T09:44:15+00:00\",\"mainEntityOfPage\":{\"@id\":\"https:\\\/\\\/www.retaildetail.be\\\/nl\\\/news\\\/mode\\\/uniqlo-europe-verbreekt-winstrecord-met-2433-miljoen-euro-in-fiscaal-jaar-2025\\\/\"},\"wordCount\":268,\"commentCount\":0,\"publisher\":{\"@id\":\"https:\\\/\\\/www.retaildetail.be\\\/nl\\\/#organization\"},\"image\":{\"@id\":\"https:\\\/\\\/www.retaildetail.be\\\/nl\\\/news\\\/mode\\\/uniqlo-europe-verbreekt-winstrecord-met-2433-miljoen-euro-in-fiscaal-jaar-2025\\\/#primaryimage\"},\"thumbnailUrl\":\"https:\\\/\\\/www.retaildetail.be\\\/wp-content\\\/uploads\\\/2026\\\/01\\\/Uniqlo_Antwerpen_Anvers_FACADE-Aangepast.jpg\",\"articleSection\":[\"Mode\"],\"inLanguage\":\"nl-NL\",\"potentialAction\":[{\"@type\":\"CommentAction\",\"name\":\"Comment\",\"target\":[\"https:\\\/\\\/www.retaildetail.be\\\/nl\\\/news\\\/mode\\\/uniqlo-europe-verbreekt-winstrecord-met-2433-miljoen-euro-in-fiscaal-jaar-2025\\\/#respond\"]}],\"copyrightYear\":\"2026\",\"copyrightHolder\":{\"@id\":\"https:\\\/\\\/www.retaildetail.be\\\/#organization\"}},{\"@type\":\"WebPage\",\"@id\":\"https:\\\/\\\/www.retaildetail.be\\\/nl\\\/news\\\/mode\\\/uniqlo-europe-verbreekt-winstrecord-met-2433-miljoen-euro-in-fiscaal-jaar-2025\\\/\",\"url\":\"https:\\\/\\\/www.retaildetail.be\\\/nl\\\/news\\\/mode\\\/uniqlo-europe-verbreekt-winstrecord-met-2433-miljoen-euro-in-fiscaal-jaar-2025\\\/\",\"name\":\"Uniqlo breekt opnieuw records in Europa - RetailDetail BE\",\"isPartOf\":{\"@id\":\"https:\\\/\\\/www.retaildetail.be\\\/nl\\\/#website\"},\"primaryImageOfPage\":{\"@id\":\"https:\\\/\\\/www.retaildetail.be\\\/nl\\\/news\\\/mode\\\/uniqlo-europe-verbreekt-winstrecord-met-2433-miljoen-euro-in-fiscaal-jaar-2025\\\/#primaryimage\"},\"image\":{\"@id\":\"https:\\\/\\\/www.retaildetail.be\\\/nl\\\/news\\\/mode\\\/uniqlo-europe-verbreekt-winstrecord-met-2433-miljoen-euro-in-fiscaal-jaar-2025\\\/#primaryimage\"},\"thumbnailUrl\":\"https:\\\/\\\/www.retaildetail.be\\\/wp-content\\\/uploads\\\/2026\\\/01\\\/Uniqlo_Antwerpen_Anvers_FACADE-Aangepast.jpg\",\"datePublished\":\"2026-03-17T09:44:13+00:00\",\"dateModified\":\"2026-03-17T09:44:15+00:00\",\"description\":\"Uniqlo heeft in Europa bijzonder sterke prestaties geboekt, met grote omzet- en winststijgingen in het afgelopen boekjaar.\",\"breadcrumb\":{\"@id\":\"https:\\\/\\\/www.retaildetail.be\\\/nl\\\/news\\\/mode\\\/uniqlo-europe-verbreekt-winstrecord-met-2433-miljoen-euro-in-fiscaal-jaar-2025\\\/#breadcrumb\"},\"inLanguage\":\"nl-NL\",\"potentialAction\":[{\"@type\":\"ReadAction\",\"target\":[\"https:\\\/\\\/www.retaildetail.be\\\/nl\\\/news\\\/mode\\\/uniqlo-europe-verbreekt-winstrecord-met-2433-miljoen-euro-in-fiscaal-jaar-2025\\\/\"]}]},{\"@type\":\"ImageObject\",\"inLanguage\":\"nl-NL\",\"@id\":\"https:\\\/\\\/www.retaildetail.be\\\/nl\\\/news\\\/mode\\\/uniqlo-europe-verbreekt-winstrecord-met-2433-miljoen-euro-in-fiscaal-jaar-2025\\\/#primaryimage\",\"url\":\"https:\\\/\\\/www.retaildetail.be\\\/wp-content\\\/uploads\\\/2026\\\/01\\\/Uniqlo_Antwerpen_Anvers_FACADE-Aangepast.jpg\",\"contentUrl\":\"https:\\\/\\\/www.retaildetail.be\\\/wp-content\\\/uploads\\\/2026\\\/01\\\/Uniqlo_Antwerpen_Anvers_FACADE-Aangepast.jpg\",\"width\":891,\"height\":640},{\"@type\":\"BreadcrumbList\",\"@id\":\"https:\\\/\\\/www.retaildetail.be\\\/nl\\\/news\\\/mode\\\/uniqlo-europe-verbreekt-winstrecord-met-2433-miljoen-euro-in-fiscaal-jaar-2025\\\/#breadcrumb\",\"itemListElement\":[{\"@type\":\"ListItem\",\"position\":1,\"name\":\"Home\",\"item\":\"https:\\\/\\\/www.retaildetail.be\\\/nl\\\/\"},{\"@type\":\"ListItem\",\"position\":2,\"name\":\"Uniqlo breekt opnieuw records in Europa\"}]},{\"@type\":\"WebSite\",\"@id\":\"https:\\\/\\\/www.retaildetail.be\\\/nl\\\/#website\",\"url\":\"https:\\\/\\\/www.retaildetail.be\\\/nl\\\/\",\"name\":\"RetailDetail BE\",\"description\":\"News\",\"publisher\":{\"@id\":\"https:\\\/\\\/www.retaildetail.be\\\/nl\\\/#organization\"},\"potentialAction\":[{\"@type\":\"SearchAction\",\"target\":{\"@type\":\"EntryPoint\",\"urlTemplate\":\"https:\\\/\\\/www.retaildetail.be\\\/nl\\\/?s={search_term_string}\"},\"query-input\":{\"@type\":\"PropertyValueSpecification\",\"valueRequired\":true,\"valueName\":\"search_term_string\"}}],\"inLanguage\":\"nl-NL\"},{\"@type\":\"Organization\",\"@id\":\"https:\\\/\\\/www.retaildetail.be\\\/nl\\\/#organization\",\"name\":\"RetailDetail BE\",\"url\":\"https:\\\/\\\/www.retaildetail.be\\\/nl\\\/\",\"logo\":{\"@type\":\"ImageObject\",\"inLanguage\":\"nl-NL\",\"@id\":\"https:\\\/\\\/www.retaildetail.be\\\/nl\\\/#\\\/schema\\\/logo\\\/image\\\/\",\"url\":\"https:\\\/\\\/www.retaildetail.be\\\/wp-content\\\/uploads\\\/2022\\\/04\\\/logo.svg\",\"contentUrl\":\"https:\\\/\\\/www.retaildetail.be\\\/wp-content\\\/uploads\\\/2022\\\/04\\\/logo.svg\",\"width\":131,\"height\":70,\"caption\":\"RetailDetail BE\"},\"image\":{\"@id\":\"https:\\\/\\\/www.retaildetail.be\\\/nl\\\/#\\\/schema\\\/logo\\\/image\\\/\"}},{\"@type\":\"Person\",\"@id\":\"https:\\\/\\\/www.retaildetail.be\\\/nl\\\/#\\\/schema\\\/person\\\/71d9b89376db00e9b1aa8a2841e71a72\",\"name\":\"Jorg Snoeck\",\"image\":{\"@type\":\"ImageObject\",\"inLanguage\":\"nl-NL\",\"@id\":\"https:\\\/\\\/secure.gravatar.com\\\/avatar\\\/fc1bd94c7d40f2446e6bf778bb34cf9ab000168f63533cec8e072f4ad96ce7f3?s=96&d=mm&r=g\",\"url\":\"https:\\\/\\\/secure.gravatar.com\\\/avatar\\\/fc1bd94c7d40f2446e6bf778bb34cf9ab000168f63533cec8e072f4ad96ce7f3?s=96&d=mm&r=g\",\"contentUrl\":\"https:\\\/\\\/secure.gravatar.com\\\/avatar\\\/fc1bd94c7d40f2446e6bf778bb34cf9ab000168f63533cec8e072f4ad96ce7f3?s=96&d=mm&r=g\",\"caption\":\"Jorg Snoeck\"},\"url\":\"https:\\\/\\\/www.retaildetail.be\\\/nl\\\/author\\\/jorgsnoeck\\\/\"}]}<\/script>\n<!-- \/ Yoast SEO plugin. -->","yoast_head_json":{"title":"Uniqlo breekt opnieuw records in Europa - RetailDetail BE","description":"Uniqlo heeft in Europa bijzonder sterke prestaties geboekt, met grote omzet- en winststijgingen in het afgelopen boekjaar.","robots":{"index":"index","follow":"follow","max-snippet":"max-snippet:-1","max-image-preview":"max-image-preview:large","max-video-preview":"max-video-preview:-1"},"canonical":"https:\/\/www.retaildetail.be\/nl\/news\/mode\/uniqlo-europe-verbreekt-winstrecord-met-2433-miljoen-euro-in-fiscaal-jaar-2025\/","og_locale":"nl_NL","og_type":"article","og_title":"Uniqlo breekt opnieuw records in Europa - RetailDetail BE","og_description":"Uniqlo heeft in Europa bijzonder sterke prestaties geboekt, met grote omzet- en winststijgingen in het afgelopen boekjaar.","og_url":"https:\/\/www.retaildetail.be\/nl\/news\/mode\/uniqlo-europe-verbreekt-winstrecord-met-2433-miljoen-euro-in-fiscaal-jaar-2025\/","og_site_name":"RetailDetail BE","article_published_time":"2026-03-17T09:44:13+00:00","article_modified_time":"2026-03-17T09:44:15+00:00","og_image":[{"width":891,"height":640,"url":"https:\/\/www.retaildetail.be\/wp-content\/uploads\/2026\/01\/Uniqlo_Antwerpen_Anvers_FACADE-Aangepast.jpg","type":"image\/jpeg"}],"author":"Jorg Snoeck","twitter_card":"summary_large_image","twitter_misc":{"Geschreven door":"Jorg Snoeck","Geschatte leestijd":"1 minuut"},"schema":{"@context":"https:\/\/schema.org","@graph":[{"@type":"NewsArticle","@id":"https:\/\/www.retaildetail.be\/nl\/news\/mode\/uniqlo-europe-verbreekt-winstrecord-met-2433-miljoen-euro-in-fiscaal-jaar-2025\/#article","isPartOf":{"@id":"https:\/\/www.retaildetail.be\/nl\/news\/mode\/uniqlo-europe-verbreekt-winstrecord-met-2433-miljoen-euro-in-fiscaal-jaar-2025\/"},"author":{"name":"Jorg Snoeck","@id":"https:\/\/www.retaildetail.be\/nl\/#\/schema\/person\/71d9b89376db00e9b1aa8a2841e71a72"},"headline":"Uniqlo breekt opnieuw records in Europa","datePublished":"2026-03-17T09:44:13+00:00","dateModified":"2026-03-17T09:44:15+00:00","mainEntityOfPage":{"@id":"https:\/\/www.retaildetail.be\/nl\/news\/mode\/uniqlo-europe-verbreekt-winstrecord-met-2433-miljoen-euro-in-fiscaal-jaar-2025\/"},"wordCount":268,"commentCount":0,"publisher":{"@id":"https:\/\/www.retaildetail.be\/nl\/#organization"},"image":{"@id":"https:\/\/www.retaildetail.be\/nl\/news\/mode\/uniqlo-europe-verbreekt-winstrecord-met-2433-miljoen-euro-in-fiscaal-jaar-2025\/#primaryimage"},"thumbnailUrl":"https:\/\/www.retaildetail.be\/wp-content\/uploads\/2026\/01\/Uniqlo_Antwerpen_Anvers_FACADE-Aangepast.jpg","articleSection":["Mode"],"inLanguage":"nl-NL","potentialAction":[{"@type":"CommentAction","name":"Comment","target":["https:\/\/www.retaildetail.be\/nl\/news\/mode\/uniqlo-europe-verbreekt-winstrecord-met-2433-miljoen-euro-in-fiscaal-jaar-2025\/#respond"]}],"copyrightYear":"2026","copyrightHolder":{"@id":"https:\/\/www.retaildetail.be\/#organization"}},{"@type":"WebPage","@id":"https:\/\/www.retaildetail.be\/nl\/news\/mode\/uniqlo-europe-verbreekt-winstrecord-met-2433-miljoen-euro-in-fiscaal-jaar-2025\/","url":"https:\/\/www.retaildetail.be\/nl\/news\/mode\/uniqlo-europe-verbreekt-winstrecord-met-2433-miljoen-euro-in-fiscaal-jaar-2025\/","name":"Uniqlo breekt opnieuw records in Europa - RetailDetail BE","isPartOf":{"@id":"https:\/\/www.retaildetail.be\/nl\/#website"},"primaryImageOfPage":{"@id":"https:\/\/www.retaildetail.be\/nl\/news\/mode\/uniqlo-europe-verbreekt-winstrecord-met-2433-miljoen-euro-in-fiscaal-jaar-2025\/#primaryimage"},"image":{"@id":"https:\/\/www.retaildetail.be\/nl\/news\/mode\/uniqlo-europe-verbreekt-winstrecord-met-2433-miljoen-euro-in-fiscaal-jaar-2025\/#primaryimage"},"thumbnailUrl":"https:\/\/www.retaildetail.be\/wp-content\/uploads\/2026\/01\/Uniqlo_Antwerpen_Anvers_FACADE-Aangepast.jpg","datePublished":"2026-03-17T09:44:13+00:00","dateModified":"2026-03-17T09:44:15+00:00","description":"Uniqlo heeft in Europa bijzonder sterke prestaties geboekt, met grote omzet- en winststijgingen in het afgelopen boekjaar.","breadcrumb":{"@id":"https:\/\/www.retaildetail.be\/nl\/news\/mode\/uniqlo-europe-verbreekt-winstrecord-met-2433-miljoen-euro-in-fiscaal-jaar-2025\/#breadcrumb"},"inLanguage":"nl-NL","potentialAction":[{"@type":"ReadAction","target":["https:\/\/www.retaildetail.be\/nl\/news\/mode\/uniqlo-europe-verbreekt-winstrecord-met-2433-miljoen-euro-in-fiscaal-jaar-2025\/"]}]},{"@type":"ImageObject","inLanguage":"nl-NL","@id":"https:\/\/www.retaildetail.be\/nl\/news\/mode\/uniqlo-europe-verbreekt-winstrecord-met-2433-miljoen-euro-in-fiscaal-jaar-2025\/#primaryimage","url":"https:\/\/www.retaildetail.be\/wp-content\/uploads\/2026\/01\/Uniqlo_Antwerpen_Anvers_FACADE-Aangepast.jpg","contentUrl":"https:\/\/www.retaildetail.be\/wp-content\/uploads\/2026\/01\/Uniqlo_Antwerpen_Anvers_FACADE-Aangepast.jpg","width":891,"height":640},{"@type":"BreadcrumbList","@id":"https:\/\/www.retaildetail.be\/nl\/news\/mode\/uniqlo-europe-verbreekt-winstrecord-met-2433-miljoen-euro-in-fiscaal-jaar-2025\/#breadcrumb","itemListElement":[{"@type":"ListItem","position":1,"name":"Home","item":"https:\/\/www.retaildetail.be\/nl\/"},{"@type":"ListItem","position":2,"name":"Uniqlo breekt opnieuw records in Europa"}]},{"@type":"WebSite","@id":"https:\/\/www.retaildetail.be\/nl\/#website","url":"https:\/\/www.retaildetail.be\/nl\/","name":"RetailDetail BE","description":"News","publisher":{"@id":"https:\/\/www.retaildetail.be\/nl\/#organization"},"potentialAction":[{"@type":"SearchAction","target":{"@type":"EntryPoint","urlTemplate":"https:\/\/www.retaildetail.be\/nl\/?s={search_term_string}"},"query-input":{"@type":"PropertyValueSpecification","valueRequired":true,"valueName":"search_term_string"}}],"inLanguage":"nl-NL"},{"@type":"Organization","@id":"https:\/\/www.retaildetail.be\/nl\/#organization","name":"RetailDetail BE","url":"https:\/\/www.retaildetail.be\/nl\/","logo":{"@type":"ImageObject","inLanguage":"nl-NL","@id":"https:\/\/www.retaildetail.be\/nl\/#\/schema\/logo\/image\/","url":"https:\/\/www.retaildetail.be\/wp-content\/uploads\/2022\/04\/logo.svg","contentUrl":"https:\/\/www.retaildetail.be\/wp-content\/uploads\/2022\/04\/logo.svg","width":131,"height":70,"caption":"RetailDetail BE"},"image":{"@id":"https:\/\/www.retaildetail.be\/nl\/#\/schema\/logo\/image\/"}},{"@type":"Person","@id":"https:\/\/www.retaildetail.be\/nl\/#\/schema\/person\/71d9b89376db00e9b1aa8a2841e71a72","name":"Jorg Snoeck","image":{"@type":"ImageObject","inLanguage":"nl-NL","@id":"https:\/\/secure.gravatar.com\/avatar\/fc1bd94c7d40f2446e6bf778bb34cf9ab000168f63533cec8e072f4ad96ce7f3?s=96&d=mm&r=g","url":"https:\/\/secure.gravatar.com\/avatar\/fc1bd94c7d40f2446e6bf778bb34cf9ab000168f63533cec8e072f4ad96ce7f3?s=96&d=mm&r=g","contentUrl":"https:\/\/secure.gravatar.com\/avatar\/fc1bd94c7d40f2446e6bf778bb34cf9ab000168f63533cec8e072f4ad96ce7f3?s=96&d=mm&r=g","caption":"Jorg Snoeck"},"url":"https:\/\/www.retaildetail.be\/nl\/author\/jorgsnoeck\/"}]}},"jetpack_featured_media_url":"https:\/\/www.retaildetail.be\/wp-content\/uploads\/2026\/01\/Uniqlo_Antwerpen_Anvers_FACADE-Aangepast.jpg","jetpack_sharing_enabled":true,"_links":{"self":[{"href":"https:\/\/www.retaildetail.be\/nl\/wp-json\/wp\/v2\/posts\/144104","targetHints":{"allow":["GET"]}}],"collection":[{"href":"https:\/\/www.retaildetail.be\/nl\/wp-json\/wp\/v2\/posts"}],"about":[{"href":"https:\/\/www.retaildetail.be\/nl\/wp-json\/wp\/v2\/types\/post"}],"author":[{"embeddable":true,"href":"https:\/\/www.retaildetail.be\/nl\/wp-json\/wp\/v2\/users\/10"}],"replies":[{"embeddable":true,"href":"https:\/\/www.retaildetail.be\/nl\/wp-json\/wp\/v2\/comments?post=144104"}],"version-history":[{"count":1,"href":"https:\/\/www.retaildetail.be\/nl\/wp-json\/wp\/v2\/posts\/144104\/revisions"}],"predecessor-version":[{"id":144121,"href":"https:\/\/www.retaildetail.be\/nl\/wp-json\/wp\/v2\/posts\/144104\/revisions\/144121"}],"wp:featuredmedia":[{"embeddable":true,"href":"https:\/\/www.retaildetail.be\/nl\/wp-json\/wp\/v2\/media\/139405"}],"wp:attachment":[{"href":"https:\/\/www.retaildetail.be\/nl\/wp-json\/wp\/v2\/media?parent=144104"}],"wp:term":[{"taxonomy":"category","embeddable":true,"href":"https:\/\/www.retaildetail.be\/nl\/wp-json\/wp\/v2\/categories?post=144104"},{"taxonomy":"post_tag","embeddable":true,"href":"https:\/\/www.retaildetail.be\/nl\/wp-json\/wp\/v2\/tags?post=144104"},{"taxonomy":"people","embeddable":true,"href":"https:\/\/www.retaildetail.be\/nl\/wp-json\/wp\/v2\/people?post=144104"},{"taxonomy":"extra","embeddable":true,"href":"https:\/\/www.retaildetail.be\/nl\/wp-json\/wp\/v2\/extra?post=144104"},{"taxonomy":"company","embeddable":true,"href":"https:\/\/www.retaildetail.be\/nl\/wp-json\/wp\/v2\/company?post=144104"},{"taxonomy":"topic","embeddable":true,"href":"https:\/\/www.retaildetail.be\/nl\/wp-json\/wp\/v2\/topic?post=144104"},{"taxonomy":"region","embeddable":true,"href":"https:\/\/www.retaildetail.be\/nl\/wp-json\/wp\/v2\/region?post=144104"}],"curies":[{"name":"wp","href":"https:\/\/api.w.org\/{rel}","templated":true}]}}