{"id":146791,"date":"2026-04-27T14:47:59","date_gmt":"2026-04-27T12:47:59","guid":{"rendered":"https:\/\/www.retaildetail.be\/?p=146791"},"modified":"2026-04-27T14:48:02","modified_gmt":"2026-04-27T12:48:02","slug":"intermarche-belgie-mikt-op-drie-miljard-euro-omzet-in-2030","status":"publish","type":"post","link":"https:\/\/www.retaildetail.be\/nl\/news\/food\/intermarche-belgie-mikt-op-drie-miljard-euro-omzet-in-2030\/","title":{"rendered":"Intermarch\u00e9 Belgi\u00eb mikt op drie miljard euro omzet in 2030"},"content":{"rendered":"\n<p>Ondanks logistieke problemen en enkele faillissementen na de overname van <strong>Mestdagh<\/strong>, ambieert <strong>Intermarch\u00e9 <\/strong>in Belgi\u00eb tegen 2030 een omzet van 3 miljard euro. Verdere expansie, onder andere met de stadswinkelformule Intermarch\u00e9 Express, staat op de planning.<\/p>\n\n\n\n<h2 class=\"wp-block-heading\">Kritische massa bereiken<\/h2>\n\n\n\n<p>De Belgische tak van Intermarch\u00e9 bevindt zich in het oog van de storm sinds begin dit jaar, na een reeks artikels waarin enkele <em>ad\u00e9rents <\/em>hun beklag deden over zware problemen op het vlak van informatica en logistiek bij de Musketiers na de overname en de integratie van Mestdagh. Daardoor zagen winkels zich <a href=\"https:\/\/www.retaildetail.be\/nl\/news\/food\/ondernemers-luiden-alarmbel-verslikte-intermarche-belgie-zich-in-de-overname-van-mestdagh\/?tglyr_source=cm8d90ukz001u3b7j07nshcgi&amp;tglyr_collection=67c82ebf0933b300124277c3&amp;tglyr_rank=0&amp;tglyr_algorithm=item_sim\">geconfronteerd met foute of ontbrekende leveringen<\/a>, terugvallende omzetten en krimpende marges. Voor enkele ondernemers leidde dat intussen tot het faillissement.<\/p>\n\n\n\n<p>Na publicaties van onder andere L\u2019Echo, Le Soir, RetailDetail <a href=\"https:\/\/www.retaildetail.be\/nl\/news\/food\/intermarche-duwt-ondernemers-in-moeilijkheden-naar-het-faillissement\/\">en recent nog RTBF<\/a> kwam afgelopen zondag ook de Franse krant Le Monde <a href=\"https:\/\/www.lemonde.fr\/economie\/article\/2026\/04\/26\/intermarche-confronte-aux-difficultes-de-plusieurs-franchises-en-belgique_6683460_3234.html\">nog terug op de interne strubbelingen<\/a> bij de retailer. In een interview dat vakblad LSA maandag publiceerde, verdedigen voorzitter Laurent Boutbien en uitvoerend directeur Arnaud Meyrant zich tegen de aantijgingen.<\/p>\n\n\n\n<p>De overname van Mestdagh was <a href=\"https:\/\/www.lsa-conso.fr\/intermarche-belgique-face-a-la-fronde-des-adherents-les-dirigeants-devoilent-leur-strategie-de-relance,465549\">noodzakelijk om voldoende kritische massa te bereiken<\/a> in Belgi\u00eb, argumenteren beide toplui. Weliswaar is het aantal winkels sindsdien gedaald van 166 naar 151, door sluitingen en faillissementen, en volgen er mogelijk nog meer stopzettingen omdat nog 13 winkels geen definitieve overnemer hebben gevonden, maar de organische groei van 11% in 2024 en meer dan 6% in 2025 bewijst dat de retailer beter presteert dan de markt.<\/p>\n\n\n\n<h2 class=\"wp-block-heading\">Intermarch\u00e9 Express komt naar Belgi\u00eb<\/h2>\n\n\n\n<p>In 2025 realiseerde Intermarch\u00e9 in Belgi\u00eb een omzet van 1,97 miljard euro, maar ook een verlies van 46 miljoen euro, dat hoofdzakelijk is toe te schrijven aan de overname van Mestdagh en de hoge investeringen in de ombouw van de winkels en de operaties. Op nationaal niveau bedraagt het marktaandeel iets minder dan 6%, maar in Walloni\u00eb is dat meer dan 13%, waarmee de retailer op de derde plaats staat, achter <strong>Colruyt<\/strong> en <strong>Delhaize<\/strong>, maar voor <strong>Carrefour <\/strong>Belgi\u00eb.<\/p>\n\n\n\n<p>Al in 2027 moeten de rode cijfers verleden tijd zijn. Tegen 2030 mikken de Musketiers in Belgi\u00eb op een omzet van 3 miljard euro en een marktaandeel van 20%. Hoe ze dat denken te bereiken? In de bestaande winkels moet de omzet per m\u00b2 omhoog naar 9.000 tot 12.000 euro dankzij de ombouw naar het nieuwste concept. Fysieke expansie met ongeveer 30.000 m\u00b2 komt van uitbreidingen, verhuizingen en gerichte openingen. Nieuw is ook de lancering van het buurtwinkelconcept Intermarch\u00e9 Express in Belgi\u00eb, met een twintigtal winkels tegen 2030, in stedelijke gebieden.<\/p>\n","protected":false},"excerpt":{"rendered":"<p>Ondanks logistieke problemen en enkele faillissementen na de overname van Mestdagh, ambieert Intermarch\u00e9 in Belgi\u00eb tegen 2030 een omzet van 3 miljard euro. Verdere expansie, onder andere met de stadswinkelformule Intermarch\u00e9 Express, staat op de planning. <\/p>\n","protected":false},"author":3,"featured_media":143023,"comment_status":"closed","ping_status":"closed","sticky":false,"template":"","format":"standard","meta":{"_acf_changed":false,"inline_featured_image":false,"_jetpack_memberships_contains_paid_content":false,"footnotes":""},"categories":[18],"tags":[],"people":[],"extra":[],"company":[624],"topic":[197,247],"region":[90],"class_list":["post-146791","post","type-post","status-publish","format-standard","has-post-thumbnail","hentry","category-food","company-intermarche","topic-expansie","topic-franchise","region-belgie"],"acf":[],"yoast_head":"<!-- This site is optimized with the Yoast SEO plugin v27.3 - https:\/\/yoast.com\/product\/yoast-seo-wordpress\/ -->\n<title>Intermarch\u00e9 Belgi\u00eb mikt op drie miljard euro omzet in 2030 - RetailDetail BE<\/title>\n<meta name=\"description\" content=\"Ondanks logistieke problemen en enkele faillissementen na de overname van Mestdagh, ambieert Intermarch\u00e9 in Belgi\u00eb tegen 2030 een omzet van 3 miljard euro.\" \/>\n<meta name=\"robots\" content=\"index, follow, max-snippet:-1, max-image-preview:large, max-video-preview:-1\" \/>\n<link rel=\"canonical\" href=\"https:\/\/www.retaildetail.be\/nl\/news\/food\/intermarche-belgie-mikt-op-drie-miljard-euro-omzet-in-2030\/\" \/>\n<meta property=\"og:locale\" content=\"nl_NL\" \/>\n<meta property=\"og:type\" content=\"article\" \/>\n<meta property=\"og:title\" content=\"Intermarch\u00e9 Belgi\u00eb mikt op drie miljard euro omzet in 2030 - RetailDetail BE\" \/>\n<meta property=\"og:description\" content=\"Ondanks logistieke problemen en enkele faillissementen na de overname van Mestdagh, ambieert Intermarch\u00e9 in Belgi\u00eb tegen 2030 een omzet van 3 miljard euro.\" \/>\n<meta property=\"og:url\" content=\"https:\/\/www.retaildetail.be\/nl\/news\/food\/intermarche-belgie-mikt-op-drie-miljard-euro-omzet-in-2030\/\" \/>\n<meta property=\"og:site_name\" content=\"RetailDetail BE\" \/>\n<meta property=\"article:published_time\" content=\"2026-04-27T12:47:59+00:00\" \/>\n<meta property=\"article:modified_time\" content=\"2026-04-27T12:48:02+00:00\" \/>\n<meta property=\"og:image\" content=\"https:\/\/www.retaildetail.be\/wp-content\/uploads\/2026\/02\/Intermarche-Super-enseigne-1.jpg\" \/>\n\t<meta property=\"og:image:width\" content=\"1370\" \/>\n\t<meta property=\"og:image:height\" content=\"891\" \/>\n\t<meta property=\"og:image:type\" content=\"image\/jpeg\" \/>\n<meta name=\"author\" content=\"Stefan Van Rompaey\" \/>\n<meta name=\"twitter:card\" content=\"summary_large_image\" \/>\n<meta name=\"twitter:label1\" content=\"Geschreven door\" \/>\n\t<meta name=\"twitter:data1\" content=\"Stefan Van Rompaey\" \/>\n\t<meta name=\"twitter:label2\" content=\"Geschatte leestijd\" \/>\n\t<meta name=\"twitter:data2\" content=\"2 minuten\" \/>\n<script type=\"application\/ld+json\" class=\"yoast-schema-graph\">{\"@context\":\"https:\\\/\\\/schema.org\",\"@graph\":[{\"@type\":\"NewsArticle\",\"@id\":\"https:\\\/\\\/www.retaildetail.be\\\/nl\\\/news\\\/food\\\/intermarche-belgie-mikt-op-drie-miljard-euro-omzet-in-2030\\\/#article\",\"isPartOf\":{\"@id\":\"https:\\\/\\\/www.retaildetail.be\\\/nl\\\/news\\\/food\\\/intermarche-belgie-mikt-op-drie-miljard-euro-omzet-in-2030\\\/\"},\"author\":{\"name\":\"Stefan Van Rompaey\",\"@id\":\"https:\\\/\\\/www.retaildetail.be\\\/nl\\\/#\\\/schema\\\/person\\\/51aec6069c4416aa2f68b2e4ff3455df\"},\"headline\":\"Intermarch\u00e9 Belgi\u00eb mikt op drie miljard euro omzet in 2030\",\"datePublished\":\"2026-04-27T12:47:59+00:00\",\"dateModified\":\"2026-04-27T12:48:02+00:00\",\"mainEntityOfPage\":{\"@id\":\"https:\\\/\\\/www.retaildetail.be\\\/nl\\\/news\\\/food\\\/intermarche-belgie-mikt-op-drie-miljard-euro-omzet-in-2030\\\/\"},\"wordCount\":397,\"publisher\":{\"@id\":\"https:\\\/\\\/www.retaildetail.be\\\/nl\\\/#organization\"},\"image\":{\"@id\":\"https:\\\/\\\/www.retaildetail.be\\\/nl\\\/news\\\/food\\\/intermarche-belgie-mikt-op-drie-miljard-euro-omzet-in-2030\\\/#primaryimage\"},\"thumbnailUrl\":\"https:\\\/\\\/www.retaildetail.be\\\/wp-content\\\/uploads\\\/2026\\\/02\\\/Intermarche-Super-enseigne-1.jpg\",\"articleSection\":[\"Food\"],\"inLanguage\":\"nl-NL\",\"copyrightYear\":\"2026\",\"copyrightHolder\":{\"@id\":\"https:\\\/\\\/www.retaildetail.be\\\/#organization\"}},{\"@type\":\"WebPage\",\"@id\":\"https:\\\/\\\/www.retaildetail.be\\\/nl\\\/news\\\/food\\\/intermarche-belgie-mikt-op-drie-miljard-euro-omzet-in-2030\\\/\",\"url\":\"https:\\\/\\\/www.retaildetail.be\\\/nl\\\/news\\\/food\\\/intermarche-belgie-mikt-op-drie-miljard-euro-omzet-in-2030\\\/\",\"name\":\"Intermarch\u00e9 Belgi\u00eb mikt op drie miljard euro omzet in 2030 - RetailDetail BE\",\"isPartOf\":{\"@id\":\"https:\\\/\\\/www.retaildetail.be\\\/nl\\\/#website\"},\"primaryImageOfPage\":{\"@id\":\"https:\\\/\\\/www.retaildetail.be\\\/nl\\\/news\\\/food\\\/intermarche-belgie-mikt-op-drie-miljard-euro-omzet-in-2030\\\/#primaryimage\"},\"image\":{\"@id\":\"https:\\\/\\\/www.retaildetail.be\\\/nl\\\/news\\\/food\\\/intermarche-belgie-mikt-op-drie-miljard-euro-omzet-in-2030\\\/#primaryimage\"},\"thumbnailUrl\":\"https:\\\/\\\/www.retaildetail.be\\\/wp-content\\\/uploads\\\/2026\\\/02\\\/Intermarche-Super-enseigne-1.jpg\",\"datePublished\":\"2026-04-27T12:47:59+00:00\",\"dateModified\":\"2026-04-27T12:48:02+00:00\",\"description\":\"Ondanks logistieke problemen en enkele faillissementen na de overname van Mestdagh, ambieert Intermarch\u00e9 in Belgi\u00eb tegen 2030 een omzet van 3 miljard euro.\",\"breadcrumb\":{\"@id\":\"https:\\\/\\\/www.retaildetail.be\\\/nl\\\/news\\\/food\\\/intermarche-belgie-mikt-op-drie-miljard-euro-omzet-in-2030\\\/#breadcrumb\"},\"inLanguage\":\"nl-NL\",\"potentialAction\":[{\"@type\":\"ReadAction\",\"target\":[\"https:\\\/\\\/www.retaildetail.be\\\/nl\\\/news\\\/food\\\/intermarche-belgie-mikt-op-drie-miljard-euro-omzet-in-2030\\\/\"]}]},{\"@type\":\"ImageObject\",\"inLanguage\":\"nl-NL\",\"@id\":\"https:\\\/\\\/www.retaildetail.be\\\/nl\\\/news\\\/food\\\/intermarche-belgie-mikt-op-drie-miljard-euro-omzet-in-2030\\\/#primaryimage\",\"url\":\"https:\\\/\\\/www.retaildetail.be\\\/wp-content\\\/uploads\\\/2026\\\/02\\\/Intermarche-Super-enseigne-1.jpg\",\"contentUrl\":\"https:\\\/\\\/www.retaildetail.be\\\/wp-content\\\/uploads\\\/2026\\\/02\\\/Intermarche-Super-enseigne-1.jpg\",\"width\":1370,\"height\":891,\"caption\":\"Intermarch\u00e9\"},{\"@type\":\"BreadcrumbList\",\"@id\":\"https:\\\/\\\/www.retaildetail.be\\\/nl\\\/news\\\/food\\\/intermarche-belgie-mikt-op-drie-miljard-euro-omzet-in-2030\\\/#breadcrumb\",\"itemListElement\":[{\"@type\":\"ListItem\",\"position\":1,\"name\":\"Home\",\"item\":\"https:\\\/\\\/www.retaildetail.be\\\/nl\\\/\"},{\"@type\":\"ListItem\",\"position\":2,\"name\":\"Intermarch\u00e9 Belgi\u00eb mikt op drie miljard euro omzet in 2030\"}]},{\"@type\":\"WebSite\",\"@id\":\"https:\\\/\\\/www.retaildetail.be\\\/nl\\\/#website\",\"url\":\"https:\\\/\\\/www.retaildetail.be\\\/nl\\\/\",\"name\":\"RetailDetail BE\",\"description\":\"News\",\"publisher\":{\"@id\":\"https:\\\/\\\/www.retaildetail.be\\\/nl\\\/#organization\"},\"potentialAction\":[{\"@type\":\"SearchAction\",\"target\":{\"@type\":\"EntryPoint\",\"urlTemplate\":\"https:\\\/\\\/www.retaildetail.be\\\/nl\\\/?s={search_term_string}\"},\"query-input\":{\"@type\":\"PropertyValueSpecification\",\"valueRequired\":true,\"valueName\":\"search_term_string\"}}],\"inLanguage\":\"nl-NL\"},{\"@type\":\"Organization\",\"@id\":\"https:\\\/\\\/www.retaildetail.be\\\/nl\\\/#organization\",\"name\":\"RetailDetail BE\",\"url\":\"https:\\\/\\\/www.retaildetail.be\\\/nl\\\/\",\"logo\":{\"@type\":\"ImageObject\",\"inLanguage\":\"nl-NL\",\"@id\":\"https:\\\/\\\/www.retaildetail.be\\\/nl\\\/#\\\/schema\\\/logo\\\/image\\\/\",\"url\":\"https:\\\/\\\/www.retaildetail.be\\\/wp-content\\\/uploads\\\/2022\\\/04\\\/logo.svg\",\"contentUrl\":\"https:\\\/\\\/www.retaildetail.be\\\/wp-content\\\/uploads\\\/2022\\\/04\\\/logo.svg\",\"width\":131,\"height\":70,\"caption\":\"RetailDetail BE\"},\"image\":{\"@id\":\"https:\\\/\\\/www.retaildetail.be\\\/nl\\\/#\\\/schema\\\/logo\\\/image\\\/\"}},{\"@type\":\"Person\",\"@id\":\"https:\\\/\\\/www.retaildetail.be\\\/nl\\\/#\\\/schema\\\/person\\\/51aec6069c4416aa2f68b2e4ff3455df\",\"name\":\"Stefan Van Rompaey\",\"image\":{\"@type\":\"ImageObject\",\"inLanguage\":\"nl-NL\",\"@id\":\"https:\\\/\\\/secure.gravatar.com\\\/avatar\\\/fbbb4a80a0f109888b2a5ab8ae255617499ecde533749b3ab2fa6c23b5d65dac?s=96&d=mm&r=g\",\"url\":\"https:\\\/\\\/secure.gravatar.com\\\/avatar\\\/fbbb4a80a0f109888b2a5ab8ae255617499ecde533749b3ab2fa6c23b5d65dac?s=96&d=mm&r=g\",\"contentUrl\":\"https:\\\/\\\/secure.gravatar.com\\\/avatar\\\/fbbb4a80a0f109888b2a5ab8ae255617499ecde533749b3ab2fa6c23b5d65dac?s=96&d=mm&r=g\",\"caption\":\"Stefan Van Rompaey\"},\"url\":\"https:\\\/\\\/www.retaildetail.be\\\/nl\\\/author\\\/stefanvanrompaey\\\/\"}]}<\/script>\n<!-- \/ Yoast SEO plugin. -->","yoast_head_json":{"title":"Intermarch\u00e9 Belgi\u00eb mikt op drie miljard euro omzet in 2030 - RetailDetail BE","description":"Ondanks logistieke problemen en enkele faillissementen na de overname van Mestdagh, ambieert Intermarch\u00e9 in Belgi\u00eb tegen 2030 een omzet van 3 miljard euro.","robots":{"index":"index","follow":"follow","max-snippet":"max-snippet:-1","max-image-preview":"max-image-preview:large","max-video-preview":"max-video-preview:-1"},"canonical":"https:\/\/www.retaildetail.be\/nl\/news\/food\/intermarche-belgie-mikt-op-drie-miljard-euro-omzet-in-2030\/","og_locale":"nl_NL","og_type":"article","og_title":"Intermarch\u00e9 Belgi\u00eb mikt op drie miljard euro omzet in 2030 - RetailDetail BE","og_description":"Ondanks logistieke problemen en enkele faillissementen na de overname van Mestdagh, ambieert Intermarch\u00e9 in Belgi\u00eb tegen 2030 een omzet van 3 miljard euro.","og_url":"https:\/\/www.retaildetail.be\/nl\/news\/food\/intermarche-belgie-mikt-op-drie-miljard-euro-omzet-in-2030\/","og_site_name":"RetailDetail BE","article_published_time":"2026-04-27T12:47:59+00:00","article_modified_time":"2026-04-27T12:48:02+00:00","og_image":[{"width":1370,"height":891,"url":"https:\/\/www.retaildetail.be\/wp-content\/uploads\/2026\/02\/Intermarche-Super-enseigne-1.jpg","type":"image\/jpeg"}],"author":"Stefan Van Rompaey","twitter_card":"summary_large_image","twitter_misc":{"Geschreven door":"Stefan Van Rompaey","Geschatte leestijd":"2 minuten"},"schema":{"@context":"https:\/\/schema.org","@graph":[{"@type":"NewsArticle","@id":"https:\/\/www.retaildetail.be\/nl\/news\/food\/intermarche-belgie-mikt-op-drie-miljard-euro-omzet-in-2030\/#article","isPartOf":{"@id":"https:\/\/www.retaildetail.be\/nl\/news\/food\/intermarche-belgie-mikt-op-drie-miljard-euro-omzet-in-2030\/"},"author":{"name":"Stefan Van Rompaey","@id":"https:\/\/www.retaildetail.be\/nl\/#\/schema\/person\/51aec6069c4416aa2f68b2e4ff3455df"},"headline":"Intermarch\u00e9 Belgi\u00eb mikt op drie miljard euro omzet in 2030","datePublished":"2026-04-27T12:47:59+00:00","dateModified":"2026-04-27T12:48:02+00:00","mainEntityOfPage":{"@id":"https:\/\/www.retaildetail.be\/nl\/news\/food\/intermarche-belgie-mikt-op-drie-miljard-euro-omzet-in-2030\/"},"wordCount":397,"publisher":{"@id":"https:\/\/www.retaildetail.be\/nl\/#organization"},"image":{"@id":"https:\/\/www.retaildetail.be\/nl\/news\/food\/intermarche-belgie-mikt-op-drie-miljard-euro-omzet-in-2030\/#primaryimage"},"thumbnailUrl":"https:\/\/www.retaildetail.be\/wp-content\/uploads\/2026\/02\/Intermarche-Super-enseigne-1.jpg","articleSection":["Food"],"inLanguage":"nl-NL","copyrightYear":"2026","copyrightHolder":{"@id":"https:\/\/www.retaildetail.be\/#organization"}},{"@type":"WebPage","@id":"https:\/\/www.retaildetail.be\/nl\/news\/food\/intermarche-belgie-mikt-op-drie-miljard-euro-omzet-in-2030\/","url":"https:\/\/www.retaildetail.be\/nl\/news\/food\/intermarche-belgie-mikt-op-drie-miljard-euro-omzet-in-2030\/","name":"Intermarch\u00e9 Belgi\u00eb mikt op drie miljard euro omzet in 2030 - RetailDetail BE","isPartOf":{"@id":"https:\/\/www.retaildetail.be\/nl\/#website"},"primaryImageOfPage":{"@id":"https:\/\/www.retaildetail.be\/nl\/news\/food\/intermarche-belgie-mikt-op-drie-miljard-euro-omzet-in-2030\/#primaryimage"},"image":{"@id":"https:\/\/www.retaildetail.be\/nl\/news\/food\/intermarche-belgie-mikt-op-drie-miljard-euro-omzet-in-2030\/#primaryimage"},"thumbnailUrl":"https:\/\/www.retaildetail.be\/wp-content\/uploads\/2026\/02\/Intermarche-Super-enseigne-1.jpg","datePublished":"2026-04-27T12:47:59+00:00","dateModified":"2026-04-27T12:48:02+00:00","description":"Ondanks logistieke problemen en enkele faillissementen na de overname van Mestdagh, ambieert Intermarch\u00e9 in Belgi\u00eb tegen 2030 een omzet van 3 miljard euro.","breadcrumb":{"@id":"https:\/\/www.retaildetail.be\/nl\/news\/food\/intermarche-belgie-mikt-op-drie-miljard-euro-omzet-in-2030\/#breadcrumb"},"inLanguage":"nl-NL","potentialAction":[{"@type":"ReadAction","target":["https:\/\/www.retaildetail.be\/nl\/news\/food\/intermarche-belgie-mikt-op-drie-miljard-euro-omzet-in-2030\/"]}]},{"@type":"ImageObject","inLanguage":"nl-NL","@id":"https:\/\/www.retaildetail.be\/nl\/news\/food\/intermarche-belgie-mikt-op-drie-miljard-euro-omzet-in-2030\/#primaryimage","url":"https:\/\/www.retaildetail.be\/wp-content\/uploads\/2026\/02\/Intermarche-Super-enseigne-1.jpg","contentUrl":"https:\/\/www.retaildetail.be\/wp-content\/uploads\/2026\/02\/Intermarche-Super-enseigne-1.jpg","width":1370,"height":891,"caption":"Intermarch\u00e9"},{"@type":"BreadcrumbList","@id":"https:\/\/www.retaildetail.be\/nl\/news\/food\/intermarche-belgie-mikt-op-drie-miljard-euro-omzet-in-2030\/#breadcrumb","itemListElement":[{"@type":"ListItem","position":1,"name":"Home","item":"https:\/\/www.retaildetail.be\/nl\/"},{"@type":"ListItem","position":2,"name":"Intermarch\u00e9 Belgi\u00eb mikt op drie miljard euro omzet in 2030"}]},{"@type":"WebSite","@id":"https:\/\/www.retaildetail.be\/nl\/#website","url":"https:\/\/www.retaildetail.be\/nl\/","name":"RetailDetail BE","description":"News","publisher":{"@id":"https:\/\/www.retaildetail.be\/nl\/#organization"},"potentialAction":[{"@type":"SearchAction","target":{"@type":"EntryPoint","urlTemplate":"https:\/\/www.retaildetail.be\/nl\/?s={search_term_string}"},"query-input":{"@type":"PropertyValueSpecification","valueRequired":true,"valueName":"search_term_string"}}],"inLanguage":"nl-NL"},{"@type":"Organization","@id":"https:\/\/www.retaildetail.be\/nl\/#organization","name":"RetailDetail BE","url":"https:\/\/www.retaildetail.be\/nl\/","logo":{"@type":"ImageObject","inLanguage":"nl-NL","@id":"https:\/\/www.retaildetail.be\/nl\/#\/schema\/logo\/image\/","url":"https:\/\/www.retaildetail.be\/wp-content\/uploads\/2022\/04\/logo.svg","contentUrl":"https:\/\/www.retaildetail.be\/wp-content\/uploads\/2022\/04\/logo.svg","width":131,"height":70,"caption":"RetailDetail BE"},"image":{"@id":"https:\/\/www.retaildetail.be\/nl\/#\/schema\/logo\/image\/"}},{"@type":"Person","@id":"https:\/\/www.retaildetail.be\/nl\/#\/schema\/person\/51aec6069c4416aa2f68b2e4ff3455df","name":"Stefan Van Rompaey","image":{"@type":"ImageObject","inLanguage":"nl-NL","@id":"https:\/\/secure.gravatar.com\/avatar\/fbbb4a80a0f109888b2a5ab8ae255617499ecde533749b3ab2fa6c23b5d65dac?s=96&d=mm&r=g","url":"https:\/\/secure.gravatar.com\/avatar\/fbbb4a80a0f109888b2a5ab8ae255617499ecde533749b3ab2fa6c23b5d65dac?s=96&d=mm&r=g","contentUrl":"https:\/\/secure.gravatar.com\/avatar\/fbbb4a80a0f109888b2a5ab8ae255617499ecde533749b3ab2fa6c23b5d65dac?s=96&d=mm&r=g","caption":"Stefan Van Rompaey"},"url":"https:\/\/www.retaildetail.be\/nl\/author\/stefanvanrompaey\/"}]}},"jetpack_featured_media_url":"https:\/\/www.retaildetail.be\/wp-content\/uploads\/2026\/02\/Intermarche-Super-enseigne-1.jpg","jetpack_sharing_enabled":true,"_links":{"self":[{"href":"https:\/\/www.retaildetail.be\/nl\/wp-json\/wp\/v2\/posts\/146791","targetHints":{"allow":["GET"]}}],"collection":[{"href":"https:\/\/www.retaildetail.be\/nl\/wp-json\/wp\/v2\/posts"}],"about":[{"href":"https:\/\/www.retaildetail.be\/nl\/wp-json\/wp\/v2\/types\/post"}],"author":[{"embeddable":true,"href":"https:\/\/www.retaildetail.be\/nl\/wp-json\/wp\/v2\/users\/3"}],"replies":[{"embeddable":true,"href":"https:\/\/www.retaildetail.be\/nl\/wp-json\/wp\/v2\/comments?post=146791"}],"version-history":[{"count":1,"href":"https:\/\/www.retaildetail.be\/nl\/wp-json\/wp\/v2\/posts\/146791\/revisions"}],"predecessor-version":[{"id":146792,"href":"https:\/\/www.retaildetail.be\/nl\/wp-json\/wp\/v2\/posts\/146791\/revisions\/146792"}],"wp:featuredmedia":[{"embeddable":true,"href":"https:\/\/www.retaildetail.be\/nl\/wp-json\/wp\/v2\/media\/143023"}],"wp:attachment":[{"href":"https:\/\/www.retaildetail.be\/nl\/wp-json\/wp\/v2\/media?parent=146791"}],"wp:term":[{"taxonomy":"category","embeddable":true,"href":"https:\/\/www.retaildetail.be\/nl\/wp-json\/wp\/v2\/categories?post=146791"},{"taxonomy":"post_tag","embeddable":true,"href":"https:\/\/www.retaildetail.be\/nl\/wp-json\/wp\/v2\/tags?post=146791"},{"taxonomy":"people","embeddable":true,"href":"https:\/\/www.retaildetail.be\/nl\/wp-json\/wp\/v2\/people?post=146791"},{"taxonomy":"extra","embeddable":true,"href":"https:\/\/www.retaildetail.be\/nl\/wp-json\/wp\/v2\/extra?post=146791"},{"taxonomy":"company","embeddable":true,"href":"https:\/\/www.retaildetail.be\/nl\/wp-json\/wp\/v2\/company?post=146791"},{"taxonomy":"topic","embeddable":true,"href":"https:\/\/www.retaildetail.be\/nl\/wp-json\/wp\/v2\/topic?post=146791"},{"taxonomy":"region","embeddable":true,"href":"https:\/\/www.retaildetail.be\/nl\/wp-json\/wp\/v2\/region?post=146791"}],"curies":[{"name":"wp","href":"https:\/\/api.w.org\/{rel}","templated":true}]}}