{"id":146858,"date":"2026-04-28T14:43:23","date_gmt":"2026-04-28T12:43:23","guid":{"rendered":"https:\/\/www.retaildetail.be\/?p=146858"},"modified":"2026-04-28T14:43:24","modified_gmt":"2026-04-28T12:43:24","slug":"bakkerijgroep-la-lorraine-floreert-in-overgangsjaar","status":"publish","type":"post","link":"https:\/\/www.retaildetail.be\/nl\/news\/food\/bakkerijgroep-la-lorraine-floreert-in-overgangsjaar\/","title":{"rendered":"Bakkerijgroep La Lorraine floreert in &#8220;overgangsjaar&#8221;"},"content":{"rendered":"\n<p><strong>La Lorraine Bakery Group<\/strong> had in 2025 goed brood op de plank. De Belgische bakkerijgroep groeide met behulp van nieuwe overnames en investeerde fors in productie en opslag. Ook 2026 wordt een investeringsjaar.<\/p>\n\n\n\n<h2 class=\"wp-block-heading\">Minder dan verwacht<\/h2>\n\n\n\n<p>La Lorraine, ook het moederbedrijf van Panos, haalde een omzet van 1,57 miljard euro vorig jaar. Die groei van 7,5% was vooral te danken aan de bakkerijdivisie en is het resultaat van zowel organische expansie als de integratie van recente joint ventures. Zo was er Bakery de France in de VS en verhoogde participaties in La Bo\u00eete \u00e0 Pain (Verenigd Koninkrijk) en SPA Bakery (Itali\u00eb).<\/p>\n\n\n\n<p>De REBITDA-marge steeg licht naar 14,4%, een verbetering van 0,2 procentpunt. De REBITDA zelf klom met 9,1% tot 227 miljoen euro, geholpen door een focus op innovatie en producten met een hogere toegevoegde waarde, zoals zuurdesembroden, Italiaanse broodspecialiteiten en hartige snacks. Toch bleef de vergelijkbare groei achter bij de verwachtingen door een lagere volumegroei en toenemende prijsconcurrentie.<\/p>\n\n\n\n<h2 class=\"wp-block-heading\">Recordinvesteringen in 2026<\/h2>\n\n\n\n<p>218 miljoen euro ging naar investeringen, gericht op de uitbreiding van productie- en opslagcapaciteit in Europa en Noord-Amerika. Onder meer de bouw van een nieuwe productiehal in de VS en uitbreiding van logistieke hubs in Tsjechi\u00eb en Polen stonden op de agenda. Voor 2026 zijn recordinvesteringen van zo&#8217;n 250 miljoen euro gepland om de groei verder te ondersteunen.<\/p>\n\n\n\n<p>Het Ninoofse bedrijf ondertekende daarnaast het <em>Sustainable Wheat Initiative Europe<\/em>, dat de CO\u2082-uitstoot van tarwe en bloem met 30% wil verminderen tegen 2030. Op groepsniveau waren de Scope 1- en 2-emissies al 31% minder dan in 2022, dankzij energiebesparende maatregelen en initiatieven tegen voedselverspilling.<\/p>\n\n\n\n<h2 class=\"wp-block-heading\">Groeiambities blijven overeind<\/h2>\n\n\n\n<p>Dit jaar verwacht de bakkerijgroep verder te groeien, zowel in omzet als volume, ondanks een waarschuwing voor de geopolitieke spanningen, volatiel consumentenvertrouwen en stijgende kosten. De REBITDA zal naar verwachting sneller stijgen dan de omzet, dankzij kostenbeheersing, digitalisering en schaalvoordelen. Duurzaamheid en voedingswaarde blijven prioriteiten, met onder meer een focus op vezelrijkere producten.<\/p>\n\n\n\n<p>CEO Guido Vanherpe benadrukt het belang van discipline: \u201c2025 was een overgangsjaar. We hebben onze strategie aangescherpt, kosten strak gemanaged en blijven inzetten op innovatie en effici\u00ebntie. Onze langetermijnambities blijven onveranderd, gedragen door duurzame groei en internationale expansie.\u201d<\/p>\n","protected":false},"excerpt":{"rendered":"<p>La Lorraine Bakery Group had in 2025 goed brood op de plank. De Belgische bakkerijgroep groeide met behulp van nieuwe overnames en investeerde fors in productie en opslag. Ook 2026 wordt een investeringsjaar.<\/p>\n","protected":false},"author":5,"featured_media":146862,"comment_status":"closed","ping_status":"closed","sticky":false,"template":"","format":"standard","meta":{"_acf_changed":false,"inline_featured_image":false,"_jetpack_memberships_contains_paid_content":false,"footnotes":""},"categories":[18],"tags":[],"people":[],"extra":[43],"company":[307],"topic":[88],"region":[90],"class_list":["post-146858","post","type-post","status-publish","format-standard","has-post-thumbnail","hentry","category-food","extra-plus","company-la-lorraine-bakery-group","topic-bedrijfsresultaten","region-belgie"],"acf":[],"yoast_head":"<!-- This site is optimized with the Yoast SEO plugin v27.3 - https:\/\/yoast.com\/product\/yoast-seo-wordpress\/ -->\n<title>Bakkerijgroep La Lorraine floreert in &quot;overgangsjaar&quot; - RetailDetail BE<\/title>\n<meta name=\"description\" content=\"La Lorraine Bakery Group had in 2025 goed brood op de plank. De Belgische bakkerijgroep groeide met behulp van overnames en investeringen.\" \/>\n<meta name=\"robots\" content=\"index, follow, max-snippet:-1, max-image-preview:large, max-video-preview:-1\" \/>\n<link rel=\"canonical\" href=\"https:\/\/www.retaildetail.be\/nl\/news\/food\/bakkerijgroep-la-lorraine-floreert-in-overgangsjaar\/\" \/>\n<meta property=\"og:locale\" content=\"nl_NL\" \/>\n<meta property=\"og:type\" content=\"article\" \/>\n<meta property=\"og:title\" content=\"Bakkerijgroep La Lorraine floreert in &quot;overgangsjaar&quot; - RetailDetail BE\" \/>\n<meta property=\"og:description\" content=\"La Lorraine Bakery Group had in 2025 goed brood op de plank. De Belgische bakkerijgroep groeide met behulp van overnames en investeringen.\" \/>\n<meta property=\"og:url\" content=\"https:\/\/www.retaildetail.be\/nl\/news\/food\/bakkerijgroep-la-lorraine-floreert-in-overgangsjaar\/\" \/>\n<meta property=\"og:site_name\" content=\"RetailDetail BE\" \/>\n<meta property=\"article:published_time\" content=\"2026-04-28T12:43:23+00:00\" \/>\n<meta property=\"article:modified_time\" content=\"2026-04-28T12:43:24+00:00\" \/>\n<meta property=\"og:image\" content=\"https:\/\/www.retaildetail.be\/wp-content\/uploads\/2026\/04\/shutterstock_panos-lalorraine.jpg\" \/>\n\t<meta property=\"og:image:width\" content=\"1000\" \/>\n\t<meta property=\"og:image:height\" content=\"667\" \/>\n\t<meta property=\"og:image:type\" content=\"image\/jpeg\" \/>\n<meta name=\"author\" content=\"Pauline Neerman\" \/>\n<meta name=\"twitter:card\" content=\"summary_large_image\" \/>\n<meta name=\"twitter:label1\" content=\"Geschreven door\" \/>\n\t<meta name=\"twitter:data1\" content=\"Pauline Neerman\" \/>\n\t<meta name=\"twitter:label2\" content=\"Geschatte leestijd\" \/>\n\t<meta name=\"twitter:data2\" content=\"2 minuten\" \/>\n<script type=\"application\/ld+json\" class=\"yoast-schema-graph\">{\"@context\":\"https:\\\/\\\/schema.org\",\"@graph\":[{\"@type\":\"NewsArticle\",\"@id\":\"https:\\\/\\\/www.retaildetail.be\\\/nl\\\/news\\\/food\\\/bakkerijgroep-la-lorraine-floreert-in-overgangsjaar\\\/#article\",\"isPartOf\":{\"@id\":\"https:\\\/\\\/www.retaildetail.be\\\/nl\\\/news\\\/food\\\/bakkerijgroep-la-lorraine-floreert-in-overgangsjaar\\\/\"},\"author\":{\"name\":\"Pauline Neerman\",\"@id\":\"https:\\\/\\\/www.retaildetail.be\\\/nl\\\/#\\\/schema\\\/person\\\/66b54803fa10759039079458ea89e307\"},\"headline\":\"Bakkerijgroep La Lorraine floreert in &#8220;overgangsjaar&#8221;\",\"datePublished\":\"2026-04-28T12:43:23+00:00\",\"dateModified\":\"2026-04-28T12:43:24+00:00\",\"mainEntityOfPage\":{\"@id\":\"https:\\\/\\\/www.retaildetail.be\\\/nl\\\/news\\\/food\\\/bakkerijgroep-la-lorraine-floreert-in-overgangsjaar\\\/\"},\"wordCount\":349,\"publisher\":{\"@id\":\"https:\\\/\\\/www.retaildetail.be\\\/nl\\\/#organization\"},\"image\":{\"@id\":\"https:\\\/\\\/www.retaildetail.be\\\/nl\\\/news\\\/food\\\/bakkerijgroep-la-lorraine-floreert-in-overgangsjaar\\\/#primaryimage\"},\"thumbnailUrl\":\"https:\\\/\\\/www.retaildetail.be\\\/wp-content\\\/uploads\\\/2026\\\/04\\\/shutterstock_panos-lalorraine.jpg\",\"articleSection\":[\"Food\"],\"inLanguage\":\"nl-NL\",\"copyrightYear\":\"2026\",\"copyrightHolder\":{\"@id\":\"https:\\\/\\\/www.retaildetail.be\\\/#organization\"}},{\"@type\":\"WebPage\",\"@id\":\"https:\\\/\\\/www.retaildetail.be\\\/nl\\\/news\\\/food\\\/bakkerijgroep-la-lorraine-floreert-in-overgangsjaar\\\/\",\"url\":\"https:\\\/\\\/www.retaildetail.be\\\/nl\\\/news\\\/food\\\/bakkerijgroep-la-lorraine-floreert-in-overgangsjaar\\\/\",\"name\":\"Bakkerijgroep La Lorraine floreert in \\\"overgangsjaar\\\" - RetailDetail BE\",\"isPartOf\":{\"@id\":\"https:\\\/\\\/www.retaildetail.be\\\/nl\\\/#website\"},\"primaryImageOfPage\":{\"@id\":\"https:\\\/\\\/www.retaildetail.be\\\/nl\\\/news\\\/food\\\/bakkerijgroep-la-lorraine-floreert-in-overgangsjaar\\\/#primaryimage\"},\"image\":{\"@id\":\"https:\\\/\\\/www.retaildetail.be\\\/nl\\\/news\\\/food\\\/bakkerijgroep-la-lorraine-floreert-in-overgangsjaar\\\/#primaryimage\"},\"thumbnailUrl\":\"https:\\\/\\\/www.retaildetail.be\\\/wp-content\\\/uploads\\\/2026\\\/04\\\/shutterstock_panos-lalorraine.jpg\",\"datePublished\":\"2026-04-28T12:43:23+00:00\",\"dateModified\":\"2026-04-28T12:43:24+00:00\",\"description\":\"La Lorraine Bakery Group had in 2025 goed brood op de plank. De Belgische bakkerijgroep groeide met behulp van overnames en investeringen.\",\"breadcrumb\":{\"@id\":\"https:\\\/\\\/www.retaildetail.be\\\/nl\\\/news\\\/food\\\/bakkerijgroep-la-lorraine-floreert-in-overgangsjaar\\\/#breadcrumb\"},\"inLanguage\":\"nl-NL\",\"potentialAction\":[{\"@type\":\"ReadAction\",\"target\":[\"https:\\\/\\\/www.retaildetail.be\\\/nl\\\/news\\\/food\\\/bakkerijgroep-la-lorraine-floreert-in-overgangsjaar\\\/\"]}]},{\"@type\":\"ImageObject\",\"inLanguage\":\"nl-NL\",\"@id\":\"https:\\\/\\\/www.retaildetail.be\\\/nl\\\/news\\\/food\\\/bakkerijgroep-la-lorraine-floreert-in-overgangsjaar\\\/#primaryimage\",\"url\":\"https:\\\/\\\/www.retaildetail.be\\\/wp-content\\\/uploads\\\/2026\\\/04\\\/shutterstock_panos-lalorraine.jpg\",\"contentUrl\":\"https:\\\/\\\/www.retaildetail.be\\\/wp-content\\\/uploads\\\/2026\\\/04\\\/shutterstock_panos-lalorraine.jpg\",\"width\":1000,\"height\":667},{\"@type\":\"BreadcrumbList\",\"@id\":\"https:\\\/\\\/www.retaildetail.be\\\/nl\\\/news\\\/food\\\/bakkerijgroep-la-lorraine-floreert-in-overgangsjaar\\\/#breadcrumb\",\"itemListElement\":[{\"@type\":\"ListItem\",\"position\":1,\"name\":\"Home\",\"item\":\"https:\\\/\\\/www.retaildetail.be\\\/nl\\\/\"},{\"@type\":\"ListItem\",\"position\":2,\"name\":\"Bakkerijgroep La Lorraine floreert in &#8220;overgangsjaar&#8221;\"}]},{\"@type\":\"WebSite\",\"@id\":\"https:\\\/\\\/www.retaildetail.be\\\/nl\\\/#website\",\"url\":\"https:\\\/\\\/www.retaildetail.be\\\/nl\\\/\",\"name\":\"RetailDetail BE\",\"description\":\"News\",\"publisher\":{\"@id\":\"https:\\\/\\\/www.retaildetail.be\\\/nl\\\/#organization\"},\"potentialAction\":[{\"@type\":\"SearchAction\",\"target\":{\"@type\":\"EntryPoint\",\"urlTemplate\":\"https:\\\/\\\/www.retaildetail.be\\\/nl\\\/?s={search_term_string}\"},\"query-input\":{\"@type\":\"PropertyValueSpecification\",\"valueRequired\":true,\"valueName\":\"search_term_string\"}}],\"inLanguage\":\"nl-NL\"},{\"@type\":\"Organization\",\"@id\":\"https:\\\/\\\/www.retaildetail.be\\\/nl\\\/#organization\",\"name\":\"RetailDetail BE\",\"url\":\"https:\\\/\\\/www.retaildetail.be\\\/nl\\\/\",\"logo\":{\"@type\":\"ImageObject\",\"inLanguage\":\"nl-NL\",\"@id\":\"https:\\\/\\\/www.retaildetail.be\\\/nl\\\/#\\\/schema\\\/logo\\\/image\\\/\",\"url\":\"https:\\\/\\\/www.retaildetail.be\\\/wp-content\\\/uploads\\\/2022\\\/04\\\/logo.svg\",\"contentUrl\":\"https:\\\/\\\/www.retaildetail.be\\\/wp-content\\\/uploads\\\/2022\\\/04\\\/logo.svg\",\"width\":131,\"height\":70,\"caption\":\"RetailDetail BE\"},\"image\":{\"@id\":\"https:\\\/\\\/www.retaildetail.be\\\/nl\\\/#\\\/schema\\\/logo\\\/image\\\/\"}},{\"@type\":\"Person\",\"@id\":\"https:\\\/\\\/www.retaildetail.be\\\/nl\\\/#\\\/schema\\\/person\\\/66b54803fa10759039079458ea89e307\",\"name\":\"Pauline Neerman\",\"image\":{\"@type\":\"ImageObject\",\"inLanguage\":\"nl-NL\",\"@id\":\"https:\\\/\\\/secure.gravatar.com\\\/avatar\\\/58db22aee589a691f9603e5765ac06010427a923f9b2728b951eb7fe27214d70?s=96&d=mm&r=g\",\"url\":\"https:\\\/\\\/secure.gravatar.com\\\/avatar\\\/58db22aee589a691f9603e5765ac06010427a923f9b2728b951eb7fe27214d70?s=96&d=mm&r=g\",\"contentUrl\":\"https:\\\/\\\/secure.gravatar.com\\\/avatar\\\/58db22aee589a691f9603e5765ac06010427a923f9b2728b951eb7fe27214d70?s=96&d=mm&r=g\",\"caption\":\"Pauline Neerman\"},\"url\":\"https:\\\/\\\/www.retaildetail.be\\\/nl\\\/author\\\/paulineneerman\\\/\"}]}<\/script>\n<!-- \/ Yoast SEO plugin. -->","yoast_head_json":{"title":"Bakkerijgroep La Lorraine floreert in \"overgangsjaar\" - RetailDetail BE","description":"La Lorraine Bakery Group had in 2025 goed brood op de plank. De Belgische bakkerijgroep groeide met behulp van overnames en investeringen.","robots":{"index":"index","follow":"follow","max-snippet":"max-snippet:-1","max-image-preview":"max-image-preview:large","max-video-preview":"max-video-preview:-1"},"canonical":"https:\/\/www.retaildetail.be\/nl\/news\/food\/bakkerijgroep-la-lorraine-floreert-in-overgangsjaar\/","og_locale":"nl_NL","og_type":"article","og_title":"Bakkerijgroep La Lorraine floreert in \"overgangsjaar\" - RetailDetail BE","og_description":"La Lorraine Bakery Group had in 2025 goed brood op de plank. De Belgische bakkerijgroep groeide met behulp van overnames en investeringen.","og_url":"https:\/\/www.retaildetail.be\/nl\/news\/food\/bakkerijgroep-la-lorraine-floreert-in-overgangsjaar\/","og_site_name":"RetailDetail BE","article_published_time":"2026-04-28T12:43:23+00:00","article_modified_time":"2026-04-28T12:43:24+00:00","og_image":[{"width":1000,"height":667,"url":"https:\/\/www.retaildetail.be\/wp-content\/uploads\/2026\/04\/shutterstock_panos-lalorraine.jpg","type":"image\/jpeg"}],"author":"Pauline Neerman","twitter_card":"summary_large_image","twitter_misc":{"Geschreven door":"Pauline Neerman","Geschatte leestijd":"2 minuten"},"schema":{"@context":"https:\/\/schema.org","@graph":[{"@type":"NewsArticle","@id":"https:\/\/www.retaildetail.be\/nl\/news\/food\/bakkerijgroep-la-lorraine-floreert-in-overgangsjaar\/#article","isPartOf":{"@id":"https:\/\/www.retaildetail.be\/nl\/news\/food\/bakkerijgroep-la-lorraine-floreert-in-overgangsjaar\/"},"author":{"name":"Pauline Neerman","@id":"https:\/\/www.retaildetail.be\/nl\/#\/schema\/person\/66b54803fa10759039079458ea89e307"},"headline":"Bakkerijgroep La Lorraine floreert in &#8220;overgangsjaar&#8221;","datePublished":"2026-04-28T12:43:23+00:00","dateModified":"2026-04-28T12:43:24+00:00","mainEntityOfPage":{"@id":"https:\/\/www.retaildetail.be\/nl\/news\/food\/bakkerijgroep-la-lorraine-floreert-in-overgangsjaar\/"},"wordCount":349,"publisher":{"@id":"https:\/\/www.retaildetail.be\/nl\/#organization"},"image":{"@id":"https:\/\/www.retaildetail.be\/nl\/news\/food\/bakkerijgroep-la-lorraine-floreert-in-overgangsjaar\/#primaryimage"},"thumbnailUrl":"https:\/\/www.retaildetail.be\/wp-content\/uploads\/2026\/04\/shutterstock_panos-lalorraine.jpg","articleSection":["Food"],"inLanguage":"nl-NL","copyrightYear":"2026","copyrightHolder":{"@id":"https:\/\/www.retaildetail.be\/#organization"}},{"@type":"WebPage","@id":"https:\/\/www.retaildetail.be\/nl\/news\/food\/bakkerijgroep-la-lorraine-floreert-in-overgangsjaar\/","url":"https:\/\/www.retaildetail.be\/nl\/news\/food\/bakkerijgroep-la-lorraine-floreert-in-overgangsjaar\/","name":"Bakkerijgroep La Lorraine floreert in \"overgangsjaar\" - RetailDetail BE","isPartOf":{"@id":"https:\/\/www.retaildetail.be\/nl\/#website"},"primaryImageOfPage":{"@id":"https:\/\/www.retaildetail.be\/nl\/news\/food\/bakkerijgroep-la-lorraine-floreert-in-overgangsjaar\/#primaryimage"},"image":{"@id":"https:\/\/www.retaildetail.be\/nl\/news\/food\/bakkerijgroep-la-lorraine-floreert-in-overgangsjaar\/#primaryimage"},"thumbnailUrl":"https:\/\/www.retaildetail.be\/wp-content\/uploads\/2026\/04\/shutterstock_panos-lalorraine.jpg","datePublished":"2026-04-28T12:43:23+00:00","dateModified":"2026-04-28T12:43:24+00:00","description":"La Lorraine Bakery Group had in 2025 goed brood op de plank. De Belgische bakkerijgroep groeide met behulp van overnames en investeringen.","breadcrumb":{"@id":"https:\/\/www.retaildetail.be\/nl\/news\/food\/bakkerijgroep-la-lorraine-floreert-in-overgangsjaar\/#breadcrumb"},"inLanguage":"nl-NL","potentialAction":[{"@type":"ReadAction","target":["https:\/\/www.retaildetail.be\/nl\/news\/food\/bakkerijgroep-la-lorraine-floreert-in-overgangsjaar\/"]}]},{"@type":"ImageObject","inLanguage":"nl-NL","@id":"https:\/\/www.retaildetail.be\/nl\/news\/food\/bakkerijgroep-la-lorraine-floreert-in-overgangsjaar\/#primaryimage","url":"https:\/\/www.retaildetail.be\/wp-content\/uploads\/2026\/04\/shutterstock_panos-lalorraine.jpg","contentUrl":"https:\/\/www.retaildetail.be\/wp-content\/uploads\/2026\/04\/shutterstock_panos-lalorraine.jpg","width":1000,"height":667},{"@type":"BreadcrumbList","@id":"https:\/\/www.retaildetail.be\/nl\/news\/food\/bakkerijgroep-la-lorraine-floreert-in-overgangsjaar\/#breadcrumb","itemListElement":[{"@type":"ListItem","position":1,"name":"Home","item":"https:\/\/www.retaildetail.be\/nl\/"},{"@type":"ListItem","position":2,"name":"Bakkerijgroep La Lorraine floreert in &#8220;overgangsjaar&#8221;"}]},{"@type":"WebSite","@id":"https:\/\/www.retaildetail.be\/nl\/#website","url":"https:\/\/www.retaildetail.be\/nl\/","name":"RetailDetail BE","description":"News","publisher":{"@id":"https:\/\/www.retaildetail.be\/nl\/#organization"},"potentialAction":[{"@type":"SearchAction","target":{"@type":"EntryPoint","urlTemplate":"https:\/\/www.retaildetail.be\/nl\/?s={search_term_string}"},"query-input":{"@type":"PropertyValueSpecification","valueRequired":true,"valueName":"search_term_string"}}],"inLanguage":"nl-NL"},{"@type":"Organization","@id":"https:\/\/www.retaildetail.be\/nl\/#organization","name":"RetailDetail BE","url":"https:\/\/www.retaildetail.be\/nl\/","logo":{"@type":"ImageObject","inLanguage":"nl-NL","@id":"https:\/\/www.retaildetail.be\/nl\/#\/schema\/logo\/image\/","url":"https:\/\/www.retaildetail.be\/wp-content\/uploads\/2022\/04\/logo.svg","contentUrl":"https:\/\/www.retaildetail.be\/wp-content\/uploads\/2022\/04\/logo.svg","width":131,"height":70,"caption":"RetailDetail BE"},"image":{"@id":"https:\/\/www.retaildetail.be\/nl\/#\/schema\/logo\/image\/"}},{"@type":"Person","@id":"https:\/\/www.retaildetail.be\/nl\/#\/schema\/person\/66b54803fa10759039079458ea89e307","name":"Pauline Neerman","image":{"@type":"ImageObject","inLanguage":"nl-NL","@id":"https:\/\/secure.gravatar.com\/avatar\/58db22aee589a691f9603e5765ac06010427a923f9b2728b951eb7fe27214d70?s=96&d=mm&r=g","url":"https:\/\/secure.gravatar.com\/avatar\/58db22aee589a691f9603e5765ac06010427a923f9b2728b951eb7fe27214d70?s=96&d=mm&r=g","contentUrl":"https:\/\/secure.gravatar.com\/avatar\/58db22aee589a691f9603e5765ac06010427a923f9b2728b951eb7fe27214d70?s=96&d=mm&r=g","caption":"Pauline Neerman"},"url":"https:\/\/www.retaildetail.be\/nl\/author\/paulineneerman\/"}]}},"jetpack_featured_media_url":"https:\/\/www.retaildetail.be\/wp-content\/uploads\/2026\/04\/shutterstock_panos-lalorraine.jpg","jetpack_sharing_enabled":true,"_links":{"self":[{"href":"https:\/\/www.retaildetail.be\/nl\/wp-json\/wp\/v2\/posts\/146858","targetHints":{"allow":["GET"]}}],"collection":[{"href":"https:\/\/www.retaildetail.be\/nl\/wp-json\/wp\/v2\/posts"}],"about":[{"href":"https:\/\/www.retaildetail.be\/nl\/wp-json\/wp\/v2\/types\/post"}],"author":[{"embeddable":true,"href":"https:\/\/www.retaildetail.be\/nl\/wp-json\/wp\/v2\/users\/5"}],"replies":[{"embeddable":true,"href":"https:\/\/www.retaildetail.be\/nl\/wp-json\/wp\/v2\/comments?post=146858"}],"version-history":[{"count":1,"href":"https:\/\/www.retaildetail.be\/nl\/wp-json\/wp\/v2\/posts\/146858\/revisions"}],"predecessor-version":[{"id":146863,"href":"https:\/\/www.retaildetail.be\/nl\/wp-json\/wp\/v2\/posts\/146858\/revisions\/146863"}],"wp:featuredmedia":[{"embeddable":true,"href":"https:\/\/www.retaildetail.be\/nl\/wp-json\/wp\/v2\/media\/146862"}],"wp:attachment":[{"href":"https:\/\/www.retaildetail.be\/nl\/wp-json\/wp\/v2\/media?parent=146858"}],"wp:term":[{"taxonomy":"category","embeddable":true,"href":"https:\/\/www.retaildetail.be\/nl\/wp-json\/wp\/v2\/categories?post=146858"},{"taxonomy":"post_tag","embeddable":true,"href":"https:\/\/www.retaildetail.be\/nl\/wp-json\/wp\/v2\/tags?post=146858"},{"taxonomy":"people","embeddable":true,"href":"https:\/\/www.retaildetail.be\/nl\/wp-json\/wp\/v2\/people?post=146858"},{"taxonomy":"extra","embeddable":true,"href":"https:\/\/www.retaildetail.be\/nl\/wp-json\/wp\/v2\/extra?post=146858"},{"taxonomy":"company","embeddable":true,"href":"https:\/\/www.retaildetail.be\/nl\/wp-json\/wp\/v2\/company?post=146858"},{"taxonomy":"topic","embeddable":true,"href":"https:\/\/www.retaildetail.be\/nl\/wp-json\/wp\/v2\/topic?post=146858"},{"taxonomy":"region","embeddable":true,"href":"https:\/\/www.retaildetail.be\/nl\/wp-json\/wp\/v2\/region?post=146858"}],"curies":[{"name":"wp","href":"https:\/\/api.w.org\/{rel}","templated":true}]}}