{"id":154628,"date":"2026-09-03T13:54:18","date_gmt":"2026-09-03T11:54:18","guid":{"rendered":"https:\/\/www.retaildetail.be\/?p=154628"},"modified":"2026-09-03T13:54:20","modified_gmt":"2026-09-03T11:54:20","slug":"nicky-vankets-in-het-nieuw-house-of-vankets-krijgt-structuur-ceo-en-vers-kapitaal","status":"publish","type":"post","link":"https:\/\/www.retaildetail.be\/nl\/news\/mode\/nicky-vankets-in-het-nieuw-house-of-vankets-krijgt-structuur-ceo-en-vers-kapitaal\/","title":{"rendered":"Nicky\u00a0Vankets\u00a0in het nieuw:\u00a0House of\u00a0Vankets\u00a0krijgt structuur, CEO en vers kapitaal\u00a0"},"content":{"rendered":"\n<p class=\"wp-block-paragraph\">Sinds juni staat bouwonderneemster Daphn\u00e9 Vandenplas als CEO aan het roer van&nbsp;wat&nbsp;vanaf&nbsp;nu&nbsp;<strong>House of&nbsp;Vankets<\/strong>&nbsp;is. Samen willen ze het Belgische modehuis verbreden&nbsp;en stabiliseren.&nbsp;\u201cEr&nbsp;moet rendabiliteit zijn,&nbsp;er&nbsp;moet structuur zijn,&nbsp;er&nbsp;moet veiligheid zijn waarop je kunt bouwen.\u201d&nbsp;<\/p>\n\n\n\n<h2 class=\"wp-block-heading\">Een eigen modehuis<\/h2>\n\n\n\n<p class=\"wp-block-paragraph\">Terwijl&nbsp;Nicky&nbsp;Vankets&nbsp;in \u00e9\u00e9n adem wordt genoemd met&nbsp;bruidsjurken, wil House of&nbsp;Vankets&nbsp;meer inzetten op&nbsp;kledij voor&nbsp;ondernemers,&nbsp;<em>personal branding<\/em>&nbsp;en uiteindelijk ook nieuwe productcategorie\u00ebn.&nbsp;Maatwerk, trouwkleding en podiumoutfits blijven deel uitmaken van het huis, maar daarnaast wil&nbsp;Vankets&nbsp;een veel ruimer bedrijf bouwen.&nbsp;<\/p>\n\n\n\n<p class=\"wp-block-paragraph\">Voor&nbsp;de Limburgse ontwerper&nbsp;kwam de nieuwe koers er na een periode van reflectie. \u201cIk kwam op een punt waarop ik me afvroeg: waar ligt de toekomst? Wat wil ik nog verder?&nbsp;Zeker omdat de lokroep van een buitenlandse designerpositie weerklonk.\u201d&nbsp;<\/p>\n\n\n\n<p class=\"wp-block-paragraph\">\u201cToen heb ik gezegd: jij denkt dat ik&nbsp;nog een&nbsp;talent ga laten verdwijnen van de Belgische modescene?\u201d&nbsp;Het is&nbsp;Daphn\u00e9 Vandenplas, die als jarenlange klant steeds&nbsp;meer een klankbord werd voor&nbsp;Vankets. \u201cIemand&nbsp;die hem zakelijk kan tegenspreken\u201d, glimlachen ze allebei.&nbsp;<\/p>\n\n\n\n<h2 class=\"wp-block-heading\">\u201cElk bedrijf moet rendabel zijn\u201d\u00a0<\/h2>\n\n\n\n<p class=\"wp-block-paragraph\">Vandenplas heeft\u00a0een juridische en een bouwtechnische achtergrond, en runt nog steeds meerdere bedrijven\u00a0in vastgoed, bouw en\u00a0<em>finance<\/em>, maar dit is\u00a0\u201ctoch wel een meisjesdroom\u201d, geeft ze grif toe.\u00a0De modesector moest ze wel van nul leren kennen. \u201cHoe dichter ik bij de business kwam en hoe meer ik zag van\u00a0het ambacht, hoe hij het deed, hoe meer respect ik kreeg. En ik dacht: waarom weten mensen dat niet?\u201d\u00a0<\/p>\n\n\n\n<p class=\"wp-block-paragraph\">Zakelijk ziet Vandenplas juist veel overeenkomsten met haar andere activiteiten. \u201cOf je nu kijkt naar een vastgoedkantoor, een bouwbedrijf of een&nbsp;<em>family office<\/em>, het komt op hetzelfde neer. Je&nbsp;doet het&nbsp;met volle overtuiging en hart, je steunt je mensen&nbsp;en financieel gezien moet elk bedrijf rendabel zijn. Ook dit.\u201d&nbsp;<\/p>\n\n\n\n<h2 class=\"wp-block-heading\">Geen klassieke winkel meer\u00a0<\/h2>\n\n\n\n<p class=\"wp-block-paragraph\">Wat verandert er concreet aan het model van House of&nbsp;Vankets?&nbsp;Vandenplas: \u201cWe willen meer inzetten op persoonlijk contact \u00e9\u00e9n op \u00e9\u00e9n en een&nbsp;warme&nbsp;thuis cre\u00ebren.&nbsp;We stappen bijvoorbeeld&nbsp;af van de klassieke winkel.\u201d&nbsp;<\/p>\n\n\n\n<p class=\"wp-block-paragraph\">House of\u00a0Vankets\u00a0heeft vandaag\u00a0drie locaties verspreid over Belgi\u00eb. \u201cDat zijn penthouses, dat zijn lofts, om de drempel laag te houden.\u00a0Mensen willen Nicky ook\u00a0graag zien. In een klassieke winkel kun je niet verwachten dat\u00a0ij daar van negen tot zes elke dag staat. En als je dan verschillende winkels hebt, wat doe je dan? Dus zijn we echt gaan kijken hoe we dat anders kunnen aanpakken.\u201d&nbsp;<\/p>\n\n\n\n<p class=\"wp-block-paragraph\">Voor Vandenplas past dat persoonlijke model bovendien in een bredere tegenbeweging.&nbsp;\u201cMenselijk,&nbsp;authentiek,&nbsp;ambachtelijk handwerk\u2026&nbsp;Daar mag zelfs een goeie scheut&nbsp;chauvinistisme bij: een echt&nbsp;Belgisch&nbsp;product, met alle aandacht voor&nbsp;detail&nbsp;en kwaliteit.&nbsp;Het is alles wat we vandaag missen.\u201d&nbsp;<\/p>\n\n\n\n<h2 class=\"wp-block-heading\"><strong>Comfort voor ondernemers<\/strong>&nbsp;<\/h2>\n\n\n\n<p class=\"wp-block-paragraph\">Verbreden betekent&nbsp;met andere woorden&nbsp;niet&nbsp;dat Nicky&nbsp;Vankets&nbsp;een mainstream&nbsp;modemerk wordt.&nbsp;Vankets: \u201cLaten we zeggen dat we de markt gaan verbreden, maar vooral op vragen die we al kregen van klanten. Mensen kwamen puur voor een gelegenheid en zeiden dan: we willen eigenlijk wel&nbsp;iets voor elke dag.\u201d&nbsp;Het zijn mensen die juist het vakmanschap en het op maat gemaakte appreci\u00ebren, dus dat blijft&nbsp;centraal staan.&nbsp;<\/p>\n\n\n\n<p class=\"wp-block-paragraph\">De eerste concrete stap is een businesslijn voor ondernemers. Kleding moet daarbij niet alleen goed ogen, maar onderdeel worden van iemands professionele identiteit.&nbsp;Vankets: \u201cWie ben jij? Wat wil je uitstralen? Welk imago wil je naar buiten brengen? Wat zijn belangrijke dingen voor je onderneming? Die dingen kunnen wij vertalen, omdat we natuurlijk alles in eigen handen hebben en omdat we \u00e9\u00e9n op \u00e9\u00e9n kunnen werken.\u201d&nbsp;<\/p>\n\n\n\n<p class=\"wp-block-paragraph\">Voor Vandenplas, zelf ondernemer,&nbsp;is comfort nummer \u00e9\u00e9n \u2013 en de vrijheid om de betekenis daarvan zelf in te vullen.&nbsp;\u201cComfort kan voor de \u00e9\u00e9n een leuke stof zijn, voor de ander betekent het: ik hoef het niet te strijken of ik kan het gewoon in de wasmachine wassen.&nbsp;We maken enorm lange dagen, dus&nbsp;de trui die ik \u2019s morgens aantrek, die wil ik \u2019s avonds eigenlijk mee&nbsp;naar&nbsp;bed nemen.\u201d&nbsp;<\/p>\n\n\n\n<h2 class=\"wp-block-heading\"><strong>Pr\u00eat-\u00e0-porter en accessoires&nbsp;volgen&nbsp;later<\/strong>&nbsp;<\/h2>\n\n\n\n<p class=\"wp-block-paragraph\">Pr\u00eat-\u00e0-porter staat in de toekomst op de planning. Ook accessoires staan op de lijst.&nbsp;\u201cMaar dat is&nbsp;nog niet&nbsp;voor morgen\u201d, nuanceert het duo meteen.&nbsp;\u201cAls we een product op de markt zetten, moet dat ook een product zijn waar we allebei achter staan, waar we trots op zijn en waar een verhaal achter zit.\u201d&nbsp;&nbsp;<\/p>\n\n\n\n<p class=\"wp-block-paragraph\">En dat vraagt tijd:&nbsp;Vankets&nbsp;schat dat de ontwikkeling van sommige categorie\u00ebn minstens anderhalf tot twee jaar kan duren.&nbsp;Achter de schermen loopt wel al onderzoek naar onder meer schoenen, leder en mogelijke partners. Het huis wil vermijden dat het simpelweg bestaande producten inkoopt en er zijn eigen naam op plakt.&nbsp;<\/p>\n\n\n\n<p class=\"wp-block-paragraph\">Ook materiaalkeuze krijgt een prominentere plaats in de nieuwe strategie. Zo zoekt het modehuis voor lederwaren naar materiaal dat als reststroom uit de voedingsindustrie komt en kijkt het naar gerecycleerde grondstoffen.\u00a0Vankets&nbsp;wil echter voorkomen dat duurzaamheid alleen als marketingargument dient. \u201cWe zitten in de mode, dus willen we een stukje teruggeven voor wat de sector de voorbije jaren heeft kapotgemaakt. Maar dan horen daar ook de certificaten bij, dan&nbsp;moet&nbsp;het verhaal ook kloppen.\u201d&nbsp;<\/p>\n\n\n\n<h2 class=\"wp-block-heading\">\u201cHet buitenland wacht\u201d\u00a0<\/h2>\n\n\n\n<p class=\"wp-block-paragraph\">Het duo heeft alvast alle mogelijke groeitrajecten in kaart gebracht en prioriteiten bepaald. Nu worden ze verder afgetoetst op haalbaarheid.&nbsp;Vankets: \u201cAls je alles alleen doet, kan je niet verder kijken dan morgen. Nu ontstaat er ruimte voor strategie.\u201d&nbsp; Zijn rol verschuift nadrukkelijker naar creatie, terwijl Vandenplas vooruitkijkt.&nbsp;<\/p>\n\n\n\n<p class=\"wp-block-paragraph\">Eerst wil&nbsp;House of&nbsp;Vankets&nbsp;de&nbsp;positie in Belgi\u00eb opnieuw aanscherpen. Daarna kijkt het&nbsp;modehuis&nbsp;nadrukkelijk verder:&nbsp;\u201cIk denk dat we voor de eerste keer durven zeggen: het buitenland wacht.&nbsp;Niet gewoon net over de grens, laten we maar groot denken.&nbsp;Al&nbsp;hoeft&nbsp;het&nbsp;ook niet overal te zijn, want ik geloof nog altijd dat mijn handschrift een stukje exclusiviteit met zich meebrengt.\u201d&nbsp;<\/p>\n\n\n\n<p class=\"wp-block-paragraph\">Voor Vandenplas begint die expansiedroom&nbsp;weliswaar&nbsp;bij een solide onderneming.&nbsp;\u201cEr&nbsp;moet rendabiliteit zijn,&nbsp;er&nbsp;moet structuur zijn,&nbsp;er&nbsp;moet veiligheid zijn waarop je kunt bouwen.\u201d&nbsp;Pas daarna mag de ontwerper weer wat meer los.&nbsp;\u201cWe moeten in&nbsp;de&nbsp;komende twee jaar vooral zorgen&nbsp;voor de fundamenten. Om dan misschien&nbsp;weer&nbsp;eens een gekke sprong in het duister te doen\u201d, glundert de ontwerper al.&nbsp;<\/p>\n","protected":false},"excerpt":{"rendered":"<p>Sinds juni staat bouwonderneemster Daphn\u00e9 Vandenplas als CEO aan het roer van\u00a0wat\u00a0vanaf\u00a0nu\u00a0House of\u00a0Vankets\u00a0is. Samen willen ze het Belgische modehuis verbreden\u00a0en stabiliseren.\u00a0\u201cEr\u00a0moet rendabiliteit zijn,\u00a0er\u00a0moet structuur zijn,\u00a0er\u00a0moet veiligheid zijn waarop je kunt bouwen.\u201d<\/p>\n","protected":false},"author":5,"featured_media":154630,"comment_status":"closed","ping_status":"closed","sticky":false,"template":"","format":"standard","meta":{"_acf_changed":false,"inline_featured_image":false,"_jetpack_newsletter_access":"","_jetpack_dont_email_post_to_subs":false,"_jetpack_newsletter_tier_id":0,"_jetpack_memberships_contains_paywalled_content":false,"_jetpack_memberships_contains_paid_content":false,"footnotes":""},"categories":[14],"tags":[],"people":[2111],"extra":[43],"company":[2110],"topic":[197,643],"region":[90],"class_list":["post-154628","post","type-post","status-publish","format-standard","has-post-thumbnail","hentry","category-mode","people-nicky-vankets","extra-plus","company-house-of-vankets","topic-expansie","topic-interview","region-belgie"],"acf":[],"yoast_head":"<!-- This site is optimized with the Yoast SEO plugin v28.1 - https:\/\/yoast.com\/product\/yoast-seo-wordpress\/ -->\n<title>Nicky\u00a0Vankets\u00a0in het nieuw:\u00a0House of\u00a0Vankets\u00a0krijgt structuur, CEO en vers kapitaal\u00a0 - RetailDetail BE<\/title>\n<meta name=\"robots\" content=\"index, follow, max-snippet:-1, max-image-preview:large, max-video-preview:-1\" \/>\n<link rel=\"canonical\" href=\"https:\/\/www.retaildetail.be\/nl\/news\/mode\/nicky-vankets-in-het-nieuw-house-of-vankets-krijgt-structuur-ceo-en-vers-kapitaal\/\" \/>\n<meta property=\"og:locale\" content=\"nl_NL\" \/>\n<meta property=\"og:type\" content=\"article\" \/>\n<meta property=\"og:title\" content=\"Nicky\u00a0Vankets\u00a0in het nieuw:\u00a0House of\u00a0Vankets\u00a0krijgt structuur, CEO en vers kapitaal\u00a0 - RetailDetail BE\" \/>\n<meta property=\"og:description\" content=\"Sinds juni staat bouwonderneemster Daphn\u00e9 Vandenplas als CEO aan het roer van\u00a0wat\u00a0vanaf\u00a0nu\u00a0House of\u00a0Vankets\u00a0is. Samen willen ze het Belgische modehuis verbreden\u00a0en stabiliseren.\u00a0\u201cEr\u00a0moet rendabiliteit zijn,\u00a0er\u00a0moet structuur zijn,\u00a0er\u00a0moet veiligheid zijn waarop je kunt bouwen.\u201d\" \/>\n<meta property=\"og:url\" content=\"https:\/\/www.retaildetail.be\/nl\/news\/mode\/nicky-vankets-in-het-nieuw-house-of-vankets-krijgt-structuur-ceo-en-vers-kapitaal\/\" \/>\n<meta property=\"og:site_name\" content=\"RetailDetail BE\" \/>\n<meta property=\"article:published_time\" content=\"2026-09-03T11:54:18+00:00\" \/>\n<meta property=\"article:modified_time\" content=\"2026-09-03T11:54:20+00:00\" \/>\n<meta property=\"og:image\" content=\"https:\/\/www.retaildetail.be\/wp-content\/uploads\/2026\/09\/House-of-Vankets.jpg\" \/>\n\t<meta property=\"og:image:width\" content=\"1338\" \/>\n\t<meta property=\"og:image:height\" content=\"900\" \/>\n\t<meta property=\"og:image:type\" content=\"image\/jpeg\" \/>\n<meta name=\"author\" content=\"Pauline Neerman\" \/>\n<meta name=\"twitter:card\" content=\"summary_large_image\" \/>\n<meta name=\"twitter:label1\" content=\"Geschreven door\" \/>\n\t<meta name=\"twitter:data1\" content=\"Pauline Neerman\" \/>\n\t<meta name=\"twitter:label2\" content=\"Geschatte leestijd\" \/>\n\t<meta name=\"twitter:data2\" content=\"6 minuten\" \/>\n<script type=\"application\/ld+json\" class=\"yoast-schema-graph\">{\"@context\":\"https:\\\/\\\/schema.org\",\"@graph\":[{\"@type\":\"NewsArticle\",\"@id\":\"https:\\\/\\\/www.retaildetail.be\\\/nl\\\/news\\\/mode\\\/nicky-vankets-in-het-nieuw-house-of-vankets-krijgt-structuur-ceo-en-vers-kapitaal\\\/#article\",\"isPartOf\":{\"@id\":\"https:\\\/\\\/www.retaildetail.be\\\/nl\\\/news\\\/mode\\\/nicky-vankets-in-het-nieuw-house-of-vankets-krijgt-structuur-ceo-en-vers-kapitaal\\\/\"},\"author\":{\"name\":\"Pauline Neerman\",\"@id\":\"https:\\\/\\\/www.retaildetail.be\\\/nl\\\/#\\\/schema\\\/person\\\/66b54803fa10759039079458ea89e307\"},\"headline\":\"Nicky\u00a0Vankets\u00a0in het nieuw:\u00a0House of\u00a0Vankets\u00a0krijgt structuur, CEO en vers kapitaal\u00a0\",\"datePublished\":\"2026-09-03T11:54:18+00:00\",\"dateModified\":\"2026-09-03T11:54:20+00:00\",\"mainEntityOfPage\":{\"@id\":\"https:\\\/\\\/www.retaildetail.be\\\/nl\\\/news\\\/mode\\\/nicky-vankets-in-het-nieuw-house-of-vankets-krijgt-structuur-ceo-en-vers-kapitaal\\\/\"},\"wordCount\":1179,\"publisher\":{\"@id\":\"https:\\\/\\\/www.retaildetail.be\\\/nl\\\/#organization\"},\"image\":{\"@id\":\"https:\\\/\\\/www.retaildetail.be\\\/nl\\\/news\\\/mode\\\/nicky-vankets-in-het-nieuw-house-of-vankets-krijgt-structuur-ceo-en-vers-kapitaal\\\/#primaryimage\"},\"thumbnailUrl\":\"https:\\\/\\\/www.retaildetail.be\\\/wp-content\\\/uploads\\\/2026\\\/09\\\/House-of-Vankets.jpg\",\"articleSection\":[\"Mode\"],\"inLanguage\":\"nl-NL\",\"copyrightYear\":\"2026\",\"copyrightHolder\":{\"@id\":\"https:\\\/\\\/www.retaildetail.be\\\/#organization\"}},{\"@type\":\"WebPage\",\"@id\":\"https:\\\/\\\/www.retaildetail.be\\\/nl\\\/news\\\/mode\\\/nicky-vankets-in-het-nieuw-house-of-vankets-krijgt-structuur-ceo-en-vers-kapitaal\\\/\",\"url\":\"https:\\\/\\\/www.retaildetail.be\\\/nl\\\/news\\\/mode\\\/nicky-vankets-in-het-nieuw-house-of-vankets-krijgt-structuur-ceo-en-vers-kapitaal\\\/\",\"name\":\"Nicky\u00a0Vankets\u00a0in het nieuw:\u00a0House of\u00a0Vankets\u00a0krijgt structuur, CEO en vers kapitaal\u00a0 - RetailDetail BE\",\"isPartOf\":{\"@id\":\"https:\\\/\\\/www.retaildetail.be\\\/nl\\\/#website\"},\"primaryImageOfPage\":{\"@id\":\"https:\\\/\\\/www.retaildetail.be\\\/nl\\\/news\\\/mode\\\/nicky-vankets-in-het-nieuw-house-of-vankets-krijgt-structuur-ceo-en-vers-kapitaal\\\/#primaryimage\"},\"image\":{\"@id\":\"https:\\\/\\\/www.retaildetail.be\\\/nl\\\/news\\\/mode\\\/nicky-vankets-in-het-nieuw-house-of-vankets-krijgt-structuur-ceo-en-vers-kapitaal\\\/#primaryimage\"},\"thumbnailUrl\":\"https:\\\/\\\/www.retaildetail.be\\\/wp-content\\\/uploads\\\/2026\\\/09\\\/House-of-Vankets.jpg\",\"datePublished\":\"2026-09-03T11:54:18+00:00\",\"dateModified\":\"2026-09-03T11:54:20+00:00\",\"breadcrumb\":{\"@id\":\"https:\\\/\\\/www.retaildetail.be\\\/nl\\\/news\\\/mode\\\/nicky-vankets-in-het-nieuw-house-of-vankets-krijgt-structuur-ceo-en-vers-kapitaal\\\/#breadcrumb\"},\"inLanguage\":\"nl-NL\",\"potentialAction\":[{\"@type\":\"ReadAction\",\"target\":[\"https:\\\/\\\/www.retaildetail.be\\\/nl\\\/news\\\/mode\\\/nicky-vankets-in-het-nieuw-house-of-vankets-krijgt-structuur-ceo-en-vers-kapitaal\\\/\"]}]},{\"@type\":\"ImageObject\",\"inLanguage\":\"nl-NL\",\"@id\":\"https:\\\/\\\/www.retaildetail.be\\\/nl\\\/news\\\/mode\\\/nicky-vankets-in-het-nieuw-house-of-vankets-krijgt-structuur-ceo-en-vers-kapitaal\\\/#primaryimage\",\"url\":\"https:\\\/\\\/www.retaildetail.be\\\/wp-content\\\/uploads\\\/2026\\\/09\\\/House-of-Vankets.jpg\",\"contentUrl\":\"https:\\\/\\\/www.retaildetail.be\\\/wp-content\\\/uploads\\\/2026\\\/09\\\/House-of-Vankets.jpg\",\"width\":1338,\"height\":900},{\"@type\":\"BreadcrumbList\",\"@id\":\"https:\\\/\\\/www.retaildetail.be\\\/nl\\\/news\\\/mode\\\/nicky-vankets-in-het-nieuw-house-of-vankets-krijgt-structuur-ceo-en-vers-kapitaal\\\/#breadcrumb\",\"itemListElement\":[{\"@type\":\"ListItem\",\"position\":1,\"name\":\"Home\",\"item\":\"https:\\\/\\\/www.retaildetail.be\\\/nl\\\/\"},{\"@type\":\"ListItem\",\"position\":2,\"name\":\"Nicky\u00a0Vankets\u00a0in het nieuw:\u00a0House of\u00a0Vankets\u00a0krijgt structuur, CEO en vers kapitaal\u00a0\"}]},{\"@type\":\"WebSite\",\"@id\":\"https:\\\/\\\/www.retaildetail.be\\\/nl\\\/#website\",\"url\":\"https:\\\/\\\/www.retaildetail.be\\\/nl\\\/\",\"name\":\"RetailDetail BE\",\"description\":\"News\",\"publisher\":{\"@id\":\"https:\\\/\\\/www.retaildetail.be\\\/nl\\\/#organization\"},\"potentialAction\":[{\"@type\":\"SearchAction\",\"target\":{\"@type\":\"EntryPoint\",\"urlTemplate\":\"https:\\\/\\\/www.retaildetail.be\\\/nl\\\/?s={search_term_string}\"},\"query-input\":{\"@type\":\"PropertyValueSpecification\",\"valueRequired\":true,\"valueName\":\"search_term_string\"}}],\"inLanguage\":\"nl-NL\"},{\"@type\":\"Organization\",\"@id\":\"https:\\\/\\\/www.retaildetail.be\\\/nl\\\/#organization\",\"name\":\"RetailDetail BE\",\"url\":\"https:\\\/\\\/www.retaildetail.be\\\/nl\\\/\",\"logo\":{\"@type\":\"ImageObject\",\"inLanguage\":\"nl-NL\",\"@id\":\"https:\\\/\\\/www.retaildetail.be\\\/nl\\\/#\\\/schema\\\/logo\\\/image\\\/\",\"url\":\"https:\\\/\\\/www.retaildetail.be\\\/wp-content\\\/uploads\\\/2022\\\/04\\\/logo.svg\",\"contentUrl\":\"https:\\\/\\\/www.retaildetail.be\\\/wp-content\\\/uploads\\\/2022\\\/04\\\/logo.svg\",\"width\":131,\"height\":70,\"caption\":\"RetailDetail BE\"},\"image\":{\"@id\":\"https:\\\/\\\/www.retaildetail.be\\\/nl\\\/#\\\/schema\\\/logo\\\/image\\\/\"}},{\"@type\":\"Person\",\"@id\":\"https:\\\/\\\/www.retaildetail.be\\\/nl\\\/#\\\/schema\\\/person\\\/66b54803fa10759039079458ea89e307\",\"name\":\"Pauline Neerman\",\"image\":{\"@type\":\"ImageObject\",\"inLanguage\":\"nl-NL\",\"@id\":\"https:\\\/\\\/secure.gravatar.com\\\/avatar\\\/58db22aee589a691f9603e5765ac06010427a923f9b2728b951eb7fe27214d70?s=96&d=mm&r=g\",\"url\":\"https:\\\/\\\/secure.gravatar.com\\\/avatar\\\/58db22aee589a691f9603e5765ac06010427a923f9b2728b951eb7fe27214d70?s=96&d=mm&r=g\",\"contentUrl\":\"https:\\\/\\\/secure.gravatar.com\\\/avatar\\\/58db22aee589a691f9603e5765ac06010427a923f9b2728b951eb7fe27214d70?s=96&d=mm&r=g\",\"caption\":\"Pauline Neerman\"},\"url\":\"https:\\\/\\\/www.retaildetail.be\\\/nl\\\/author\\\/paulineneerman\\\/\"}]}<\/script>\n<!-- \/ Yoast SEO plugin. -->","yoast_head_json":{"title":"Nicky\u00a0Vankets\u00a0in het nieuw:\u00a0House of\u00a0Vankets\u00a0krijgt structuur, CEO en vers kapitaal\u00a0 - RetailDetail BE","robots":{"index":"index","follow":"follow","max-snippet":"max-snippet:-1","max-image-preview":"max-image-preview:large","max-video-preview":"max-video-preview:-1"},"canonical":"https:\/\/www.retaildetail.be\/nl\/news\/mode\/nicky-vankets-in-het-nieuw-house-of-vankets-krijgt-structuur-ceo-en-vers-kapitaal\/","og_locale":"nl_NL","og_type":"article","og_title":"Nicky\u00a0Vankets\u00a0in het nieuw:\u00a0House of\u00a0Vankets\u00a0krijgt structuur, CEO en vers kapitaal\u00a0 - RetailDetail BE","og_description":"Sinds juni staat bouwonderneemster Daphn\u00e9 Vandenplas als CEO aan het roer van\u00a0wat\u00a0vanaf\u00a0nu\u00a0House of\u00a0Vankets\u00a0is. Samen willen ze het Belgische modehuis verbreden\u00a0en stabiliseren.\u00a0\u201cEr\u00a0moet rendabiliteit zijn,\u00a0er\u00a0moet structuur zijn,\u00a0er\u00a0moet veiligheid zijn waarop je kunt bouwen.\u201d","og_url":"https:\/\/www.retaildetail.be\/nl\/news\/mode\/nicky-vankets-in-het-nieuw-house-of-vankets-krijgt-structuur-ceo-en-vers-kapitaal\/","og_site_name":"RetailDetail BE","article_published_time":"2026-09-03T11:54:18+00:00","article_modified_time":"2026-09-03T11:54:20+00:00","og_image":[{"width":1338,"height":900,"url":"https:\/\/www.retaildetail.be\/wp-content\/uploads\/2026\/09\/House-of-Vankets.jpg","type":"image\/jpeg"}],"author":"Pauline Neerman","twitter_card":"summary_large_image","twitter_misc":{"Geschreven door":"Pauline Neerman","Geschatte leestijd":"6 minuten"},"schema":{"@context":"https:\/\/schema.org","@graph":[{"@type":"NewsArticle","@id":"https:\/\/www.retaildetail.be\/nl\/news\/mode\/nicky-vankets-in-het-nieuw-house-of-vankets-krijgt-structuur-ceo-en-vers-kapitaal\/#article","isPartOf":{"@id":"https:\/\/www.retaildetail.be\/nl\/news\/mode\/nicky-vankets-in-het-nieuw-house-of-vankets-krijgt-structuur-ceo-en-vers-kapitaal\/"},"author":{"name":"Pauline Neerman","@id":"https:\/\/www.retaildetail.be\/nl\/#\/schema\/person\/66b54803fa10759039079458ea89e307"},"headline":"Nicky\u00a0Vankets\u00a0in het nieuw:\u00a0House of\u00a0Vankets\u00a0krijgt structuur, CEO en vers kapitaal\u00a0","datePublished":"2026-09-03T11:54:18+00:00","dateModified":"2026-09-03T11:54:20+00:00","mainEntityOfPage":{"@id":"https:\/\/www.retaildetail.be\/nl\/news\/mode\/nicky-vankets-in-het-nieuw-house-of-vankets-krijgt-structuur-ceo-en-vers-kapitaal\/"},"wordCount":1179,"publisher":{"@id":"https:\/\/www.retaildetail.be\/nl\/#organization"},"image":{"@id":"https:\/\/www.retaildetail.be\/nl\/news\/mode\/nicky-vankets-in-het-nieuw-house-of-vankets-krijgt-structuur-ceo-en-vers-kapitaal\/#primaryimage"},"thumbnailUrl":"https:\/\/www.retaildetail.be\/wp-content\/uploads\/2026\/09\/House-of-Vankets.jpg","articleSection":["Mode"],"inLanguage":"nl-NL","copyrightYear":"2026","copyrightHolder":{"@id":"https:\/\/www.retaildetail.be\/#organization"}},{"@type":"WebPage","@id":"https:\/\/www.retaildetail.be\/nl\/news\/mode\/nicky-vankets-in-het-nieuw-house-of-vankets-krijgt-structuur-ceo-en-vers-kapitaal\/","url":"https:\/\/www.retaildetail.be\/nl\/news\/mode\/nicky-vankets-in-het-nieuw-house-of-vankets-krijgt-structuur-ceo-en-vers-kapitaal\/","name":"Nicky\u00a0Vankets\u00a0in het nieuw:\u00a0House of\u00a0Vankets\u00a0krijgt structuur, CEO en vers kapitaal\u00a0 - RetailDetail BE","isPartOf":{"@id":"https:\/\/www.retaildetail.be\/nl\/#website"},"primaryImageOfPage":{"@id":"https:\/\/www.retaildetail.be\/nl\/news\/mode\/nicky-vankets-in-het-nieuw-house-of-vankets-krijgt-structuur-ceo-en-vers-kapitaal\/#primaryimage"},"image":{"@id":"https:\/\/www.retaildetail.be\/nl\/news\/mode\/nicky-vankets-in-het-nieuw-house-of-vankets-krijgt-structuur-ceo-en-vers-kapitaal\/#primaryimage"},"thumbnailUrl":"https:\/\/www.retaildetail.be\/wp-content\/uploads\/2026\/09\/House-of-Vankets.jpg","datePublished":"2026-09-03T11:54:18+00:00","dateModified":"2026-09-03T11:54:20+00:00","breadcrumb":{"@id":"https:\/\/www.retaildetail.be\/nl\/news\/mode\/nicky-vankets-in-het-nieuw-house-of-vankets-krijgt-structuur-ceo-en-vers-kapitaal\/#breadcrumb"},"inLanguage":"nl-NL","potentialAction":[{"@type":"ReadAction","target":["https:\/\/www.retaildetail.be\/nl\/news\/mode\/nicky-vankets-in-het-nieuw-house-of-vankets-krijgt-structuur-ceo-en-vers-kapitaal\/"]}]},{"@type":"ImageObject","inLanguage":"nl-NL","@id":"https:\/\/www.retaildetail.be\/nl\/news\/mode\/nicky-vankets-in-het-nieuw-house-of-vankets-krijgt-structuur-ceo-en-vers-kapitaal\/#primaryimage","url":"https:\/\/www.retaildetail.be\/wp-content\/uploads\/2026\/09\/House-of-Vankets.jpg","contentUrl":"https:\/\/www.retaildetail.be\/wp-content\/uploads\/2026\/09\/House-of-Vankets.jpg","width":1338,"height":900},{"@type":"BreadcrumbList","@id":"https:\/\/www.retaildetail.be\/nl\/news\/mode\/nicky-vankets-in-het-nieuw-house-of-vankets-krijgt-structuur-ceo-en-vers-kapitaal\/#breadcrumb","itemListElement":[{"@type":"ListItem","position":1,"name":"Home","item":"https:\/\/www.retaildetail.be\/nl\/"},{"@type":"ListItem","position":2,"name":"Nicky\u00a0Vankets\u00a0in het nieuw:\u00a0House of\u00a0Vankets\u00a0krijgt structuur, CEO en vers kapitaal\u00a0"}]},{"@type":"WebSite","@id":"https:\/\/www.retaildetail.be\/nl\/#website","url":"https:\/\/www.retaildetail.be\/nl\/","name":"RetailDetail BE","description":"News","publisher":{"@id":"https:\/\/www.retaildetail.be\/nl\/#organization"},"potentialAction":[{"@type":"SearchAction","target":{"@type":"EntryPoint","urlTemplate":"https:\/\/www.retaildetail.be\/nl\/?s={search_term_string}"},"query-input":{"@type":"PropertyValueSpecification","valueRequired":true,"valueName":"search_term_string"}}],"inLanguage":"nl-NL"},{"@type":"Organization","@id":"https:\/\/www.retaildetail.be\/nl\/#organization","name":"RetailDetail BE","url":"https:\/\/www.retaildetail.be\/nl\/","logo":{"@type":"ImageObject","inLanguage":"nl-NL","@id":"https:\/\/www.retaildetail.be\/nl\/#\/schema\/logo\/image\/","url":"https:\/\/www.retaildetail.be\/wp-content\/uploads\/2022\/04\/logo.svg","contentUrl":"https:\/\/www.retaildetail.be\/wp-content\/uploads\/2022\/04\/logo.svg","width":131,"height":70,"caption":"RetailDetail BE"},"image":{"@id":"https:\/\/www.retaildetail.be\/nl\/#\/schema\/logo\/image\/"}},{"@type":"Person","@id":"https:\/\/www.retaildetail.be\/nl\/#\/schema\/person\/66b54803fa10759039079458ea89e307","name":"Pauline Neerman","image":{"@type":"ImageObject","inLanguage":"nl-NL","@id":"https:\/\/secure.gravatar.com\/avatar\/58db22aee589a691f9603e5765ac06010427a923f9b2728b951eb7fe27214d70?s=96&d=mm&r=g","url":"https:\/\/secure.gravatar.com\/avatar\/58db22aee589a691f9603e5765ac06010427a923f9b2728b951eb7fe27214d70?s=96&d=mm&r=g","contentUrl":"https:\/\/secure.gravatar.com\/avatar\/58db22aee589a691f9603e5765ac06010427a923f9b2728b951eb7fe27214d70?s=96&d=mm&r=g","caption":"Pauline Neerman"},"url":"https:\/\/www.retaildetail.be\/nl\/author\/paulineneerman\/"}]}},"jetpack_featured_media_url":"https:\/\/www.retaildetail.be\/wp-content\/uploads\/2026\/09\/House-of-Vankets.jpg","jetpack_sharing_enabled":true,"_links":{"self":[{"href":"https:\/\/www.retaildetail.be\/nl\/wp-json\/wp\/v2\/posts\/154628","targetHints":{"allow":["GET"]}}],"collection":[{"href":"https:\/\/www.retaildetail.be\/nl\/wp-json\/wp\/v2\/posts"}],"about":[{"href":"https:\/\/www.retaildetail.be\/nl\/wp-json\/wp\/v2\/types\/post"}],"author":[{"embeddable":true,"href":"https:\/\/www.retaildetail.be\/nl\/wp-json\/wp\/v2\/users\/5"}],"replies":[{"embeddable":true,"href":"https:\/\/www.retaildetail.be\/nl\/wp-json\/wp\/v2\/comments?post=154628"}],"version-history":[{"count":2,"href":"https:\/\/www.retaildetail.be\/nl\/wp-json\/wp\/v2\/posts\/154628\/revisions"}],"predecessor-version":[{"id":154631,"href":"https:\/\/www.retaildetail.be\/nl\/wp-json\/wp\/v2\/posts\/154628\/revisions\/154631"}],"wp:featuredmedia":[{"embeddable":true,"href":"https:\/\/www.retaildetail.be\/nl\/wp-json\/wp\/v2\/media\/154630"}],"wp:attachment":[{"href":"https:\/\/www.retaildetail.be\/nl\/wp-json\/wp\/v2\/media?parent=154628"}],"wp:term":[{"taxonomy":"category","embeddable":true,"href":"https:\/\/www.retaildetail.be\/nl\/wp-json\/wp\/v2\/categories?post=154628"},{"taxonomy":"post_tag","embeddable":true,"href":"https:\/\/www.retaildetail.be\/nl\/wp-json\/wp\/v2\/tags?post=154628"},{"taxonomy":"people","embeddable":true,"href":"https:\/\/www.retaildetail.be\/nl\/wp-json\/wp\/v2\/people?post=154628"},{"taxonomy":"extra","embeddable":true,"href":"https:\/\/www.retaildetail.be\/nl\/wp-json\/wp\/v2\/extra?post=154628"},{"taxonomy":"company","embeddable":true,"href":"https:\/\/www.retaildetail.be\/nl\/wp-json\/wp\/v2\/company?post=154628"},{"taxonomy":"topic","embeddable":true,"href":"https:\/\/www.retaildetail.be\/nl\/wp-json\/wp\/v2\/topic?post=154628"},{"taxonomy":"region","embeddable":true,"href":"https:\/\/www.retaildetail.be\/nl\/wp-json\/wp\/v2\/region?post=154628"}],"curies":[{"name":"wp","href":"https:\/\/api.w.org\/{rel}","templated":true}]}}