{"id":1933,"date":"2012-08-08T15:51:07","date_gmt":"2012-08-08T15:51:07","guid":{"rendered":"https:\/\/www.retaildetail.be\/wonen\/aalst-krijgt-18e-kvik-keukenwinkel-van-ons-land\/"},"modified":"2012-08-08T15:51:07","modified_gmt":"2012-08-08T15:51:07","slug":"aalst-krijgt-18e-kvik-keukenwinkel-van-ons-land","status":"publish","type":"post","link":"https:\/\/www.retaildetail.be\/nl\/news\/wonen\/aalst-krijgt-18e-kvik-keukenwinkel-van-ons-land\/","title":{"rendered":"Aalst krijgt 18e Kvik-keukenwinkel van ons land"},"content":{"rendered":"<h2>Flink potentieel<\/h2>\n<p>De nieuwe vestiging van Kvik in Aalst is 1.000 m\u00b2 groot en ligt <strong>aan de drukke Gentsesteenweg<\/strong>. &#8220;Een uitstekend\u00a0gelegen commerci\u00eble ruimte, met parkeergelegenheid\u00a0voor 25 wagens&#8221;, zegt\u00a0Peter Verplancke, manager voor\u00a0Kvik Zuid-Europa. &#8220;De nieuwe Kvik in Aalst wordt gerund door franchisenemer Filip Vereecken,\u00a0een getalenteerd commercieel corporate manager met heel wat schrijnwerkerij-kennis. Hij zal een team van\u00a0acht ervaren medewerkers leiden.&#8221;<\/p>\n<p>\u00a0<\/p>\n<p>De Deense keukenfabrikant heeft naar eigen zeggen nog flink wat potentieel in ons land: &#8220;Een eigen recente\u00a0marktstudie heeft aangetoond dat <strong>we de keuze van meer\u00a0dan 100.000 nieuwe huisgezinnen kunnen worden<\/strong>. In het dichtbevolkte gebied tussen Gent, Sint-Niklaas en Aalst\u00a0waren er\u00a0duidelijk\u00a0meer opportuniteiten voor extra keuken-, badkamer- en opbergaanbiedingen&#8221;, klinkt het bij Kvik.<\/p>\n<p>\u00a0<\/p>\n<h2>Betaalbaar Deens design<\/h2>\n<p>Kvik\u00a0werkte zich <strong>sinds de start nu 29 jaar geleden<\/strong> op tot een &#8211; naar eigen zeggen &#8211; &#8220;referentie in inspirerend en betaalbaar\u00a0Deens\u00a0design&#8221;, met\u00a0een aanbod vanaf 900 euro (&#8220;Basiq&#8221;-keukenmodel) tot 11.000 euro.\u00a0<\/p>\n<p>\u00a0<\/p>\n<p>De keten maakt <strong>deel uit van de Zweedse groep\u00a0Ballingsl\u00f6v<\/strong>,\u00a0\u00e9\u00e9n van de toonaangevende keuken- en badkamergroepen in Scandinavi\u00eb en Groot-Brittanni\u00eb. Vorig jaar zette Kvik een omzet neer van om en bij de 1,2 miljard Deense kroon (ca. 160 miljoen euro) via franchisezaken en eigen winkels. Er zijn op dit moment Kvik-winkels in Denemarken, de Faer\u00f6er-eilanden, Zweden, Noorwegen, Finland, Nederland, Belgi\u00eb, Spanje, Frankrijk en Thailand.<\/p>\n","protected":false},"excerpt":{"rendered":"<p>Flink potentieel De nieuwe vestiging van Kvik in Aalst is 1.000 m\u00b2 groot en ligt aan de drukke Gentsesteenweg. &#8220;Een uitstekend\u00a0gelegen commerci\u00eble ruimte, met parkeergelegenheid\u00a0voor 25 wagens&#8221;, zegt\u00a0Peter Verplancke, manager voor\u00a0Kvik Zuid-Europa. &#8220;De nieuwe Kvik in Aalst wordt gerund door franchisenemer Filip Vereecken,\u00a0een getalenteerd commercieel corporate manager met heel wat schrijnwerkerij-kennis. Hij zal een team [&hellip;]<\/p>\n","protected":false},"author":1,"featured_media":84,"comment_status":"closed","ping_status":"closed","sticky":false,"template":"","format":"standard","meta":{"_acf_changed":false,"inline_featured_image":false,"_jetpack_memberships_contains_paid_content":false,"footnotes":""},"categories":[21],"tags":[],"people":[],"extra":[],"company":[],"topic":[],"region":[],"class_list":["post-1933","post","type-post","status-publish","format-standard","has-post-thumbnail","hentry","category-wonen"],"acf":[],"yoast_head":"<!-- This site is optimized with the Yoast SEO plugin v27.3 - https:\/\/yoast.com\/product\/yoast-seo-wordpress\/ -->\n<title>Aalst krijgt 18e Kvik-keukenwinkel van ons land - RetailDetail BE<\/title>\n<meta name=\"robots\" content=\"index, follow, max-snippet:-1, max-image-preview:large, max-video-preview:-1\" \/>\n<link rel=\"canonical\" href=\"https:\/\/www.retaildetail.be\/nl\/news\/wonen\/aalst-krijgt-18e-kvik-keukenwinkel-van-ons-land\/\" \/>\n<meta property=\"og:locale\" content=\"nl_NL\" \/>\n<meta property=\"og:type\" content=\"article\" \/>\n<meta property=\"og:title\" content=\"Aalst krijgt 18e Kvik-keukenwinkel van ons land - RetailDetail BE\" \/>\n<meta property=\"og:description\" content=\"Flink potentieel De nieuwe vestiging van Kvik in Aalst is 1.000 m\u00b2 groot en ligt aan de drukke Gentsesteenweg. &#8220;Een uitstekend\u00a0gelegen commerci\u00eble ruimte, met parkeergelegenheid\u00a0voor 25 wagens&#8221;, zegt\u00a0Peter Verplancke, manager voor\u00a0Kvik Zuid-Europa. &#8220;De nieuwe Kvik in Aalst wordt gerund door franchisenemer Filip Vereecken,\u00a0een getalenteerd commercieel corporate manager met heel wat schrijnwerkerij-kennis. Hij zal een team [&hellip;]\" \/>\n<meta property=\"og:url\" content=\"https:\/\/www.retaildetail.be\/nl\/news\/wonen\/aalst-krijgt-18e-kvik-keukenwinkel-van-ons-land\/\" \/>\n<meta property=\"og:site_name\" content=\"RetailDetail BE\" \/>\n<meta property=\"article:published_time\" content=\"2012-08-08T15:51:07+00:00\" \/>\n<meta property=\"og:image\" content=\"https:\/\/i0.wp.com\/www.retaildetail.be\/wp-content\/uploads\/2022\/04\/logo.png?fit=281%2C147&quality=100&strip=all&ssl=1\" \/>\n\t<meta property=\"og:image:width\" content=\"281\" \/>\n\t<meta property=\"og:image:height\" content=\"147\" \/>\n\t<meta property=\"og:image:type\" content=\"image\/png\" \/>\n<meta name=\"author\" content=\"dev@grandiz.com\" \/>\n<meta name=\"twitter:card\" content=\"summary_large_image\" \/>\n<meta name=\"twitter:label1\" content=\"Geschreven door\" \/>\n\t<meta name=\"twitter:data1\" content=\"dev@grandiz.com\" \/>\n\t<meta name=\"twitter:label2\" content=\"Geschatte leestijd\" \/>\n\t<meta name=\"twitter:data2\" content=\"1 minuut\" \/>\n<script type=\"application\/ld+json\" class=\"yoast-schema-graph\">{\"@context\":\"https:\\\/\\\/schema.org\",\"@graph\":[{\"@type\":\"NewsArticle\",\"@id\":\"https:\\\/\\\/www.retaildetail.be\\\/nl\\\/news\\\/wonen\\\/aalst-krijgt-18e-kvik-keukenwinkel-van-ons-land\\\/#article\",\"isPartOf\":{\"@id\":\"https:\\\/\\\/www.retaildetail.be\\\/nl\\\/news\\\/wonen\\\/aalst-krijgt-18e-kvik-keukenwinkel-van-ons-land\\\/\"},\"author\":{\"name\":\"dev@grandiz.com\",\"@id\":\"https:\\\/\\\/www.retaildetail.be\\\/nl\\\/#\\\/schema\\\/person\\\/ba2d383452a753a3a1ce8cdb349b5fc9\"},\"headline\":\"Aalst krijgt 18e Kvik-keukenwinkel van ons land\",\"datePublished\":\"2012-08-08T15:51:07+00:00\",\"mainEntityOfPage\":{\"@id\":\"https:\\\/\\\/www.retaildetail.be\\\/nl\\\/news\\\/wonen\\\/aalst-krijgt-18e-kvik-keukenwinkel-van-ons-land\\\/\"},\"wordCount\":227,\"publisher\":{\"@id\":\"https:\\\/\\\/www.retaildetail.be\\\/nl\\\/#organization\"},\"image\":{\"@id\":\"https:\\\/\\\/www.retaildetail.be\\\/nl\\\/news\\\/wonen\\\/aalst-krijgt-18e-kvik-keukenwinkel-van-ons-land\\\/#primaryimage\"},\"thumbnailUrl\":\"https:\\\/\\\/www.retaildetail.be\\\/wp-content\\\/uploads\\\/2022\\\/04\\\/logo.png\",\"articleSection\":[\"Wonen\"],\"inLanguage\":\"nl-NL\",\"copyrightYear\":\"2012\",\"copyrightHolder\":{\"@id\":\"https:\\\/\\\/www.retaildetail.be\\\/#organization\"}},{\"@type\":\"WebPage\",\"@id\":\"https:\\\/\\\/www.retaildetail.be\\\/nl\\\/news\\\/wonen\\\/aalst-krijgt-18e-kvik-keukenwinkel-van-ons-land\\\/\",\"url\":\"https:\\\/\\\/www.retaildetail.be\\\/nl\\\/news\\\/wonen\\\/aalst-krijgt-18e-kvik-keukenwinkel-van-ons-land\\\/\",\"name\":\"Aalst krijgt 18e Kvik-keukenwinkel van ons land - RetailDetail BE\",\"isPartOf\":{\"@id\":\"https:\\\/\\\/www.retaildetail.be\\\/nl\\\/#website\"},\"primaryImageOfPage\":{\"@id\":\"https:\\\/\\\/www.retaildetail.be\\\/nl\\\/news\\\/wonen\\\/aalst-krijgt-18e-kvik-keukenwinkel-van-ons-land\\\/#primaryimage\"},\"image\":{\"@id\":\"https:\\\/\\\/www.retaildetail.be\\\/nl\\\/news\\\/wonen\\\/aalst-krijgt-18e-kvik-keukenwinkel-van-ons-land\\\/#primaryimage\"},\"thumbnailUrl\":\"https:\\\/\\\/www.retaildetail.be\\\/wp-content\\\/uploads\\\/2022\\\/04\\\/logo.png\",\"datePublished\":\"2012-08-08T15:51:07+00:00\",\"breadcrumb\":{\"@id\":\"https:\\\/\\\/www.retaildetail.be\\\/nl\\\/news\\\/wonen\\\/aalst-krijgt-18e-kvik-keukenwinkel-van-ons-land\\\/#breadcrumb\"},\"inLanguage\":\"nl-NL\",\"potentialAction\":[{\"@type\":\"ReadAction\",\"target\":[\"https:\\\/\\\/www.retaildetail.be\\\/nl\\\/news\\\/wonen\\\/aalst-krijgt-18e-kvik-keukenwinkel-van-ons-land\\\/\"]}]},{\"@type\":\"ImageObject\",\"inLanguage\":\"nl-NL\",\"@id\":\"https:\\\/\\\/www.retaildetail.be\\\/nl\\\/news\\\/wonen\\\/aalst-krijgt-18e-kvik-keukenwinkel-van-ons-land\\\/#primaryimage\",\"url\":\"https:\\\/\\\/www.retaildetail.be\\\/wp-content\\\/uploads\\\/2022\\\/04\\\/logo.png\",\"contentUrl\":\"https:\\\/\\\/www.retaildetail.be\\\/wp-content\\\/uploads\\\/2022\\\/04\\\/logo.png\",\"width\":281,\"height\":147},{\"@type\":\"BreadcrumbList\",\"@id\":\"https:\\\/\\\/www.retaildetail.be\\\/nl\\\/news\\\/wonen\\\/aalst-krijgt-18e-kvik-keukenwinkel-van-ons-land\\\/#breadcrumb\",\"itemListElement\":[{\"@type\":\"ListItem\",\"position\":1,\"name\":\"Home\",\"item\":\"https:\\\/\\\/www.retaildetail.be\\\/nl\\\/\"},{\"@type\":\"ListItem\",\"position\":2,\"name\":\"Aalst krijgt 18e Kvik-keukenwinkel van ons land\"}]},{\"@type\":\"WebSite\",\"@id\":\"https:\\\/\\\/www.retaildetail.be\\\/nl\\\/#website\",\"url\":\"https:\\\/\\\/www.retaildetail.be\\\/nl\\\/\",\"name\":\"RetailDetail BE\",\"description\":\"News\",\"publisher\":{\"@id\":\"https:\\\/\\\/www.retaildetail.be\\\/nl\\\/#organization\"},\"potentialAction\":[{\"@type\":\"SearchAction\",\"target\":{\"@type\":\"EntryPoint\",\"urlTemplate\":\"https:\\\/\\\/www.retaildetail.be\\\/nl\\\/?s={search_term_string}\"},\"query-input\":{\"@type\":\"PropertyValueSpecification\",\"valueRequired\":true,\"valueName\":\"search_term_string\"}}],\"inLanguage\":\"nl-NL\"},{\"@type\":\"Organization\",\"@id\":\"https:\\\/\\\/www.retaildetail.be\\\/nl\\\/#organization\",\"name\":\"RetailDetail BE\",\"url\":\"https:\\\/\\\/www.retaildetail.be\\\/nl\\\/\",\"logo\":{\"@type\":\"ImageObject\",\"inLanguage\":\"nl-NL\",\"@id\":\"https:\\\/\\\/www.retaildetail.be\\\/nl\\\/#\\\/schema\\\/logo\\\/image\\\/\",\"url\":\"https:\\\/\\\/www.retaildetail.be\\\/wp-content\\\/uploads\\\/2022\\\/04\\\/logo.svg\",\"contentUrl\":\"https:\\\/\\\/www.retaildetail.be\\\/wp-content\\\/uploads\\\/2022\\\/04\\\/logo.svg\",\"width\":131,\"height\":70,\"caption\":\"RetailDetail BE\"},\"image\":{\"@id\":\"https:\\\/\\\/www.retaildetail.be\\\/nl\\\/#\\\/schema\\\/logo\\\/image\\\/\"}},{\"@type\":\"Person\",\"@id\":\"https:\\\/\\\/www.retaildetail.be\\\/nl\\\/#\\\/schema\\\/person\\\/ba2d383452a753a3a1ce8cdb349b5fc9\",\"name\":\"dev@grandiz.com\",\"image\":{\"@type\":\"ImageObject\",\"inLanguage\":\"nl-NL\",\"@id\":\"https:\\\/\\\/secure.gravatar.com\\\/avatar\\\/5f53ce9fb6eed4a60e5aaaa712be8773880fa9459d9cac9bc4aa4fdbce3f447f?s=96&d=mm&r=g\",\"url\":\"https:\\\/\\\/secure.gravatar.com\\\/avatar\\\/5f53ce9fb6eed4a60e5aaaa712be8773880fa9459d9cac9bc4aa4fdbce3f447f?s=96&d=mm&r=g\",\"contentUrl\":\"https:\\\/\\\/secure.gravatar.com\\\/avatar\\\/5f53ce9fb6eed4a60e5aaaa712be8773880fa9459d9cac9bc4aa4fdbce3f447f?s=96&d=mm&r=g\",\"caption\":\"dev@grandiz.com\"},\"sameAs\":[\"http:\\\/\\\/preprod.retaildetail.be\"],\"url\":\"https:\\\/\\\/www.retaildetail.be\\\/nl\\\/author\\\/devgrandiz-com\\\/\"}]}<\/script>\n<!-- \/ Yoast SEO plugin. -->","yoast_head_json":{"title":"Aalst krijgt 18e Kvik-keukenwinkel van ons land - RetailDetail BE","robots":{"index":"index","follow":"follow","max-snippet":"max-snippet:-1","max-image-preview":"max-image-preview:large","max-video-preview":"max-video-preview:-1"},"canonical":"https:\/\/www.retaildetail.be\/nl\/news\/wonen\/aalst-krijgt-18e-kvik-keukenwinkel-van-ons-land\/","og_locale":"nl_NL","og_type":"article","og_title":"Aalst krijgt 18e Kvik-keukenwinkel van ons land - RetailDetail BE","og_description":"Flink potentieel De nieuwe vestiging van Kvik in Aalst is 1.000 m\u00b2 groot en ligt aan de drukke Gentsesteenweg. &#8220;Een uitstekend\u00a0gelegen commerci\u00eble ruimte, met parkeergelegenheid\u00a0voor 25 wagens&#8221;, zegt\u00a0Peter Verplancke, manager voor\u00a0Kvik Zuid-Europa. &#8220;De nieuwe Kvik in Aalst wordt gerund door franchisenemer Filip Vereecken,\u00a0een getalenteerd commercieel corporate manager met heel wat schrijnwerkerij-kennis. Hij zal een team [&hellip;]","og_url":"https:\/\/www.retaildetail.be\/nl\/news\/wonen\/aalst-krijgt-18e-kvik-keukenwinkel-van-ons-land\/","og_site_name":"RetailDetail BE","article_published_time":"2012-08-08T15:51:07+00:00","og_image":[{"width":281,"height":147,"url":"https:\/\/i0.wp.com\/www.retaildetail.be\/wp-content\/uploads\/2022\/04\/logo.png?fit=281%2C147&quality=100&strip=all&ssl=1","type":"image\/png"}],"author":"dev@grandiz.com","twitter_card":"summary_large_image","twitter_misc":{"Geschreven door":"dev@grandiz.com","Geschatte leestijd":"1 minuut"},"schema":{"@context":"https:\/\/schema.org","@graph":[{"@type":"NewsArticle","@id":"https:\/\/www.retaildetail.be\/nl\/news\/wonen\/aalst-krijgt-18e-kvik-keukenwinkel-van-ons-land\/#article","isPartOf":{"@id":"https:\/\/www.retaildetail.be\/nl\/news\/wonen\/aalst-krijgt-18e-kvik-keukenwinkel-van-ons-land\/"},"author":{"name":"dev@grandiz.com","@id":"https:\/\/www.retaildetail.be\/nl\/#\/schema\/person\/ba2d383452a753a3a1ce8cdb349b5fc9"},"headline":"Aalst krijgt 18e Kvik-keukenwinkel van ons land","datePublished":"2012-08-08T15:51:07+00:00","mainEntityOfPage":{"@id":"https:\/\/www.retaildetail.be\/nl\/news\/wonen\/aalst-krijgt-18e-kvik-keukenwinkel-van-ons-land\/"},"wordCount":227,"publisher":{"@id":"https:\/\/www.retaildetail.be\/nl\/#organization"},"image":{"@id":"https:\/\/www.retaildetail.be\/nl\/news\/wonen\/aalst-krijgt-18e-kvik-keukenwinkel-van-ons-land\/#primaryimage"},"thumbnailUrl":"https:\/\/www.retaildetail.be\/wp-content\/uploads\/2022\/04\/logo.png","articleSection":["Wonen"],"inLanguage":"nl-NL","copyrightYear":"2012","copyrightHolder":{"@id":"https:\/\/www.retaildetail.be\/#organization"}},{"@type":"WebPage","@id":"https:\/\/www.retaildetail.be\/nl\/news\/wonen\/aalst-krijgt-18e-kvik-keukenwinkel-van-ons-land\/","url":"https:\/\/www.retaildetail.be\/nl\/news\/wonen\/aalst-krijgt-18e-kvik-keukenwinkel-van-ons-land\/","name":"Aalst krijgt 18e Kvik-keukenwinkel van ons land - RetailDetail BE","isPartOf":{"@id":"https:\/\/www.retaildetail.be\/nl\/#website"},"primaryImageOfPage":{"@id":"https:\/\/www.retaildetail.be\/nl\/news\/wonen\/aalst-krijgt-18e-kvik-keukenwinkel-van-ons-land\/#primaryimage"},"image":{"@id":"https:\/\/www.retaildetail.be\/nl\/news\/wonen\/aalst-krijgt-18e-kvik-keukenwinkel-van-ons-land\/#primaryimage"},"thumbnailUrl":"https:\/\/www.retaildetail.be\/wp-content\/uploads\/2022\/04\/logo.png","datePublished":"2012-08-08T15:51:07+00:00","breadcrumb":{"@id":"https:\/\/www.retaildetail.be\/nl\/news\/wonen\/aalst-krijgt-18e-kvik-keukenwinkel-van-ons-land\/#breadcrumb"},"inLanguage":"nl-NL","potentialAction":[{"@type":"ReadAction","target":["https:\/\/www.retaildetail.be\/nl\/news\/wonen\/aalst-krijgt-18e-kvik-keukenwinkel-van-ons-land\/"]}]},{"@type":"ImageObject","inLanguage":"nl-NL","@id":"https:\/\/www.retaildetail.be\/nl\/news\/wonen\/aalst-krijgt-18e-kvik-keukenwinkel-van-ons-land\/#primaryimage","url":"https:\/\/www.retaildetail.be\/wp-content\/uploads\/2022\/04\/logo.png","contentUrl":"https:\/\/www.retaildetail.be\/wp-content\/uploads\/2022\/04\/logo.png","width":281,"height":147},{"@type":"BreadcrumbList","@id":"https:\/\/www.retaildetail.be\/nl\/news\/wonen\/aalst-krijgt-18e-kvik-keukenwinkel-van-ons-land\/#breadcrumb","itemListElement":[{"@type":"ListItem","position":1,"name":"Home","item":"https:\/\/www.retaildetail.be\/nl\/"},{"@type":"ListItem","position":2,"name":"Aalst krijgt 18e Kvik-keukenwinkel van ons land"}]},{"@type":"WebSite","@id":"https:\/\/www.retaildetail.be\/nl\/#website","url":"https:\/\/www.retaildetail.be\/nl\/","name":"RetailDetail BE","description":"News","publisher":{"@id":"https:\/\/www.retaildetail.be\/nl\/#organization"},"potentialAction":[{"@type":"SearchAction","target":{"@type":"EntryPoint","urlTemplate":"https:\/\/www.retaildetail.be\/nl\/?s={search_term_string}"},"query-input":{"@type":"PropertyValueSpecification","valueRequired":true,"valueName":"search_term_string"}}],"inLanguage":"nl-NL"},{"@type":"Organization","@id":"https:\/\/www.retaildetail.be\/nl\/#organization","name":"RetailDetail BE","url":"https:\/\/www.retaildetail.be\/nl\/","logo":{"@type":"ImageObject","inLanguage":"nl-NL","@id":"https:\/\/www.retaildetail.be\/nl\/#\/schema\/logo\/image\/","url":"https:\/\/www.retaildetail.be\/wp-content\/uploads\/2022\/04\/logo.svg","contentUrl":"https:\/\/www.retaildetail.be\/wp-content\/uploads\/2022\/04\/logo.svg","width":131,"height":70,"caption":"RetailDetail BE"},"image":{"@id":"https:\/\/www.retaildetail.be\/nl\/#\/schema\/logo\/image\/"}},{"@type":"Person","@id":"https:\/\/www.retaildetail.be\/nl\/#\/schema\/person\/ba2d383452a753a3a1ce8cdb349b5fc9","name":"dev@grandiz.com","image":{"@type":"ImageObject","inLanguage":"nl-NL","@id":"https:\/\/secure.gravatar.com\/avatar\/5f53ce9fb6eed4a60e5aaaa712be8773880fa9459d9cac9bc4aa4fdbce3f447f?s=96&d=mm&r=g","url":"https:\/\/secure.gravatar.com\/avatar\/5f53ce9fb6eed4a60e5aaaa712be8773880fa9459d9cac9bc4aa4fdbce3f447f?s=96&d=mm&r=g","contentUrl":"https:\/\/secure.gravatar.com\/avatar\/5f53ce9fb6eed4a60e5aaaa712be8773880fa9459d9cac9bc4aa4fdbce3f447f?s=96&d=mm&r=g","caption":"dev@grandiz.com"},"sameAs":["http:\/\/preprod.retaildetail.be"],"url":"https:\/\/www.retaildetail.be\/nl\/author\/devgrandiz-com\/"}]}},"jetpack_featured_media_url":"https:\/\/www.retaildetail.be\/wp-content\/uploads\/2022\/04\/logo.png","jetpack_sharing_enabled":true,"_links":{"self":[{"href":"https:\/\/www.retaildetail.be\/nl\/wp-json\/wp\/v2\/posts\/1933","targetHints":{"allow":["GET"]}}],"collection":[{"href":"https:\/\/www.retaildetail.be\/nl\/wp-json\/wp\/v2\/posts"}],"about":[{"href":"https:\/\/www.retaildetail.be\/nl\/wp-json\/wp\/v2\/types\/post"}],"author":[{"embeddable":true,"href":"https:\/\/www.retaildetail.be\/nl\/wp-json\/wp\/v2\/users\/1"}],"replies":[{"embeddable":true,"href":"https:\/\/www.retaildetail.be\/nl\/wp-json\/wp\/v2\/comments?post=1933"}],"version-history":[{"count":0,"href":"https:\/\/www.retaildetail.be\/nl\/wp-json\/wp\/v2\/posts\/1933\/revisions"}],"wp:featuredmedia":[{"embeddable":true,"href":"https:\/\/www.retaildetail.be\/nl\/wp-json\/wp\/v2\/media\/84"}],"wp:attachment":[{"href":"https:\/\/www.retaildetail.be\/nl\/wp-json\/wp\/v2\/media?parent=1933"}],"wp:term":[{"taxonomy":"category","embeddable":true,"href":"https:\/\/www.retaildetail.be\/nl\/wp-json\/wp\/v2\/categories?post=1933"},{"taxonomy":"post_tag","embeddable":true,"href":"https:\/\/www.retaildetail.be\/nl\/wp-json\/wp\/v2\/tags?post=1933"},{"taxonomy":"people","embeddable":true,"href":"https:\/\/www.retaildetail.be\/nl\/wp-json\/wp\/v2\/people?post=1933"},{"taxonomy":"extra","embeddable":true,"href":"https:\/\/www.retaildetail.be\/nl\/wp-json\/wp\/v2\/extra?post=1933"},{"taxonomy":"company","embeddable":true,"href":"https:\/\/www.retaildetail.be\/nl\/wp-json\/wp\/v2\/company?post=1933"},{"taxonomy":"topic","embeddable":true,"href":"https:\/\/www.retaildetail.be\/nl\/wp-json\/wp\/v2\/topic?post=1933"},{"taxonomy":"region","embeddable":true,"href":"https:\/\/www.retaildetail.be\/nl\/wp-json\/wp\/v2\/region?post=1933"}],"curies":[{"name":"wp","href":"https:\/\/api.w.org\/{rel}","templated":true}]}}