{"id":19414,"date":"2017-06-06T09:15:37","date_gmt":"2017-06-06T09:15:37","guid":{"rendered":"https:\/\/www.retaildetail.be\/m-tail\/le-commerce-en-belgique-poursuit-son-ascension\/"},"modified":"2017-06-06T09:15:37","modified_gmt":"2017-06-06T09:15:37","slug":"le-commerce-en-belgique-poursuit-son-ascension","status":"publish","type":"post","link":"https:\/\/www.retaildetail.be\/nl\/news\/m-tail\/le-commerce-en-belgique-poursuit-son-ascension\/","title":{"rendered":"E-commerce blijft in opmars in Belgi\u00eb"},"content":{"rendered":"<p>De online verkoop blijft ook in het eerste kwartaal van 2017 verder groeien in Belgi\u00eb. In totaal groeide de omzet met 6%; voor het eerst was er in Walloni\u00eb een grotere groei dan in Vlaanderen.<\/p>\n<p><!--break--><\/p>\n<h2>Gemiddelde aankoopbedrag gestegen<\/h2>\n<p>De totale omzet van online aankopen in het eerste kwartaal van 2017 kwam in Belgi\u00eb uit op 2,44 miljard euro, ook dankzij het feit dat het aantal Belgen dat een online aankoop deed, met 2% groeide naar 7,1 miljoen. Het aantal aankopen bleef wel gelijk, wat wil zeggen dat er meer wordt uitgegeven per aankoop. Dat blijkt uit de BeCommerce Market Monitor.<\/p>\n<p>\u00a0<\/p>\n<p>Gemiddeld deden wij als Belgen 3,1 online aankopen in het eerste kwartaal van 2017, voor gemiddeld 114 euro per aankoop. De waarde van een gemiddelde aankoop steeg zo met 4%. Dankzij die groei is het aandeel van de online markt ook gegroeid van 15,8% naar 16,9% van de totale omzet. 7,3% van alle aankopen worden online gedaan, in het eerste kwartaal van 2016 was dat nog maar 6,9%.<\/p>\n<p>\u00a0<\/p>\n<h2>Groei \u2018computer en accessoires\u2019<\/h2>\n<p>De populairste categorie voor online aankopen blijft \u2018vliegtuigtickets en accommodatie\u2019: daarvan wordt momenteel al 85% van de omzet online gehaald. Ook \u2018tickets voor attracties en events\u2019 doet het met 78% erg goed. \u2018Pakketreizen\u2019 staan met 64% op de derde plaats. De sterkste groeier was echter \u2018computers en accessoires\u2019 (+39%, van 71 naar 94 miljoen euro). Een jaar geleden werd in die categorie 16,5% van de omzet online gehaald, momenteel is dat al 22,9%.<\/p>\n<p>\u00a0<\/p>\n<p>De laptop is met 56% nog steeds het belangrijkste toestel om online aankopen te doen, maar de smartphone neemt in die ranglijst de derde plaats over van de tablet. 19% van online uitgaven worden nu via de smartphone gedaan. De desktop blijft met 35% op plek twee.<\/p>\n","protected":false},"excerpt":{"rendered":"<p>De online verkoop blijft ook in het eerste kwartaal van 2017 verder groeien in Belgi\u00eb. In totaal groeide de omzet met 6%; voor het eerst was er in Walloni\u00eb een grotere groei dan in Vlaanderen. Gemiddelde aankoopbedrag gestegen De totale omzet van online aankopen in het eerste kwartaal van 2017 kwam in Belgi\u00eb uit op [&hellip;]<\/p>\n","protected":false},"author":1,"featured_media":19412,"comment_status":"closed","ping_status":"closed","sticky":false,"template":"","format":"standard","meta":{"_acf_changed":false,"inline_featured_image":false,"_jetpack_memberships_contains_paid_content":false,"footnotes":""},"categories":[33],"tags":[],"people":[],"extra":[],"company":[],"topic":[],"region":[],"class_list":["post-19414","post","type-post","status-publish","format-standard","has-post-thumbnail","hentry","category-m-tail"],"acf":[],"yoast_head":"<!-- This site is optimized with the Yoast SEO plugin v27.3 - https:\/\/yoast.com\/product\/yoast-seo-wordpress\/ -->\n<title>E-commerce blijft in opmars in Belgi\u00eb - RetailDetail BE<\/title>\n<meta name=\"description\" content=\"De online verkoop blijft ook in het eerste kwartaal van 2017 verder groeien in Belgi&euml;. In totaal groeide de omzet met 6 procent en voor het eerst was er in Walloni&euml; een grotere groei dan in Vlaanderen.\" \/>\n<meta name=\"robots\" content=\"index, follow, max-snippet:-1, max-image-preview:large, max-video-preview:-1\" \/>\n<link rel=\"canonical\" href=\"https:\/\/www.retaildetail.be\/nl\/news\/m-tail\/le-commerce-en-belgique-poursuit-son-ascension\/\" \/>\n<meta property=\"og:locale\" content=\"nl_NL\" \/>\n<meta property=\"og:type\" content=\"article\" \/>\n<meta property=\"og:title\" content=\"E-commerce blijft in opmars in Belgi\u00eb - RetailDetail BE\" \/>\n<meta property=\"og:description\" content=\"De online verkoop blijft ook in het eerste kwartaal van 2017 verder groeien in Belgi&euml;. In totaal groeide de omzet met 6 procent en voor het eerst was er in Walloni&euml; een grotere groei dan in Vlaanderen.\" \/>\n<meta property=\"og:url\" content=\"https:\/\/www.retaildetail.be\/nl\/news\/m-tail\/le-commerce-en-belgique-poursuit-son-ascension\/\" \/>\n<meta property=\"og:site_name\" content=\"RetailDetail BE\" \/>\n<meta property=\"article:published_time\" content=\"2017-06-06T09:15:37+00:00\" \/>\n<meta property=\"og:image\" content=\"https:\/\/i0.wp.com\/www.retaildetail.be\/wp-content\/uploads\/2022\/04\/shutterstock_580499569.jpg?fit=1000%2C668&quality=100&strip=all&ssl=1\" \/>\n\t<meta property=\"og:image:width\" content=\"1000\" \/>\n\t<meta property=\"og:image:height\" content=\"668\" \/>\n\t<meta property=\"og:image:type\" content=\"image\/jpeg\" \/>\n<meta name=\"author\" content=\"dev@grandiz.com\" \/>\n<meta name=\"twitter:card\" content=\"summary_large_image\" \/>\n<meta name=\"twitter:label1\" content=\"Geschreven door\" \/>\n\t<meta name=\"twitter:data1\" content=\"dev@grandiz.com\" \/>\n\t<meta name=\"twitter:label2\" content=\"Geschatte leestijd\" \/>\n\t<meta name=\"twitter:data2\" content=\"1 minuut\" \/>\n<script type=\"application\/ld+json\" class=\"yoast-schema-graph\">{\"@context\":\"https:\\\/\\\/schema.org\",\"@graph\":[{\"@type\":\"NewsArticle\",\"@id\":\"https:\\\/\\\/www.retaildetail.be\\\/nl\\\/news\\\/m-tail\\\/le-commerce-en-belgique-poursuit-son-ascension\\\/#article\",\"isPartOf\":{\"@id\":\"https:\\\/\\\/www.retaildetail.be\\\/nl\\\/news\\\/m-tail\\\/le-commerce-en-belgique-poursuit-son-ascension\\\/\"},\"author\":{\"name\":\"dev@grandiz.com\",\"@id\":\"https:\\\/\\\/www.retaildetail.be\\\/nl\\\/#\\\/schema\\\/person\\\/ba2d383452a753a3a1ce8cdb349b5fc9\"},\"headline\":\"E-commerce blijft in opmars in Belgi\u00eb\",\"datePublished\":\"2017-06-06T09:15:37+00:00\",\"mainEntityOfPage\":{\"@id\":\"https:\\\/\\\/www.retaildetail.be\\\/nl\\\/news\\\/m-tail\\\/le-commerce-en-belgique-poursuit-son-ascension\\\/\"},\"wordCount\":272,\"publisher\":{\"@id\":\"https:\\\/\\\/www.retaildetail.be\\\/nl\\\/#organization\"},\"image\":{\"@id\":\"https:\\\/\\\/www.retaildetail.be\\\/nl\\\/news\\\/m-tail\\\/le-commerce-en-belgique-poursuit-son-ascension\\\/#primaryimage\"},\"thumbnailUrl\":\"https:\\\/\\\/www.retaildetail.be\\\/wp-content\\\/uploads\\\/2022\\\/04\\\/shutterstock_580499569.jpg\",\"articleSection\":[\"m-Tail\"],\"inLanguage\":\"nl-NL\",\"copyrightYear\":\"2017\",\"copyrightHolder\":{\"@id\":\"https:\\\/\\\/www.retaildetail.be\\\/#organization\"}},{\"@type\":\"WebPage\",\"@id\":\"https:\\\/\\\/www.retaildetail.be\\\/nl\\\/news\\\/m-tail\\\/le-commerce-en-belgique-poursuit-son-ascension\\\/\",\"url\":\"https:\\\/\\\/www.retaildetail.be\\\/nl\\\/news\\\/m-tail\\\/le-commerce-en-belgique-poursuit-son-ascension\\\/\",\"name\":\"E-commerce blijft in opmars in Belgi\u00eb - RetailDetail BE\",\"isPartOf\":{\"@id\":\"https:\\\/\\\/www.retaildetail.be\\\/nl\\\/#website\"},\"primaryImageOfPage\":{\"@id\":\"https:\\\/\\\/www.retaildetail.be\\\/nl\\\/news\\\/m-tail\\\/le-commerce-en-belgique-poursuit-son-ascension\\\/#primaryimage\"},\"image\":{\"@id\":\"https:\\\/\\\/www.retaildetail.be\\\/nl\\\/news\\\/m-tail\\\/le-commerce-en-belgique-poursuit-son-ascension\\\/#primaryimage\"},\"thumbnailUrl\":\"https:\\\/\\\/www.retaildetail.be\\\/wp-content\\\/uploads\\\/2022\\\/04\\\/shutterstock_580499569.jpg\",\"datePublished\":\"2017-06-06T09:15:37+00:00\",\"description\":\"De online verkoop blijft ook in het eerste kwartaal van 2017 verder groeien in Belgi&euml;. In totaal groeide de omzet met 6 procent en voor het eerst was er in Walloni&euml; een grotere groei dan in Vlaanderen.\",\"breadcrumb\":{\"@id\":\"https:\\\/\\\/www.retaildetail.be\\\/nl\\\/news\\\/m-tail\\\/le-commerce-en-belgique-poursuit-son-ascension\\\/#breadcrumb\"},\"inLanguage\":\"nl-NL\",\"potentialAction\":[{\"@type\":\"ReadAction\",\"target\":[\"https:\\\/\\\/www.retaildetail.be\\\/nl\\\/news\\\/m-tail\\\/le-commerce-en-belgique-poursuit-son-ascension\\\/\"]}]},{\"@type\":\"ImageObject\",\"inLanguage\":\"nl-NL\",\"@id\":\"https:\\\/\\\/www.retaildetail.be\\\/nl\\\/news\\\/m-tail\\\/le-commerce-en-belgique-poursuit-son-ascension\\\/#primaryimage\",\"url\":\"https:\\\/\\\/www.retaildetail.be\\\/wp-content\\\/uploads\\\/2022\\\/04\\\/shutterstock_580499569.jpg\",\"contentUrl\":\"https:\\\/\\\/www.retaildetail.be\\\/wp-content\\\/uploads\\\/2022\\\/04\\\/shutterstock_580499569.jpg\",\"width\":1000,\"height\":668},{\"@type\":\"BreadcrumbList\",\"@id\":\"https:\\\/\\\/www.retaildetail.be\\\/nl\\\/news\\\/m-tail\\\/le-commerce-en-belgique-poursuit-son-ascension\\\/#breadcrumb\",\"itemListElement\":[{\"@type\":\"ListItem\",\"position\":1,\"name\":\"Home\",\"item\":\"https:\\\/\\\/www.retaildetail.be\\\/nl\\\/\"},{\"@type\":\"ListItem\",\"position\":2,\"name\":\"E-commerce blijft in opmars in Belgi\u00eb\"}]},{\"@type\":\"WebSite\",\"@id\":\"https:\\\/\\\/www.retaildetail.be\\\/nl\\\/#website\",\"url\":\"https:\\\/\\\/www.retaildetail.be\\\/nl\\\/\",\"name\":\"RetailDetail BE\",\"description\":\"News\",\"publisher\":{\"@id\":\"https:\\\/\\\/www.retaildetail.be\\\/nl\\\/#organization\"},\"potentialAction\":[{\"@type\":\"SearchAction\",\"target\":{\"@type\":\"EntryPoint\",\"urlTemplate\":\"https:\\\/\\\/www.retaildetail.be\\\/nl\\\/?s={search_term_string}\"},\"query-input\":{\"@type\":\"PropertyValueSpecification\",\"valueRequired\":true,\"valueName\":\"search_term_string\"}}],\"inLanguage\":\"nl-NL\"},{\"@type\":\"Organization\",\"@id\":\"https:\\\/\\\/www.retaildetail.be\\\/nl\\\/#organization\",\"name\":\"RetailDetail BE\",\"url\":\"https:\\\/\\\/www.retaildetail.be\\\/nl\\\/\",\"logo\":{\"@type\":\"ImageObject\",\"inLanguage\":\"nl-NL\",\"@id\":\"https:\\\/\\\/www.retaildetail.be\\\/nl\\\/#\\\/schema\\\/logo\\\/image\\\/\",\"url\":\"https:\\\/\\\/www.retaildetail.be\\\/wp-content\\\/uploads\\\/2022\\\/04\\\/logo.svg\",\"contentUrl\":\"https:\\\/\\\/www.retaildetail.be\\\/wp-content\\\/uploads\\\/2022\\\/04\\\/logo.svg\",\"width\":131,\"height\":70,\"caption\":\"RetailDetail BE\"},\"image\":{\"@id\":\"https:\\\/\\\/www.retaildetail.be\\\/nl\\\/#\\\/schema\\\/logo\\\/image\\\/\"}},{\"@type\":\"Person\",\"@id\":\"https:\\\/\\\/www.retaildetail.be\\\/nl\\\/#\\\/schema\\\/person\\\/ba2d383452a753a3a1ce8cdb349b5fc9\",\"name\":\"dev@grandiz.com\",\"image\":{\"@type\":\"ImageObject\",\"inLanguage\":\"nl-NL\",\"@id\":\"https:\\\/\\\/secure.gravatar.com\\\/avatar\\\/5f53ce9fb6eed4a60e5aaaa712be8773880fa9459d9cac9bc4aa4fdbce3f447f?s=96&d=mm&r=g\",\"url\":\"https:\\\/\\\/secure.gravatar.com\\\/avatar\\\/5f53ce9fb6eed4a60e5aaaa712be8773880fa9459d9cac9bc4aa4fdbce3f447f?s=96&d=mm&r=g\",\"contentUrl\":\"https:\\\/\\\/secure.gravatar.com\\\/avatar\\\/5f53ce9fb6eed4a60e5aaaa712be8773880fa9459d9cac9bc4aa4fdbce3f447f?s=96&d=mm&r=g\",\"caption\":\"dev@grandiz.com\"},\"sameAs\":[\"http:\\\/\\\/preprod.retaildetail.be\"],\"url\":\"https:\\\/\\\/www.retaildetail.be\\\/nl\\\/author\\\/devgrandiz-com\\\/\"}]}<\/script>\n<!-- \/ Yoast SEO plugin. -->","yoast_head_json":{"title":"E-commerce blijft in opmars in Belgi\u00eb - RetailDetail BE","description":"De online verkoop blijft ook in het eerste kwartaal van 2017 verder groeien in Belgi&euml;. In totaal groeide de omzet met 6 procent en voor het eerst was er in Walloni&euml; een grotere groei dan in Vlaanderen.","robots":{"index":"index","follow":"follow","max-snippet":"max-snippet:-1","max-image-preview":"max-image-preview:large","max-video-preview":"max-video-preview:-1"},"canonical":"https:\/\/www.retaildetail.be\/nl\/news\/m-tail\/le-commerce-en-belgique-poursuit-son-ascension\/","og_locale":"nl_NL","og_type":"article","og_title":"E-commerce blijft in opmars in Belgi\u00eb - RetailDetail BE","og_description":"De online verkoop blijft ook in het eerste kwartaal van 2017 verder groeien in Belgi&euml;. In totaal groeide de omzet met 6 procent en voor het eerst was er in Walloni&euml; een grotere groei dan in Vlaanderen.","og_url":"https:\/\/www.retaildetail.be\/nl\/news\/m-tail\/le-commerce-en-belgique-poursuit-son-ascension\/","og_site_name":"RetailDetail BE","article_published_time":"2017-06-06T09:15:37+00:00","og_image":[{"width":1000,"height":668,"url":"https:\/\/i0.wp.com\/www.retaildetail.be\/wp-content\/uploads\/2022\/04\/shutterstock_580499569.jpg?fit=1000%2C668&quality=100&strip=all&ssl=1","type":"image\/jpeg"}],"author":"dev@grandiz.com","twitter_card":"summary_large_image","twitter_misc":{"Geschreven door":"dev@grandiz.com","Geschatte leestijd":"1 minuut"},"schema":{"@context":"https:\/\/schema.org","@graph":[{"@type":"NewsArticle","@id":"https:\/\/www.retaildetail.be\/nl\/news\/m-tail\/le-commerce-en-belgique-poursuit-son-ascension\/#article","isPartOf":{"@id":"https:\/\/www.retaildetail.be\/nl\/news\/m-tail\/le-commerce-en-belgique-poursuit-son-ascension\/"},"author":{"name":"dev@grandiz.com","@id":"https:\/\/www.retaildetail.be\/nl\/#\/schema\/person\/ba2d383452a753a3a1ce8cdb349b5fc9"},"headline":"E-commerce blijft in opmars in Belgi\u00eb","datePublished":"2017-06-06T09:15:37+00:00","mainEntityOfPage":{"@id":"https:\/\/www.retaildetail.be\/nl\/news\/m-tail\/le-commerce-en-belgique-poursuit-son-ascension\/"},"wordCount":272,"publisher":{"@id":"https:\/\/www.retaildetail.be\/nl\/#organization"},"image":{"@id":"https:\/\/www.retaildetail.be\/nl\/news\/m-tail\/le-commerce-en-belgique-poursuit-son-ascension\/#primaryimage"},"thumbnailUrl":"https:\/\/www.retaildetail.be\/wp-content\/uploads\/2022\/04\/shutterstock_580499569.jpg","articleSection":["m-Tail"],"inLanguage":"nl-NL","copyrightYear":"2017","copyrightHolder":{"@id":"https:\/\/www.retaildetail.be\/#organization"}},{"@type":"WebPage","@id":"https:\/\/www.retaildetail.be\/nl\/news\/m-tail\/le-commerce-en-belgique-poursuit-son-ascension\/","url":"https:\/\/www.retaildetail.be\/nl\/news\/m-tail\/le-commerce-en-belgique-poursuit-son-ascension\/","name":"E-commerce blijft in opmars in Belgi\u00eb - RetailDetail BE","isPartOf":{"@id":"https:\/\/www.retaildetail.be\/nl\/#website"},"primaryImageOfPage":{"@id":"https:\/\/www.retaildetail.be\/nl\/news\/m-tail\/le-commerce-en-belgique-poursuit-son-ascension\/#primaryimage"},"image":{"@id":"https:\/\/www.retaildetail.be\/nl\/news\/m-tail\/le-commerce-en-belgique-poursuit-son-ascension\/#primaryimage"},"thumbnailUrl":"https:\/\/www.retaildetail.be\/wp-content\/uploads\/2022\/04\/shutterstock_580499569.jpg","datePublished":"2017-06-06T09:15:37+00:00","description":"De online verkoop blijft ook in het eerste kwartaal van 2017 verder groeien in Belgi&euml;. In totaal groeide de omzet met 6 procent en voor het eerst was er in Walloni&euml; een grotere groei dan in Vlaanderen.","breadcrumb":{"@id":"https:\/\/www.retaildetail.be\/nl\/news\/m-tail\/le-commerce-en-belgique-poursuit-son-ascension\/#breadcrumb"},"inLanguage":"nl-NL","potentialAction":[{"@type":"ReadAction","target":["https:\/\/www.retaildetail.be\/nl\/news\/m-tail\/le-commerce-en-belgique-poursuit-son-ascension\/"]}]},{"@type":"ImageObject","inLanguage":"nl-NL","@id":"https:\/\/www.retaildetail.be\/nl\/news\/m-tail\/le-commerce-en-belgique-poursuit-son-ascension\/#primaryimage","url":"https:\/\/www.retaildetail.be\/wp-content\/uploads\/2022\/04\/shutterstock_580499569.jpg","contentUrl":"https:\/\/www.retaildetail.be\/wp-content\/uploads\/2022\/04\/shutterstock_580499569.jpg","width":1000,"height":668},{"@type":"BreadcrumbList","@id":"https:\/\/www.retaildetail.be\/nl\/news\/m-tail\/le-commerce-en-belgique-poursuit-son-ascension\/#breadcrumb","itemListElement":[{"@type":"ListItem","position":1,"name":"Home","item":"https:\/\/www.retaildetail.be\/nl\/"},{"@type":"ListItem","position":2,"name":"E-commerce blijft in opmars in Belgi\u00eb"}]},{"@type":"WebSite","@id":"https:\/\/www.retaildetail.be\/nl\/#website","url":"https:\/\/www.retaildetail.be\/nl\/","name":"RetailDetail BE","description":"News","publisher":{"@id":"https:\/\/www.retaildetail.be\/nl\/#organization"},"potentialAction":[{"@type":"SearchAction","target":{"@type":"EntryPoint","urlTemplate":"https:\/\/www.retaildetail.be\/nl\/?s={search_term_string}"},"query-input":{"@type":"PropertyValueSpecification","valueRequired":true,"valueName":"search_term_string"}}],"inLanguage":"nl-NL"},{"@type":"Organization","@id":"https:\/\/www.retaildetail.be\/nl\/#organization","name":"RetailDetail BE","url":"https:\/\/www.retaildetail.be\/nl\/","logo":{"@type":"ImageObject","inLanguage":"nl-NL","@id":"https:\/\/www.retaildetail.be\/nl\/#\/schema\/logo\/image\/","url":"https:\/\/www.retaildetail.be\/wp-content\/uploads\/2022\/04\/logo.svg","contentUrl":"https:\/\/www.retaildetail.be\/wp-content\/uploads\/2022\/04\/logo.svg","width":131,"height":70,"caption":"RetailDetail BE"},"image":{"@id":"https:\/\/www.retaildetail.be\/nl\/#\/schema\/logo\/image\/"}},{"@type":"Person","@id":"https:\/\/www.retaildetail.be\/nl\/#\/schema\/person\/ba2d383452a753a3a1ce8cdb349b5fc9","name":"dev@grandiz.com","image":{"@type":"ImageObject","inLanguage":"nl-NL","@id":"https:\/\/secure.gravatar.com\/avatar\/5f53ce9fb6eed4a60e5aaaa712be8773880fa9459d9cac9bc4aa4fdbce3f447f?s=96&d=mm&r=g","url":"https:\/\/secure.gravatar.com\/avatar\/5f53ce9fb6eed4a60e5aaaa712be8773880fa9459d9cac9bc4aa4fdbce3f447f?s=96&d=mm&r=g","contentUrl":"https:\/\/secure.gravatar.com\/avatar\/5f53ce9fb6eed4a60e5aaaa712be8773880fa9459d9cac9bc4aa4fdbce3f447f?s=96&d=mm&r=g","caption":"dev@grandiz.com"},"sameAs":["http:\/\/preprod.retaildetail.be"],"url":"https:\/\/www.retaildetail.be\/nl\/author\/devgrandiz-com\/"}]}},"jetpack_featured_media_url":"https:\/\/www.retaildetail.be\/wp-content\/uploads\/2022\/04\/shutterstock_580499569.jpg","jetpack_sharing_enabled":true,"_links":{"self":[{"href":"https:\/\/www.retaildetail.be\/nl\/wp-json\/wp\/v2\/posts\/19414","targetHints":{"allow":["GET"]}}],"collection":[{"href":"https:\/\/www.retaildetail.be\/nl\/wp-json\/wp\/v2\/posts"}],"about":[{"href":"https:\/\/www.retaildetail.be\/nl\/wp-json\/wp\/v2\/types\/post"}],"author":[{"embeddable":true,"href":"https:\/\/www.retaildetail.be\/nl\/wp-json\/wp\/v2\/users\/1"}],"replies":[{"embeddable":true,"href":"https:\/\/www.retaildetail.be\/nl\/wp-json\/wp\/v2\/comments?post=19414"}],"version-history":[{"count":0,"href":"https:\/\/www.retaildetail.be\/nl\/wp-json\/wp\/v2\/posts\/19414\/revisions"}],"wp:featuredmedia":[{"embeddable":true,"href":"https:\/\/www.retaildetail.be\/nl\/wp-json\/wp\/v2\/media\/19412"}],"wp:attachment":[{"href":"https:\/\/www.retaildetail.be\/nl\/wp-json\/wp\/v2\/media?parent=19414"}],"wp:term":[{"taxonomy":"category","embeddable":true,"href":"https:\/\/www.retaildetail.be\/nl\/wp-json\/wp\/v2\/categories?post=19414"},{"taxonomy":"post_tag","embeddable":true,"href":"https:\/\/www.retaildetail.be\/nl\/wp-json\/wp\/v2\/tags?post=19414"},{"taxonomy":"people","embeddable":true,"href":"https:\/\/www.retaildetail.be\/nl\/wp-json\/wp\/v2\/people?post=19414"},{"taxonomy":"extra","embeddable":true,"href":"https:\/\/www.retaildetail.be\/nl\/wp-json\/wp\/v2\/extra?post=19414"},{"taxonomy":"company","embeddable":true,"href":"https:\/\/www.retaildetail.be\/nl\/wp-json\/wp\/v2\/company?post=19414"},{"taxonomy":"topic","embeddable":true,"href":"https:\/\/www.retaildetail.be\/nl\/wp-json\/wp\/v2\/topic?post=19414"},{"taxonomy":"region","embeddable":true,"href":"https:\/\/www.retaildetail.be\/nl\/wp-json\/wp\/v2\/region?post=19414"}],"curies":[{"name":"wp","href":"https:\/\/api.w.org\/{rel}","templated":true}]}}