{"id":212,"date":"2010-12-31T07:06:54","date_gmt":"2010-12-31T07:06:54","guid":{"rendered":"https:\/\/www.retaildetail.be\/algemeen\/een-winkel-op-vier-verloor-omzet-het-laatste-kwartaal\/"},"modified":"2010-12-31T07:06:54","modified_gmt":"2010-12-31T07:06:54","slug":"een-winkel-op-vier-verloor-omzet-het-laatste-kwartaal","status":"publish","type":"post","link":"https:\/\/www.retaildetail.be\/nl\/news\/algemeen\/een-winkel-op-vier-verloor-omzet-het-laatste-kwartaal\/","title":{"rendered":"\u00c9en winkel op vier verloor omzet in het laatste kwartaal."},"content":{"rendered":"<p><img loading=\"lazy\" decoding=\"async\" title=\"\" style=\"margin-bottom: 20px;margin-right: 10px\" height=\"133\" alt=\"\" width=\"200\" align=\"left\" src=\"\/sites\/default\/files\/spacer.png\" \/>\u00c9en vierde van de winkels leed omzetverlies in het laatste kwartaal van 2010. E\u00e9n op drie boekte ook minder winst. UNIZO maakt met zijn zakenbarometer de balans op van het laatste kwartaal van 2010.<\/p>\n<p>\u00a0<\/p>\n<p>Het laatste kwartaal bracht retailers na een zwaar jaar nog niet alle nodige soelaas. Zo blijkt uit de resultaten van UNIZO\u2019s Winkelraad. Ondanks hooggespannen consumptieverwachtingen in het kwartaal van de traditionele kerstshopping, ging de omzet er bij 26,30% van de handelaars op achteruit. Bij 27,5% van de ondervraagde winkeliers zakte ook de nettowinst ten aanzien van het derde kwartaal. <\/p>\n<p>\u00a0<\/p>\n<p>Toch laten de retailers de moed niet zakken. De helft van de ondervraagden plant investeringen in de nabije toekomst. Ook behouden de handelaars hun personeel. 82,5% van de kleinhandelaars stelt nog steeds evenveel werknemers tewerk als in het derde kwartaal. Er is evenwel een lagere bereidheid om nieuw personeel in dienst te nemen.<\/p>\n<p>\u00a0<\/p>\n<p>De UNIZO Winkelraad bevraagt systematisch de leden die actief zijn in de winkelsector. Via de zogenaamde kwartaal zakenbarometer peilt UNIZO onder andere naar de evolutie in omzet, tewerkstelling en rendabiliteit.<br \/>\n\u00a0<\/p>\n","protected":false},"excerpt":{"rendered":"<p>\u00c9en vierde van de winkels leed omzetverlies in het laatste kwartaal van 2010. E\u00e9n op drie boekte ook minder winst. UNIZO maakt met zijn zakenbarometer de balans op van het laatste kwartaal van 2010. \u00a0 Het laatste kwartaal bracht retailers na een zwaar jaar nog niet alle nodige soelaas. Zo blijkt uit de resultaten van [&hellip;]<\/p>\n","protected":false},"author":1,"featured_media":84,"comment_status":"closed","ping_status":"closed","sticky":false,"template":"","format":"standard","meta":{"_acf_changed":false,"inline_featured_image":false,"_jetpack_memberships_contains_paid_content":false,"footnotes":""},"categories":[15],"tags":[],"people":[],"extra":[],"company":[],"topic":[],"region":[],"class_list":["post-212","post","type-post","status-publish","format-standard","has-post-thumbnail","hentry","category-algemeen"],"acf":[],"yoast_head":"<!-- This site is optimized with the Yoast SEO plugin v27.3 - https:\/\/yoast.com\/product\/yoast-seo-wordpress\/ -->\n<title>\u00c9en winkel op vier verloor omzet in het laatste kwartaal. - RetailDetail BE<\/title>\n<meta name=\"robots\" content=\"index, follow, max-snippet:-1, max-image-preview:large, max-video-preview:-1\" \/>\n<link rel=\"canonical\" href=\"https:\/\/www.retaildetail.be\/nl\/news\/algemeen\/een-winkel-op-vier-verloor-omzet-het-laatste-kwartaal\/\" \/>\n<meta property=\"og:locale\" content=\"nl_NL\" \/>\n<meta property=\"og:type\" content=\"article\" \/>\n<meta property=\"og:title\" content=\"\u00c9en winkel op vier verloor omzet in het laatste kwartaal. - RetailDetail BE\" \/>\n<meta property=\"og:description\" content=\"\u00c9en vierde van de winkels leed omzetverlies in het laatste kwartaal van 2010. E\u00e9n op drie boekte ook minder winst. UNIZO maakt met zijn zakenbarometer de balans op van het laatste kwartaal van 2010. \u00a0 Het laatste kwartaal bracht retailers na een zwaar jaar nog niet alle nodige soelaas. Zo blijkt uit de resultaten van [&hellip;]\" \/>\n<meta property=\"og:url\" content=\"https:\/\/www.retaildetail.be\/nl\/news\/algemeen\/een-winkel-op-vier-verloor-omzet-het-laatste-kwartaal\/\" \/>\n<meta property=\"og:site_name\" content=\"RetailDetail BE\" \/>\n<meta property=\"article:published_time\" content=\"2010-12-31T07:06:54+00:00\" \/>\n<meta property=\"og:image\" content=\"https:\/\/i0.wp.com\/www.retaildetail.be\/wp-content\/uploads\/2022\/04\/logo.png?fit=281%2C147&quality=100&strip=all&ssl=1\" \/>\n\t<meta property=\"og:image:width\" content=\"281\" \/>\n\t<meta property=\"og:image:height\" content=\"147\" \/>\n\t<meta property=\"og:image:type\" content=\"image\/png\" \/>\n<meta name=\"author\" content=\"dev@grandiz.com\" \/>\n<meta name=\"twitter:card\" content=\"summary_large_image\" \/>\n<meta name=\"twitter:label1\" content=\"Geschreven door\" \/>\n\t<meta name=\"twitter:data1\" content=\"dev@grandiz.com\" \/>\n\t<meta name=\"twitter:label2\" content=\"Geschatte leestijd\" \/>\n\t<meta name=\"twitter:data2\" content=\"1 minuut\" \/>\n<script type=\"application\/ld+json\" class=\"yoast-schema-graph\">{\"@context\":\"https:\\\/\\\/schema.org\",\"@graph\":[{\"@type\":\"NewsArticle\",\"@id\":\"https:\\\/\\\/www.retaildetail.be\\\/nl\\\/news\\\/algemeen\\\/een-winkel-op-vier-verloor-omzet-het-laatste-kwartaal\\\/#article\",\"isPartOf\":{\"@id\":\"https:\\\/\\\/www.retaildetail.be\\\/nl\\\/news\\\/algemeen\\\/een-winkel-op-vier-verloor-omzet-het-laatste-kwartaal\\\/\"},\"author\":{\"name\":\"dev@grandiz.com\",\"@id\":\"https:\\\/\\\/www.retaildetail.be\\\/nl\\\/#\\\/schema\\\/person\\\/ba2d383452a753a3a1ce8cdb349b5fc9\"},\"headline\":\"\u00c9en winkel op vier verloor omzet in het laatste kwartaal.\",\"datePublished\":\"2010-12-31T07:06:54+00:00\",\"mainEntityOfPage\":{\"@id\":\"https:\\\/\\\/www.retaildetail.be\\\/nl\\\/news\\\/algemeen\\\/een-winkel-op-vier-verloor-omzet-het-laatste-kwartaal\\\/\"},\"wordCount\":183,\"publisher\":{\"@id\":\"https:\\\/\\\/www.retaildetail.be\\\/nl\\\/#organization\"},\"image\":{\"@id\":\"https:\\\/\\\/www.retaildetail.be\\\/nl\\\/news\\\/algemeen\\\/een-winkel-op-vier-verloor-omzet-het-laatste-kwartaal\\\/#primaryimage\"},\"thumbnailUrl\":\"https:\\\/\\\/www.retaildetail.be\\\/wp-content\\\/uploads\\\/2022\\\/04\\\/logo.png\",\"articleSection\":[\"Algemeen\"],\"inLanguage\":\"nl-NL\",\"copyrightYear\":\"2010\",\"copyrightHolder\":{\"@id\":\"https:\\\/\\\/www.retaildetail.be\\\/#organization\"}},{\"@type\":\"WebPage\",\"@id\":\"https:\\\/\\\/www.retaildetail.be\\\/nl\\\/news\\\/algemeen\\\/een-winkel-op-vier-verloor-omzet-het-laatste-kwartaal\\\/\",\"url\":\"https:\\\/\\\/www.retaildetail.be\\\/nl\\\/news\\\/algemeen\\\/een-winkel-op-vier-verloor-omzet-het-laatste-kwartaal\\\/\",\"name\":\"\u00c9en winkel op vier verloor omzet in het laatste kwartaal. - RetailDetail BE\",\"isPartOf\":{\"@id\":\"https:\\\/\\\/www.retaildetail.be\\\/nl\\\/#website\"},\"primaryImageOfPage\":{\"@id\":\"https:\\\/\\\/www.retaildetail.be\\\/nl\\\/news\\\/algemeen\\\/een-winkel-op-vier-verloor-omzet-het-laatste-kwartaal\\\/#primaryimage\"},\"image\":{\"@id\":\"https:\\\/\\\/www.retaildetail.be\\\/nl\\\/news\\\/algemeen\\\/een-winkel-op-vier-verloor-omzet-het-laatste-kwartaal\\\/#primaryimage\"},\"thumbnailUrl\":\"https:\\\/\\\/www.retaildetail.be\\\/wp-content\\\/uploads\\\/2022\\\/04\\\/logo.png\",\"datePublished\":\"2010-12-31T07:06:54+00:00\",\"breadcrumb\":{\"@id\":\"https:\\\/\\\/www.retaildetail.be\\\/nl\\\/news\\\/algemeen\\\/een-winkel-op-vier-verloor-omzet-het-laatste-kwartaal\\\/#breadcrumb\"},\"inLanguage\":\"nl-NL\",\"potentialAction\":[{\"@type\":\"ReadAction\",\"target\":[\"https:\\\/\\\/www.retaildetail.be\\\/nl\\\/news\\\/algemeen\\\/een-winkel-op-vier-verloor-omzet-het-laatste-kwartaal\\\/\"]}]},{\"@type\":\"ImageObject\",\"inLanguage\":\"nl-NL\",\"@id\":\"https:\\\/\\\/www.retaildetail.be\\\/nl\\\/news\\\/algemeen\\\/een-winkel-op-vier-verloor-omzet-het-laatste-kwartaal\\\/#primaryimage\",\"url\":\"https:\\\/\\\/www.retaildetail.be\\\/wp-content\\\/uploads\\\/2022\\\/04\\\/logo.png\",\"contentUrl\":\"https:\\\/\\\/www.retaildetail.be\\\/wp-content\\\/uploads\\\/2022\\\/04\\\/logo.png\",\"width\":281,\"height\":147},{\"@type\":\"BreadcrumbList\",\"@id\":\"https:\\\/\\\/www.retaildetail.be\\\/nl\\\/news\\\/algemeen\\\/een-winkel-op-vier-verloor-omzet-het-laatste-kwartaal\\\/#breadcrumb\",\"itemListElement\":[{\"@type\":\"ListItem\",\"position\":1,\"name\":\"Home\",\"item\":\"https:\\\/\\\/www.retaildetail.be\\\/nl\\\/\"},{\"@type\":\"ListItem\",\"position\":2,\"name\":\"\u00c9en winkel op vier verloor omzet in het laatste kwartaal.\"}]},{\"@type\":\"WebSite\",\"@id\":\"https:\\\/\\\/www.retaildetail.be\\\/nl\\\/#website\",\"url\":\"https:\\\/\\\/www.retaildetail.be\\\/nl\\\/\",\"name\":\"RetailDetail BE\",\"description\":\"News\",\"publisher\":{\"@id\":\"https:\\\/\\\/www.retaildetail.be\\\/nl\\\/#organization\"},\"potentialAction\":[{\"@type\":\"SearchAction\",\"target\":{\"@type\":\"EntryPoint\",\"urlTemplate\":\"https:\\\/\\\/www.retaildetail.be\\\/nl\\\/?s={search_term_string}\"},\"query-input\":{\"@type\":\"PropertyValueSpecification\",\"valueRequired\":true,\"valueName\":\"search_term_string\"}}],\"inLanguage\":\"nl-NL\"},{\"@type\":\"Organization\",\"@id\":\"https:\\\/\\\/www.retaildetail.be\\\/nl\\\/#organization\",\"name\":\"RetailDetail BE\",\"url\":\"https:\\\/\\\/www.retaildetail.be\\\/nl\\\/\",\"logo\":{\"@type\":\"ImageObject\",\"inLanguage\":\"nl-NL\",\"@id\":\"https:\\\/\\\/www.retaildetail.be\\\/nl\\\/#\\\/schema\\\/logo\\\/image\\\/\",\"url\":\"https:\\\/\\\/www.retaildetail.be\\\/wp-content\\\/uploads\\\/2022\\\/04\\\/logo.svg\",\"contentUrl\":\"https:\\\/\\\/www.retaildetail.be\\\/wp-content\\\/uploads\\\/2022\\\/04\\\/logo.svg\",\"width\":131,\"height\":70,\"caption\":\"RetailDetail BE\"},\"image\":{\"@id\":\"https:\\\/\\\/www.retaildetail.be\\\/nl\\\/#\\\/schema\\\/logo\\\/image\\\/\"}},{\"@type\":\"Person\",\"@id\":\"https:\\\/\\\/www.retaildetail.be\\\/nl\\\/#\\\/schema\\\/person\\\/ba2d383452a753a3a1ce8cdb349b5fc9\",\"name\":\"dev@grandiz.com\",\"image\":{\"@type\":\"ImageObject\",\"inLanguage\":\"nl-NL\",\"@id\":\"https:\\\/\\\/secure.gravatar.com\\\/avatar\\\/5f53ce9fb6eed4a60e5aaaa712be8773880fa9459d9cac9bc4aa4fdbce3f447f?s=96&d=mm&r=g\",\"url\":\"https:\\\/\\\/secure.gravatar.com\\\/avatar\\\/5f53ce9fb6eed4a60e5aaaa712be8773880fa9459d9cac9bc4aa4fdbce3f447f?s=96&d=mm&r=g\",\"contentUrl\":\"https:\\\/\\\/secure.gravatar.com\\\/avatar\\\/5f53ce9fb6eed4a60e5aaaa712be8773880fa9459d9cac9bc4aa4fdbce3f447f?s=96&d=mm&r=g\",\"caption\":\"dev@grandiz.com\"},\"sameAs\":[\"http:\\\/\\\/preprod.retaildetail.be\"],\"url\":\"https:\\\/\\\/www.retaildetail.be\\\/nl\\\/author\\\/devgrandiz-com\\\/\"}]}<\/script>\n<!-- \/ Yoast SEO plugin. -->","yoast_head_json":{"title":"\u00c9en winkel op vier verloor omzet in het laatste kwartaal. - RetailDetail BE","robots":{"index":"index","follow":"follow","max-snippet":"max-snippet:-1","max-image-preview":"max-image-preview:large","max-video-preview":"max-video-preview:-1"},"canonical":"https:\/\/www.retaildetail.be\/nl\/news\/algemeen\/een-winkel-op-vier-verloor-omzet-het-laatste-kwartaal\/","og_locale":"nl_NL","og_type":"article","og_title":"\u00c9en winkel op vier verloor omzet in het laatste kwartaal. - RetailDetail BE","og_description":"\u00c9en vierde van de winkels leed omzetverlies in het laatste kwartaal van 2010. E\u00e9n op drie boekte ook minder winst. UNIZO maakt met zijn zakenbarometer de balans op van het laatste kwartaal van 2010. \u00a0 Het laatste kwartaal bracht retailers na een zwaar jaar nog niet alle nodige soelaas. Zo blijkt uit de resultaten van [&hellip;]","og_url":"https:\/\/www.retaildetail.be\/nl\/news\/algemeen\/een-winkel-op-vier-verloor-omzet-het-laatste-kwartaal\/","og_site_name":"RetailDetail BE","article_published_time":"2010-12-31T07:06:54+00:00","og_image":[{"width":281,"height":147,"url":"https:\/\/i0.wp.com\/www.retaildetail.be\/wp-content\/uploads\/2022\/04\/logo.png?fit=281%2C147&quality=100&strip=all&ssl=1","type":"image\/png"}],"author":"dev@grandiz.com","twitter_card":"summary_large_image","twitter_misc":{"Geschreven door":"dev@grandiz.com","Geschatte leestijd":"1 minuut"},"schema":{"@context":"https:\/\/schema.org","@graph":[{"@type":"NewsArticle","@id":"https:\/\/www.retaildetail.be\/nl\/news\/algemeen\/een-winkel-op-vier-verloor-omzet-het-laatste-kwartaal\/#article","isPartOf":{"@id":"https:\/\/www.retaildetail.be\/nl\/news\/algemeen\/een-winkel-op-vier-verloor-omzet-het-laatste-kwartaal\/"},"author":{"name":"dev@grandiz.com","@id":"https:\/\/www.retaildetail.be\/nl\/#\/schema\/person\/ba2d383452a753a3a1ce8cdb349b5fc9"},"headline":"\u00c9en winkel op vier verloor omzet in het laatste kwartaal.","datePublished":"2010-12-31T07:06:54+00:00","mainEntityOfPage":{"@id":"https:\/\/www.retaildetail.be\/nl\/news\/algemeen\/een-winkel-op-vier-verloor-omzet-het-laatste-kwartaal\/"},"wordCount":183,"publisher":{"@id":"https:\/\/www.retaildetail.be\/nl\/#organization"},"image":{"@id":"https:\/\/www.retaildetail.be\/nl\/news\/algemeen\/een-winkel-op-vier-verloor-omzet-het-laatste-kwartaal\/#primaryimage"},"thumbnailUrl":"https:\/\/www.retaildetail.be\/wp-content\/uploads\/2022\/04\/logo.png","articleSection":["Algemeen"],"inLanguage":"nl-NL","copyrightYear":"2010","copyrightHolder":{"@id":"https:\/\/www.retaildetail.be\/#organization"}},{"@type":"WebPage","@id":"https:\/\/www.retaildetail.be\/nl\/news\/algemeen\/een-winkel-op-vier-verloor-omzet-het-laatste-kwartaal\/","url":"https:\/\/www.retaildetail.be\/nl\/news\/algemeen\/een-winkel-op-vier-verloor-omzet-het-laatste-kwartaal\/","name":"\u00c9en winkel op vier verloor omzet in het laatste kwartaal. - RetailDetail BE","isPartOf":{"@id":"https:\/\/www.retaildetail.be\/nl\/#website"},"primaryImageOfPage":{"@id":"https:\/\/www.retaildetail.be\/nl\/news\/algemeen\/een-winkel-op-vier-verloor-omzet-het-laatste-kwartaal\/#primaryimage"},"image":{"@id":"https:\/\/www.retaildetail.be\/nl\/news\/algemeen\/een-winkel-op-vier-verloor-omzet-het-laatste-kwartaal\/#primaryimage"},"thumbnailUrl":"https:\/\/www.retaildetail.be\/wp-content\/uploads\/2022\/04\/logo.png","datePublished":"2010-12-31T07:06:54+00:00","breadcrumb":{"@id":"https:\/\/www.retaildetail.be\/nl\/news\/algemeen\/een-winkel-op-vier-verloor-omzet-het-laatste-kwartaal\/#breadcrumb"},"inLanguage":"nl-NL","potentialAction":[{"@type":"ReadAction","target":["https:\/\/www.retaildetail.be\/nl\/news\/algemeen\/een-winkel-op-vier-verloor-omzet-het-laatste-kwartaal\/"]}]},{"@type":"ImageObject","inLanguage":"nl-NL","@id":"https:\/\/www.retaildetail.be\/nl\/news\/algemeen\/een-winkel-op-vier-verloor-omzet-het-laatste-kwartaal\/#primaryimage","url":"https:\/\/www.retaildetail.be\/wp-content\/uploads\/2022\/04\/logo.png","contentUrl":"https:\/\/www.retaildetail.be\/wp-content\/uploads\/2022\/04\/logo.png","width":281,"height":147},{"@type":"BreadcrumbList","@id":"https:\/\/www.retaildetail.be\/nl\/news\/algemeen\/een-winkel-op-vier-verloor-omzet-het-laatste-kwartaal\/#breadcrumb","itemListElement":[{"@type":"ListItem","position":1,"name":"Home","item":"https:\/\/www.retaildetail.be\/nl\/"},{"@type":"ListItem","position":2,"name":"\u00c9en winkel op vier verloor omzet in het laatste kwartaal."}]},{"@type":"WebSite","@id":"https:\/\/www.retaildetail.be\/nl\/#website","url":"https:\/\/www.retaildetail.be\/nl\/","name":"RetailDetail BE","description":"News","publisher":{"@id":"https:\/\/www.retaildetail.be\/nl\/#organization"},"potentialAction":[{"@type":"SearchAction","target":{"@type":"EntryPoint","urlTemplate":"https:\/\/www.retaildetail.be\/nl\/?s={search_term_string}"},"query-input":{"@type":"PropertyValueSpecification","valueRequired":true,"valueName":"search_term_string"}}],"inLanguage":"nl-NL"},{"@type":"Organization","@id":"https:\/\/www.retaildetail.be\/nl\/#organization","name":"RetailDetail BE","url":"https:\/\/www.retaildetail.be\/nl\/","logo":{"@type":"ImageObject","inLanguage":"nl-NL","@id":"https:\/\/www.retaildetail.be\/nl\/#\/schema\/logo\/image\/","url":"https:\/\/www.retaildetail.be\/wp-content\/uploads\/2022\/04\/logo.svg","contentUrl":"https:\/\/www.retaildetail.be\/wp-content\/uploads\/2022\/04\/logo.svg","width":131,"height":70,"caption":"RetailDetail BE"},"image":{"@id":"https:\/\/www.retaildetail.be\/nl\/#\/schema\/logo\/image\/"}},{"@type":"Person","@id":"https:\/\/www.retaildetail.be\/nl\/#\/schema\/person\/ba2d383452a753a3a1ce8cdb349b5fc9","name":"dev@grandiz.com","image":{"@type":"ImageObject","inLanguage":"nl-NL","@id":"https:\/\/secure.gravatar.com\/avatar\/5f53ce9fb6eed4a60e5aaaa712be8773880fa9459d9cac9bc4aa4fdbce3f447f?s=96&d=mm&r=g","url":"https:\/\/secure.gravatar.com\/avatar\/5f53ce9fb6eed4a60e5aaaa712be8773880fa9459d9cac9bc4aa4fdbce3f447f?s=96&d=mm&r=g","contentUrl":"https:\/\/secure.gravatar.com\/avatar\/5f53ce9fb6eed4a60e5aaaa712be8773880fa9459d9cac9bc4aa4fdbce3f447f?s=96&d=mm&r=g","caption":"dev@grandiz.com"},"sameAs":["http:\/\/preprod.retaildetail.be"],"url":"https:\/\/www.retaildetail.be\/nl\/author\/devgrandiz-com\/"}]}},"jetpack_featured_media_url":"https:\/\/www.retaildetail.be\/wp-content\/uploads\/2022\/04\/logo.png","jetpack_sharing_enabled":true,"_links":{"self":[{"href":"https:\/\/www.retaildetail.be\/nl\/wp-json\/wp\/v2\/posts\/212","targetHints":{"allow":["GET"]}}],"collection":[{"href":"https:\/\/www.retaildetail.be\/nl\/wp-json\/wp\/v2\/posts"}],"about":[{"href":"https:\/\/www.retaildetail.be\/nl\/wp-json\/wp\/v2\/types\/post"}],"author":[{"embeddable":true,"href":"https:\/\/www.retaildetail.be\/nl\/wp-json\/wp\/v2\/users\/1"}],"replies":[{"embeddable":true,"href":"https:\/\/www.retaildetail.be\/nl\/wp-json\/wp\/v2\/comments?post=212"}],"version-history":[{"count":0,"href":"https:\/\/www.retaildetail.be\/nl\/wp-json\/wp\/v2\/posts\/212\/revisions"}],"wp:featuredmedia":[{"embeddable":true,"href":"https:\/\/www.retaildetail.be\/nl\/wp-json\/wp\/v2\/media\/84"}],"wp:attachment":[{"href":"https:\/\/www.retaildetail.be\/nl\/wp-json\/wp\/v2\/media?parent=212"}],"wp:term":[{"taxonomy":"category","embeddable":true,"href":"https:\/\/www.retaildetail.be\/nl\/wp-json\/wp\/v2\/categories?post=212"},{"taxonomy":"post_tag","embeddable":true,"href":"https:\/\/www.retaildetail.be\/nl\/wp-json\/wp\/v2\/tags?post=212"},{"taxonomy":"people","embeddable":true,"href":"https:\/\/www.retaildetail.be\/nl\/wp-json\/wp\/v2\/people?post=212"},{"taxonomy":"extra","embeddable":true,"href":"https:\/\/www.retaildetail.be\/nl\/wp-json\/wp\/v2\/extra?post=212"},{"taxonomy":"company","embeddable":true,"href":"https:\/\/www.retaildetail.be\/nl\/wp-json\/wp\/v2\/company?post=212"},{"taxonomy":"topic","embeddable":true,"href":"https:\/\/www.retaildetail.be\/nl\/wp-json\/wp\/v2\/topic?post=212"},{"taxonomy":"region","embeddable":true,"href":"https:\/\/www.retaildetail.be\/nl\/wp-json\/wp\/v2\/region?post=212"}],"curies":[{"name":"wp","href":"https:\/\/api.w.org\/{rel}","templated":true}]}}