{"id":3704,"date":"2013-08-09T10:50:25","date_gmt":"2013-08-09T10:50:25","guid":{"rendered":"https:\/\/www.retaildetail.be\/m-tail\/fabcom-trekt-aantal-diensten-weg-uit-berlijn\/"},"modified":"2013-08-09T10:50:25","modified_gmt":"2013-08-09T10:50:25","slug":"fabcom-trekt-aantal-diensten-weg-uit-berlijn","status":"publish","type":"post","link":"https:\/\/www.retaildetail.be\/nl\/news\/m-tail\/fabcom-trekt-aantal-diensten-weg-uit-berlijn\/","title":{"rendered":"Fab.com trekt aantal diensten weg uit Berlijn"},"content":{"rendered":"<h2>Van &#8220;flash sales&#8221; naar &#8220;global retail&#8221;<\/h2>\n<p>&#8220;<a href=\"http:\/\/www.businessweek.com\/news\/2013-08-06\/fab-dot-coms-internal-memo-on-berlin-staff-cuts\" target=\"_blank\" rel=\"noopener\">Wat ik vandaag moet aankondigen spijt me zeer<\/a>&#8220;, schrijft stichter en CEO Jason Goldberg. &#8220;Deze beslissing is op persoonlijk vlak pijnlijk maar strategisch gezien logisch en, vooral, <strong>geenszins het gevolg van financi\u00eble moeilijkheden<\/strong> of een verminderd engagement tegenover Berlijn, Duitsland, het Verenigd Koninkrijk, de hele EU of onze wereldwijde groei.&#8221;<\/p>\n<p>\u00a0<\/p>\n<p>Na de overname van bedrijven in Duitsland en Groot-Brittanni\u00eb wil Fab <strong>voortaan dezelfde producten in de hele wereld gaan verkopen<\/strong>, in plaats van &#8211; zoals nu &#8211; elke dag een nieuwe &#8220;flash sale&#8221; te organiseren voor telkens weer andere producten.<\/p>\n<p>\u00a0<\/p>\n<h2>Nog slechts \u00e9\u00e9n winkel<\/h2>\n<p>Een dergelijke werkwijze is op een grotere schaal niet langer houdbaar, aldus nog de Fab-oprichter. &#8220;De manier waarop retailers wereldwijd werken is dat ze <strong>overal dezelfde producten verkopen<\/strong>. Maak ze \u00e9\u00e9n keer, verkoop ze overal. Koop ze \u00e9\u00e9n keer in, verkoop ze overal. Zo werkt het bij Ikea. Zo werkt het Urban Outfitters. Zo werkt het bij ASOS&#8221;, schrijft Jason Goldberg. &#8220;We kunnen geen twee verschillende winkels meer hebben. We hebben \u00e9\u00e9n enkele Fab-winkel nodig met overal dezelfde Fab-ervaring.&#8221;<\/p>\n<p>\u00a0<\/p>\n<p><strong>(UPDATE)<\/strong> In een extra toelichting aan onze redactie laat Fab.com weten dat er <strong>van een &#8220;sluiting van het Europese hoofdkwartier&#8221;, zoals eerder de ronde deed, geen sprake<\/strong> is: &#8220;We centraliseren gewoon een aantal operationele diensten zoals merchandising en marketing in ons hoofdkwartier in New York. De lokale klantendienst, terugzendingen, verzending en logistiek, financi\u00ebn, IT en HR voor Europa blijven in Berlijn en Eindhoven.&#8221;<\/p>\n<p>\u00a0<\/p>\n<p>Ook meubelontwerper Fab DBY (FAB Designed By You) blijft in Berlijn. Daar werken nu 35 mensen en dat moeten er dubbel zoveel zijn tegen het einde van het jaar.<\/p>\n","protected":false},"excerpt":{"rendered":"<p>Van &#8220;flash sales&#8221; naar &#8220;global retail&#8221; &#8220;Wat ik vandaag moet aankondigen spijt me zeer&#8220;, schrijft stichter en CEO Jason Goldberg. &#8220;Deze beslissing is op persoonlijk vlak pijnlijk maar strategisch gezien logisch en, vooral, geenszins het gevolg van financi\u00eble moeilijkheden of een verminderd engagement tegenover Berlijn, Duitsland, het Verenigd Koninkrijk, de hele EU of onze wereldwijde [&hellip;]<\/p>\n","protected":false},"author":1,"featured_media":84,"comment_status":"closed","ping_status":"closed","sticky":false,"template":"","format":"standard","meta":{"_acf_changed":false,"inline_featured_image":false,"_jetpack_memberships_contains_paid_content":false,"footnotes":""},"categories":[33],"tags":[],"people":[],"extra":[],"company":[],"topic":[],"region":[],"class_list":["post-3704","post","type-post","status-publish","format-standard","has-post-thumbnail","hentry","category-m-tail"],"acf":[],"yoast_head":"<!-- This site is optimized with the Yoast SEO plugin v27.3 - https:\/\/yoast.com\/product\/yoast-seo-wordpress\/ -->\n<title>Fab.com trekt aantal diensten weg uit Berlijn - RetailDetail BE<\/title>\n<meta name=\"robots\" content=\"index, follow, max-snippet:-1, max-image-preview:large, max-video-preview:-1\" \/>\n<link rel=\"canonical\" href=\"https:\/\/www.retaildetail.be\/nl\/news\/m-tail\/fabcom-trekt-aantal-diensten-weg-uit-berlijn\/\" \/>\n<meta property=\"og:locale\" content=\"nl_NL\" \/>\n<meta property=\"og:type\" content=\"article\" \/>\n<meta property=\"og:title\" content=\"Fab.com trekt aantal diensten weg uit Berlijn - RetailDetail BE\" \/>\n<meta property=\"og:description\" content=\"Van &#8220;flash sales&#8221; naar &#8220;global retail&#8221; &#8220;Wat ik vandaag moet aankondigen spijt me zeer&#8220;, schrijft stichter en CEO Jason Goldberg. &#8220;Deze beslissing is op persoonlijk vlak pijnlijk maar strategisch gezien logisch en, vooral, geenszins het gevolg van financi\u00eble moeilijkheden of een verminderd engagement tegenover Berlijn, Duitsland, het Verenigd Koninkrijk, de hele EU of onze wereldwijde [&hellip;]\" \/>\n<meta property=\"og:url\" content=\"https:\/\/www.retaildetail.be\/nl\/news\/m-tail\/fabcom-trekt-aantal-diensten-weg-uit-berlijn\/\" \/>\n<meta property=\"og:site_name\" content=\"RetailDetail BE\" \/>\n<meta property=\"article:published_time\" content=\"2013-08-09T10:50:25+00:00\" \/>\n<meta property=\"og:image\" content=\"https:\/\/i0.wp.com\/www.retaildetail.be\/wp-content\/uploads\/2022\/04\/logo.png?fit=281%2C147&quality=100&strip=all&ssl=1\" \/>\n\t<meta property=\"og:image:width\" content=\"281\" \/>\n\t<meta property=\"og:image:height\" content=\"147\" \/>\n\t<meta property=\"og:image:type\" content=\"image\/png\" \/>\n<meta name=\"author\" content=\"dev@grandiz.com\" \/>\n<meta name=\"twitter:card\" content=\"summary_large_image\" \/>\n<meta name=\"twitter:label1\" content=\"Geschreven door\" \/>\n\t<meta name=\"twitter:data1\" content=\"dev@grandiz.com\" \/>\n\t<meta name=\"twitter:label2\" content=\"Geschatte leestijd\" \/>\n\t<meta name=\"twitter:data2\" content=\"1 minuut\" \/>\n<script type=\"application\/ld+json\" class=\"yoast-schema-graph\">{\"@context\":\"https:\\\/\\\/schema.org\",\"@graph\":[{\"@type\":\"NewsArticle\",\"@id\":\"https:\\\/\\\/www.retaildetail.be\\\/nl\\\/news\\\/m-tail\\\/fabcom-trekt-aantal-diensten-weg-uit-berlijn\\\/#article\",\"isPartOf\":{\"@id\":\"https:\\\/\\\/www.retaildetail.be\\\/nl\\\/news\\\/m-tail\\\/fabcom-trekt-aantal-diensten-weg-uit-berlijn\\\/\"},\"author\":{\"name\":\"dev@grandiz.com\",\"@id\":\"https:\\\/\\\/www.retaildetail.be\\\/nl\\\/#\\\/schema\\\/person\\\/ba2d383452a753a3a1ce8cdb349b5fc9\"},\"headline\":\"Fab.com trekt aantal diensten weg uit Berlijn\",\"datePublished\":\"2013-08-09T10:50:25+00:00\",\"mainEntityOfPage\":{\"@id\":\"https:\\\/\\\/www.retaildetail.be\\\/nl\\\/news\\\/m-tail\\\/fabcom-trekt-aantal-diensten-weg-uit-berlijn\\\/\"},\"wordCount\":281,\"publisher\":{\"@id\":\"https:\\\/\\\/www.retaildetail.be\\\/nl\\\/#organization\"},\"image\":{\"@id\":\"https:\\\/\\\/www.retaildetail.be\\\/nl\\\/news\\\/m-tail\\\/fabcom-trekt-aantal-diensten-weg-uit-berlijn\\\/#primaryimage\"},\"thumbnailUrl\":\"https:\\\/\\\/www.retaildetail.be\\\/wp-content\\\/uploads\\\/2022\\\/04\\\/logo.png\",\"articleSection\":[\"m-Tail\"],\"inLanguage\":\"nl-NL\",\"copyrightYear\":\"2013\",\"copyrightHolder\":{\"@id\":\"https:\\\/\\\/www.retaildetail.be\\\/#organization\"}},{\"@type\":\"WebPage\",\"@id\":\"https:\\\/\\\/www.retaildetail.be\\\/nl\\\/news\\\/m-tail\\\/fabcom-trekt-aantal-diensten-weg-uit-berlijn\\\/\",\"url\":\"https:\\\/\\\/www.retaildetail.be\\\/nl\\\/news\\\/m-tail\\\/fabcom-trekt-aantal-diensten-weg-uit-berlijn\\\/\",\"name\":\"Fab.com trekt aantal diensten weg uit Berlijn - RetailDetail BE\",\"isPartOf\":{\"@id\":\"https:\\\/\\\/www.retaildetail.be\\\/nl\\\/#website\"},\"primaryImageOfPage\":{\"@id\":\"https:\\\/\\\/www.retaildetail.be\\\/nl\\\/news\\\/m-tail\\\/fabcom-trekt-aantal-diensten-weg-uit-berlijn\\\/#primaryimage\"},\"image\":{\"@id\":\"https:\\\/\\\/www.retaildetail.be\\\/nl\\\/news\\\/m-tail\\\/fabcom-trekt-aantal-diensten-weg-uit-berlijn\\\/#primaryimage\"},\"thumbnailUrl\":\"https:\\\/\\\/www.retaildetail.be\\\/wp-content\\\/uploads\\\/2022\\\/04\\\/logo.png\",\"datePublished\":\"2013-08-09T10:50:25+00:00\",\"breadcrumb\":{\"@id\":\"https:\\\/\\\/www.retaildetail.be\\\/nl\\\/news\\\/m-tail\\\/fabcom-trekt-aantal-diensten-weg-uit-berlijn\\\/#breadcrumb\"},\"inLanguage\":\"nl-NL\",\"potentialAction\":[{\"@type\":\"ReadAction\",\"target\":[\"https:\\\/\\\/www.retaildetail.be\\\/nl\\\/news\\\/m-tail\\\/fabcom-trekt-aantal-diensten-weg-uit-berlijn\\\/\"]}]},{\"@type\":\"ImageObject\",\"inLanguage\":\"nl-NL\",\"@id\":\"https:\\\/\\\/www.retaildetail.be\\\/nl\\\/news\\\/m-tail\\\/fabcom-trekt-aantal-diensten-weg-uit-berlijn\\\/#primaryimage\",\"url\":\"https:\\\/\\\/www.retaildetail.be\\\/wp-content\\\/uploads\\\/2022\\\/04\\\/logo.png\",\"contentUrl\":\"https:\\\/\\\/www.retaildetail.be\\\/wp-content\\\/uploads\\\/2022\\\/04\\\/logo.png\",\"width\":281,\"height\":147},{\"@type\":\"BreadcrumbList\",\"@id\":\"https:\\\/\\\/www.retaildetail.be\\\/nl\\\/news\\\/m-tail\\\/fabcom-trekt-aantal-diensten-weg-uit-berlijn\\\/#breadcrumb\",\"itemListElement\":[{\"@type\":\"ListItem\",\"position\":1,\"name\":\"Home\",\"item\":\"https:\\\/\\\/www.retaildetail.be\\\/nl\\\/\"},{\"@type\":\"ListItem\",\"position\":2,\"name\":\"Fab.com trekt aantal diensten weg uit Berlijn\"}]},{\"@type\":\"WebSite\",\"@id\":\"https:\\\/\\\/www.retaildetail.be\\\/nl\\\/#website\",\"url\":\"https:\\\/\\\/www.retaildetail.be\\\/nl\\\/\",\"name\":\"RetailDetail BE\",\"description\":\"News\",\"publisher\":{\"@id\":\"https:\\\/\\\/www.retaildetail.be\\\/nl\\\/#organization\"},\"potentialAction\":[{\"@type\":\"SearchAction\",\"target\":{\"@type\":\"EntryPoint\",\"urlTemplate\":\"https:\\\/\\\/www.retaildetail.be\\\/nl\\\/?s={search_term_string}\"},\"query-input\":{\"@type\":\"PropertyValueSpecification\",\"valueRequired\":true,\"valueName\":\"search_term_string\"}}],\"inLanguage\":\"nl-NL\"},{\"@type\":\"Organization\",\"@id\":\"https:\\\/\\\/www.retaildetail.be\\\/nl\\\/#organization\",\"name\":\"RetailDetail BE\",\"url\":\"https:\\\/\\\/www.retaildetail.be\\\/nl\\\/\",\"logo\":{\"@type\":\"ImageObject\",\"inLanguage\":\"nl-NL\",\"@id\":\"https:\\\/\\\/www.retaildetail.be\\\/nl\\\/#\\\/schema\\\/logo\\\/image\\\/\",\"url\":\"https:\\\/\\\/www.retaildetail.be\\\/wp-content\\\/uploads\\\/2022\\\/04\\\/logo.svg\",\"contentUrl\":\"https:\\\/\\\/www.retaildetail.be\\\/wp-content\\\/uploads\\\/2022\\\/04\\\/logo.svg\",\"width\":131,\"height\":70,\"caption\":\"RetailDetail BE\"},\"image\":{\"@id\":\"https:\\\/\\\/www.retaildetail.be\\\/nl\\\/#\\\/schema\\\/logo\\\/image\\\/\"}},{\"@type\":\"Person\",\"@id\":\"https:\\\/\\\/www.retaildetail.be\\\/nl\\\/#\\\/schema\\\/person\\\/ba2d383452a753a3a1ce8cdb349b5fc9\",\"name\":\"dev@grandiz.com\",\"image\":{\"@type\":\"ImageObject\",\"inLanguage\":\"nl-NL\",\"@id\":\"https:\\\/\\\/secure.gravatar.com\\\/avatar\\\/5f53ce9fb6eed4a60e5aaaa712be8773880fa9459d9cac9bc4aa4fdbce3f447f?s=96&d=mm&r=g\",\"url\":\"https:\\\/\\\/secure.gravatar.com\\\/avatar\\\/5f53ce9fb6eed4a60e5aaaa712be8773880fa9459d9cac9bc4aa4fdbce3f447f?s=96&d=mm&r=g\",\"contentUrl\":\"https:\\\/\\\/secure.gravatar.com\\\/avatar\\\/5f53ce9fb6eed4a60e5aaaa712be8773880fa9459d9cac9bc4aa4fdbce3f447f?s=96&d=mm&r=g\",\"caption\":\"dev@grandiz.com\"},\"sameAs\":[\"http:\\\/\\\/preprod.retaildetail.be\"],\"url\":\"https:\\\/\\\/www.retaildetail.be\\\/nl\\\/author\\\/devgrandiz-com\\\/\"}]}<\/script>\n<!-- \/ Yoast SEO plugin. -->","yoast_head_json":{"title":"Fab.com trekt aantal diensten weg uit Berlijn - RetailDetail BE","robots":{"index":"index","follow":"follow","max-snippet":"max-snippet:-1","max-image-preview":"max-image-preview:large","max-video-preview":"max-video-preview:-1"},"canonical":"https:\/\/www.retaildetail.be\/nl\/news\/m-tail\/fabcom-trekt-aantal-diensten-weg-uit-berlijn\/","og_locale":"nl_NL","og_type":"article","og_title":"Fab.com trekt aantal diensten weg uit Berlijn - RetailDetail BE","og_description":"Van &#8220;flash sales&#8221; naar &#8220;global retail&#8221; &#8220;Wat ik vandaag moet aankondigen spijt me zeer&#8220;, schrijft stichter en CEO Jason Goldberg. &#8220;Deze beslissing is op persoonlijk vlak pijnlijk maar strategisch gezien logisch en, vooral, geenszins het gevolg van financi\u00eble moeilijkheden of een verminderd engagement tegenover Berlijn, Duitsland, het Verenigd Koninkrijk, de hele EU of onze wereldwijde [&hellip;]","og_url":"https:\/\/www.retaildetail.be\/nl\/news\/m-tail\/fabcom-trekt-aantal-diensten-weg-uit-berlijn\/","og_site_name":"RetailDetail BE","article_published_time":"2013-08-09T10:50:25+00:00","og_image":[{"width":281,"height":147,"url":"https:\/\/i0.wp.com\/www.retaildetail.be\/wp-content\/uploads\/2022\/04\/logo.png?fit=281%2C147&quality=100&strip=all&ssl=1","type":"image\/png"}],"author":"dev@grandiz.com","twitter_card":"summary_large_image","twitter_misc":{"Geschreven door":"dev@grandiz.com","Geschatte leestijd":"1 minuut"},"schema":{"@context":"https:\/\/schema.org","@graph":[{"@type":"NewsArticle","@id":"https:\/\/www.retaildetail.be\/nl\/news\/m-tail\/fabcom-trekt-aantal-diensten-weg-uit-berlijn\/#article","isPartOf":{"@id":"https:\/\/www.retaildetail.be\/nl\/news\/m-tail\/fabcom-trekt-aantal-diensten-weg-uit-berlijn\/"},"author":{"name":"dev@grandiz.com","@id":"https:\/\/www.retaildetail.be\/nl\/#\/schema\/person\/ba2d383452a753a3a1ce8cdb349b5fc9"},"headline":"Fab.com trekt aantal diensten weg uit Berlijn","datePublished":"2013-08-09T10:50:25+00:00","mainEntityOfPage":{"@id":"https:\/\/www.retaildetail.be\/nl\/news\/m-tail\/fabcom-trekt-aantal-diensten-weg-uit-berlijn\/"},"wordCount":281,"publisher":{"@id":"https:\/\/www.retaildetail.be\/nl\/#organization"},"image":{"@id":"https:\/\/www.retaildetail.be\/nl\/news\/m-tail\/fabcom-trekt-aantal-diensten-weg-uit-berlijn\/#primaryimage"},"thumbnailUrl":"https:\/\/www.retaildetail.be\/wp-content\/uploads\/2022\/04\/logo.png","articleSection":["m-Tail"],"inLanguage":"nl-NL","copyrightYear":"2013","copyrightHolder":{"@id":"https:\/\/www.retaildetail.be\/#organization"}},{"@type":"WebPage","@id":"https:\/\/www.retaildetail.be\/nl\/news\/m-tail\/fabcom-trekt-aantal-diensten-weg-uit-berlijn\/","url":"https:\/\/www.retaildetail.be\/nl\/news\/m-tail\/fabcom-trekt-aantal-diensten-weg-uit-berlijn\/","name":"Fab.com trekt aantal diensten weg uit Berlijn - RetailDetail BE","isPartOf":{"@id":"https:\/\/www.retaildetail.be\/nl\/#website"},"primaryImageOfPage":{"@id":"https:\/\/www.retaildetail.be\/nl\/news\/m-tail\/fabcom-trekt-aantal-diensten-weg-uit-berlijn\/#primaryimage"},"image":{"@id":"https:\/\/www.retaildetail.be\/nl\/news\/m-tail\/fabcom-trekt-aantal-diensten-weg-uit-berlijn\/#primaryimage"},"thumbnailUrl":"https:\/\/www.retaildetail.be\/wp-content\/uploads\/2022\/04\/logo.png","datePublished":"2013-08-09T10:50:25+00:00","breadcrumb":{"@id":"https:\/\/www.retaildetail.be\/nl\/news\/m-tail\/fabcom-trekt-aantal-diensten-weg-uit-berlijn\/#breadcrumb"},"inLanguage":"nl-NL","potentialAction":[{"@type":"ReadAction","target":["https:\/\/www.retaildetail.be\/nl\/news\/m-tail\/fabcom-trekt-aantal-diensten-weg-uit-berlijn\/"]}]},{"@type":"ImageObject","inLanguage":"nl-NL","@id":"https:\/\/www.retaildetail.be\/nl\/news\/m-tail\/fabcom-trekt-aantal-diensten-weg-uit-berlijn\/#primaryimage","url":"https:\/\/www.retaildetail.be\/wp-content\/uploads\/2022\/04\/logo.png","contentUrl":"https:\/\/www.retaildetail.be\/wp-content\/uploads\/2022\/04\/logo.png","width":281,"height":147},{"@type":"BreadcrumbList","@id":"https:\/\/www.retaildetail.be\/nl\/news\/m-tail\/fabcom-trekt-aantal-diensten-weg-uit-berlijn\/#breadcrumb","itemListElement":[{"@type":"ListItem","position":1,"name":"Home","item":"https:\/\/www.retaildetail.be\/nl\/"},{"@type":"ListItem","position":2,"name":"Fab.com trekt aantal diensten weg uit Berlijn"}]},{"@type":"WebSite","@id":"https:\/\/www.retaildetail.be\/nl\/#website","url":"https:\/\/www.retaildetail.be\/nl\/","name":"RetailDetail BE","description":"News","publisher":{"@id":"https:\/\/www.retaildetail.be\/nl\/#organization"},"potentialAction":[{"@type":"SearchAction","target":{"@type":"EntryPoint","urlTemplate":"https:\/\/www.retaildetail.be\/nl\/?s={search_term_string}"},"query-input":{"@type":"PropertyValueSpecification","valueRequired":true,"valueName":"search_term_string"}}],"inLanguage":"nl-NL"},{"@type":"Organization","@id":"https:\/\/www.retaildetail.be\/nl\/#organization","name":"RetailDetail BE","url":"https:\/\/www.retaildetail.be\/nl\/","logo":{"@type":"ImageObject","inLanguage":"nl-NL","@id":"https:\/\/www.retaildetail.be\/nl\/#\/schema\/logo\/image\/","url":"https:\/\/www.retaildetail.be\/wp-content\/uploads\/2022\/04\/logo.svg","contentUrl":"https:\/\/www.retaildetail.be\/wp-content\/uploads\/2022\/04\/logo.svg","width":131,"height":70,"caption":"RetailDetail BE"},"image":{"@id":"https:\/\/www.retaildetail.be\/nl\/#\/schema\/logo\/image\/"}},{"@type":"Person","@id":"https:\/\/www.retaildetail.be\/nl\/#\/schema\/person\/ba2d383452a753a3a1ce8cdb349b5fc9","name":"dev@grandiz.com","image":{"@type":"ImageObject","inLanguage":"nl-NL","@id":"https:\/\/secure.gravatar.com\/avatar\/5f53ce9fb6eed4a60e5aaaa712be8773880fa9459d9cac9bc4aa4fdbce3f447f?s=96&d=mm&r=g","url":"https:\/\/secure.gravatar.com\/avatar\/5f53ce9fb6eed4a60e5aaaa712be8773880fa9459d9cac9bc4aa4fdbce3f447f?s=96&d=mm&r=g","contentUrl":"https:\/\/secure.gravatar.com\/avatar\/5f53ce9fb6eed4a60e5aaaa712be8773880fa9459d9cac9bc4aa4fdbce3f447f?s=96&d=mm&r=g","caption":"dev@grandiz.com"},"sameAs":["http:\/\/preprod.retaildetail.be"],"url":"https:\/\/www.retaildetail.be\/nl\/author\/devgrandiz-com\/"}]}},"jetpack_featured_media_url":"https:\/\/www.retaildetail.be\/wp-content\/uploads\/2022\/04\/logo.png","jetpack_sharing_enabled":true,"_links":{"self":[{"href":"https:\/\/www.retaildetail.be\/nl\/wp-json\/wp\/v2\/posts\/3704","targetHints":{"allow":["GET"]}}],"collection":[{"href":"https:\/\/www.retaildetail.be\/nl\/wp-json\/wp\/v2\/posts"}],"about":[{"href":"https:\/\/www.retaildetail.be\/nl\/wp-json\/wp\/v2\/types\/post"}],"author":[{"embeddable":true,"href":"https:\/\/www.retaildetail.be\/nl\/wp-json\/wp\/v2\/users\/1"}],"replies":[{"embeddable":true,"href":"https:\/\/www.retaildetail.be\/nl\/wp-json\/wp\/v2\/comments?post=3704"}],"version-history":[{"count":0,"href":"https:\/\/www.retaildetail.be\/nl\/wp-json\/wp\/v2\/posts\/3704\/revisions"}],"wp:featuredmedia":[{"embeddable":true,"href":"https:\/\/www.retaildetail.be\/nl\/wp-json\/wp\/v2\/media\/84"}],"wp:attachment":[{"href":"https:\/\/www.retaildetail.be\/nl\/wp-json\/wp\/v2\/media?parent=3704"}],"wp:term":[{"taxonomy":"category","embeddable":true,"href":"https:\/\/www.retaildetail.be\/nl\/wp-json\/wp\/v2\/categories?post=3704"},{"taxonomy":"post_tag","embeddable":true,"href":"https:\/\/www.retaildetail.be\/nl\/wp-json\/wp\/v2\/tags?post=3704"},{"taxonomy":"people","embeddable":true,"href":"https:\/\/www.retaildetail.be\/nl\/wp-json\/wp\/v2\/people?post=3704"},{"taxonomy":"extra","embeddable":true,"href":"https:\/\/www.retaildetail.be\/nl\/wp-json\/wp\/v2\/extra?post=3704"},{"taxonomy":"company","embeddable":true,"href":"https:\/\/www.retaildetail.be\/nl\/wp-json\/wp\/v2\/company?post=3704"},{"taxonomy":"topic","embeddable":true,"href":"https:\/\/www.retaildetail.be\/nl\/wp-json\/wp\/v2\/topic?post=3704"},{"taxonomy":"region","embeddable":true,"href":"https:\/\/www.retaildetail.be\/nl\/wp-json\/wp\/v2\/region?post=3704"}],"curies":[{"name":"wp","href":"https:\/\/api.w.org\/{rel}","templated":true}]}}