{"id":4106,"date":"2013-10-08T07:03:15","date_gmt":"2013-10-08T07:03:15","guid":{"rendered":"https:\/\/www.retaildetail.be\/m-tail\/amazon-gaat-drie-distributiecentra-bouwen-polen\/"},"modified":"2013-10-08T07:03:15","modified_gmt":"2013-10-08T07:03:15","slug":"amazon-gaat-drie-distributiecentra-bouwen-polen","status":"publish","type":"post","link":"https:\/\/www.retaildetail.be\/nl\/news\/m-tail\/amazon-gaat-drie-distributiecentra-bouwen-polen\/","title":{"rendered":"Amazon gaat drie distributiecentra bouwen in Polen"},"content":{"rendered":"<h2>2.000 voltijdse krachten<\/h2>\n<p>Amazon heeft al meer dan twintig distributiecentra in Europa en heeft nu aangekondigd <strong>&#8220;honderden miljoenen euro&#8217;s&#8221; te investeren<\/strong> in de bouw van drie nieuwe distributiecentra in Polen. Twee daarvan (bij Wroc\u0142aw en bij Pozna\u0144) zouden in augustus 2014 de deuren moeten openen, het derde (eveneens bij Wroc\u0142aw) midden 2015.<\/p>\n<p>\u00a0<\/p>\n<p>In elk van de nieuwe distributiecentra zullen 2.000 mensen voltijds aan de slag kunnen. Daar komen <strong>in piekperiodes wellicht nog tot 3.000 seizoensarbeiders per centrum<\/strong> bovenop, aldus &#8217;s werelds grootste internetwarenhuis.<\/p>\n<p>\u00a0<\/p>\n<h2>Extra druk op de (Duitse) ketel?<\/h2>\n<p>Volgens de Poolse zakenkrant &#8220;Puls Biznesu&#8221; zou Amazon de vele werkonderbrekingen in Duitsland beu zijn en overwegen een <strong>deel van de activiteiten te verhuizen naar Oost-Europa<\/strong>. Amazon en vakbond Ver.di liggen al een hele tijd zwaar in de clinch.<\/p>\n<p>\u00a0<\/p>\n<p>De vakbond probeert Amazon er al maanden toe te brengen om de lonen van zijn 9.000 werknemers in Duitsland af te stellen op de lonen uit de distributiesector. Amazon weigert en argumenteert dat het om arbeid in logistieke centra gaat, die in Duitsland <strong>veel minder goed betaald wordt dan die in de distributie<\/strong>. Er werd al meermaals gestaakt en de vakbond heeft <a href=\"http:\/\/www.retaildetail.nl\/nederland\/nl-algemeen\/item\/15201-duitse-werknemers-amazon-dreigen-met-staking-tijdens-kerstmis\" target=\"_blank\" rel=\"noopener\">nog acties in het vooruitzicht gesteld<\/a>, onder meer rond Kerstmis.<\/p>\n<p>\u00a0<\/p>\n<p>Toch benadrukt Amazon dat het <strong>niet van plan is om bestaande distributiecentra te sluiten<\/strong>. &#8220;Het gaat niet om een verhuizing van de Duitse distributiecentra naar het buitenland&#8221;, zegt Amazon-manager Tim Collins, verantwoordelijk voor Europa. &#8220;Het doel is om de Europese activiteiten uit te bouwen.&#8221;<\/p>\n<p>\u00a0<\/p>\n<p>Wel ontkent hij niet dat de Poolse distributiecentra in eerste instantie<strong> vooral klanten van Amazon.de zullen bedienen<\/strong> en in een latere fase klanten van alle Europese websites.<\/p>\n","protected":false},"excerpt":{"rendered":"<p>2.000 voltijdse krachten Amazon heeft al meer dan twintig distributiecentra in Europa en heeft nu aangekondigd &#8220;honderden miljoenen euro&#8217;s&#8221; te investeren in de bouw van drie nieuwe distributiecentra in Polen. Twee daarvan (bij Wroc\u0142aw en bij Pozna\u0144) zouden in augustus 2014 de deuren moeten openen, het derde (eveneens bij Wroc\u0142aw) midden 2015. \u00a0 In elk [&hellip;]<\/p>\n","protected":false},"author":1,"featured_media":84,"comment_status":"closed","ping_status":"closed","sticky":false,"template":"","format":"standard","meta":{"_acf_changed":false,"inline_featured_image":false,"_jetpack_memberships_contains_paid_content":false,"footnotes":""},"categories":[33],"tags":[],"people":[],"extra":[],"company":[],"topic":[],"region":[],"class_list":["post-4106","post","type-post","status-publish","format-standard","has-post-thumbnail","hentry","category-m-tail"],"acf":[],"yoast_head":"<!-- This site is optimized with the Yoast SEO plugin v27.3 - https:\/\/yoast.com\/product\/yoast-seo-wordpress\/ -->\n<title>Amazon gaat drie distributiecentra bouwen in Polen - RetailDetail BE<\/title>\n<meta name=\"robots\" content=\"index, follow, max-snippet:-1, max-image-preview:large, max-video-preview:-1\" \/>\n<link rel=\"canonical\" href=\"https:\/\/www.retaildetail.be\/nl\/news\/m-tail\/amazon-gaat-drie-distributiecentra-bouwen-polen\/\" \/>\n<meta property=\"og:locale\" content=\"nl_NL\" \/>\n<meta property=\"og:type\" content=\"article\" \/>\n<meta property=\"og:title\" content=\"Amazon gaat drie distributiecentra bouwen in Polen - RetailDetail BE\" \/>\n<meta property=\"og:description\" content=\"2.000 voltijdse krachten Amazon heeft al meer dan twintig distributiecentra in Europa en heeft nu aangekondigd &#8220;honderden miljoenen euro&#8217;s&#8221; te investeren in de bouw van drie nieuwe distributiecentra in Polen. Twee daarvan (bij Wroc\u0142aw en bij Pozna\u0144) zouden in augustus 2014 de deuren moeten openen, het derde (eveneens bij Wroc\u0142aw) midden 2015. \u00a0 In elk [&hellip;]\" \/>\n<meta property=\"og:url\" content=\"https:\/\/www.retaildetail.be\/nl\/news\/m-tail\/amazon-gaat-drie-distributiecentra-bouwen-polen\/\" \/>\n<meta property=\"og:site_name\" content=\"RetailDetail BE\" \/>\n<meta property=\"article:published_time\" content=\"2013-10-08T07:03:15+00:00\" \/>\n<meta property=\"og:image\" content=\"https:\/\/i0.wp.com\/www.retaildetail.be\/wp-content\/uploads\/2022\/04\/logo.png?fit=281%2C147&quality=100&strip=all&ssl=1\" \/>\n\t<meta property=\"og:image:width\" content=\"281\" \/>\n\t<meta property=\"og:image:height\" content=\"147\" \/>\n\t<meta property=\"og:image:type\" content=\"image\/png\" \/>\n<meta name=\"author\" content=\"dev@grandiz.com\" \/>\n<meta name=\"twitter:card\" content=\"summary_large_image\" \/>\n<meta name=\"twitter:label1\" content=\"Geschreven door\" \/>\n\t<meta name=\"twitter:data1\" content=\"dev@grandiz.com\" \/>\n\t<meta name=\"twitter:label2\" content=\"Geschatte leestijd\" \/>\n\t<meta name=\"twitter:data2\" content=\"1 minuut\" \/>\n<script type=\"application\/ld+json\" class=\"yoast-schema-graph\">{\"@context\":\"https:\\\/\\\/schema.org\",\"@graph\":[{\"@type\":\"NewsArticle\",\"@id\":\"https:\\\/\\\/www.retaildetail.be\\\/nl\\\/news\\\/m-tail\\\/amazon-gaat-drie-distributiecentra-bouwen-polen\\\/#article\",\"isPartOf\":{\"@id\":\"https:\\\/\\\/www.retaildetail.be\\\/nl\\\/news\\\/m-tail\\\/amazon-gaat-drie-distributiecentra-bouwen-polen\\\/\"},\"author\":{\"name\":\"dev@grandiz.com\",\"@id\":\"https:\\\/\\\/www.retaildetail.be\\\/nl\\\/#\\\/schema\\\/person\\\/ba2d383452a753a3a1ce8cdb349b5fc9\"},\"headline\":\"Amazon gaat drie distributiecentra bouwen in Polen\",\"datePublished\":\"2013-10-08T07:03:15+00:00\",\"mainEntityOfPage\":{\"@id\":\"https:\\\/\\\/www.retaildetail.be\\\/nl\\\/news\\\/m-tail\\\/amazon-gaat-drie-distributiecentra-bouwen-polen\\\/\"},\"wordCount\":277,\"publisher\":{\"@id\":\"https:\\\/\\\/www.retaildetail.be\\\/nl\\\/#organization\"},\"image\":{\"@id\":\"https:\\\/\\\/www.retaildetail.be\\\/nl\\\/news\\\/m-tail\\\/amazon-gaat-drie-distributiecentra-bouwen-polen\\\/#primaryimage\"},\"thumbnailUrl\":\"https:\\\/\\\/www.retaildetail.be\\\/wp-content\\\/uploads\\\/2022\\\/04\\\/logo.png\",\"articleSection\":[\"m-Tail\"],\"inLanguage\":\"nl-NL\",\"copyrightYear\":\"2013\",\"copyrightHolder\":{\"@id\":\"https:\\\/\\\/www.retaildetail.be\\\/#organization\"}},{\"@type\":\"WebPage\",\"@id\":\"https:\\\/\\\/www.retaildetail.be\\\/nl\\\/news\\\/m-tail\\\/amazon-gaat-drie-distributiecentra-bouwen-polen\\\/\",\"url\":\"https:\\\/\\\/www.retaildetail.be\\\/nl\\\/news\\\/m-tail\\\/amazon-gaat-drie-distributiecentra-bouwen-polen\\\/\",\"name\":\"Amazon gaat drie distributiecentra bouwen in Polen - RetailDetail BE\",\"isPartOf\":{\"@id\":\"https:\\\/\\\/www.retaildetail.be\\\/nl\\\/#website\"},\"primaryImageOfPage\":{\"@id\":\"https:\\\/\\\/www.retaildetail.be\\\/nl\\\/news\\\/m-tail\\\/amazon-gaat-drie-distributiecentra-bouwen-polen\\\/#primaryimage\"},\"image\":{\"@id\":\"https:\\\/\\\/www.retaildetail.be\\\/nl\\\/news\\\/m-tail\\\/amazon-gaat-drie-distributiecentra-bouwen-polen\\\/#primaryimage\"},\"thumbnailUrl\":\"https:\\\/\\\/www.retaildetail.be\\\/wp-content\\\/uploads\\\/2022\\\/04\\\/logo.png\",\"datePublished\":\"2013-10-08T07:03:15+00:00\",\"breadcrumb\":{\"@id\":\"https:\\\/\\\/www.retaildetail.be\\\/nl\\\/news\\\/m-tail\\\/amazon-gaat-drie-distributiecentra-bouwen-polen\\\/#breadcrumb\"},\"inLanguage\":\"nl-NL\",\"potentialAction\":[{\"@type\":\"ReadAction\",\"target\":[\"https:\\\/\\\/www.retaildetail.be\\\/nl\\\/news\\\/m-tail\\\/amazon-gaat-drie-distributiecentra-bouwen-polen\\\/\"]}]},{\"@type\":\"ImageObject\",\"inLanguage\":\"nl-NL\",\"@id\":\"https:\\\/\\\/www.retaildetail.be\\\/nl\\\/news\\\/m-tail\\\/amazon-gaat-drie-distributiecentra-bouwen-polen\\\/#primaryimage\",\"url\":\"https:\\\/\\\/www.retaildetail.be\\\/wp-content\\\/uploads\\\/2022\\\/04\\\/logo.png\",\"contentUrl\":\"https:\\\/\\\/www.retaildetail.be\\\/wp-content\\\/uploads\\\/2022\\\/04\\\/logo.png\",\"width\":281,\"height\":147},{\"@type\":\"BreadcrumbList\",\"@id\":\"https:\\\/\\\/www.retaildetail.be\\\/nl\\\/news\\\/m-tail\\\/amazon-gaat-drie-distributiecentra-bouwen-polen\\\/#breadcrumb\",\"itemListElement\":[{\"@type\":\"ListItem\",\"position\":1,\"name\":\"Home\",\"item\":\"https:\\\/\\\/www.retaildetail.be\\\/nl\\\/\"},{\"@type\":\"ListItem\",\"position\":2,\"name\":\"Amazon gaat drie distributiecentra bouwen in Polen\"}]},{\"@type\":\"WebSite\",\"@id\":\"https:\\\/\\\/www.retaildetail.be\\\/nl\\\/#website\",\"url\":\"https:\\\/\\\/www.retaildetail.be\\\/nl\\\/\",\"name\":\"RetailDetail BE\",\"description\":\"News\",\"publisher\":{\"@id\":\"https:\\\/\\\/www.retaildetail.be\\\/nl\\\/#organization\"},\"potentialAction\":[{\"@type\":\"SearchAction\",\"target\":{\"@type\":\"EntryPoint\",\"urlTemplate\":\"https:\\\/\\\/www.retaildetail.be\\\/nl\\\/?s={search_term_string}\"},\"query-input\":{\"@type\":\"PropertyValueSpecification\",\"valueRequired\":true,\"valueName\":\"search_term_string\"}}],\"inLanguage\":\"nl-NL\"},{\"@type\":\"Organization\",\"@id\":\"https:\\\/\\\/www.retaildetail.be\\\/nl\\\/#organization\",\"name\":\"RetailDetail BE\",\"url\":\"https:\\\/\\\/www.retaildetail.be\\\/nl\\\/\",\"logo\":{\"@type\":\"ImageObject\",\"inLanguage\":\"nl-NL\",\"@id\":\"https:\\\/\\\/www.retaildetail.be\\\/nl\\\/#\\\/schema\\\/logo\\\/image\\\/\",\"url\":\"https:\\\/\\\/www.retaildetail.be\\\/wp-content\\\/uploads\\\/2022\\\/04\\\/logo.svg\",\"contentUrl\":\"https:\\\/\\\/www.retaildetail.be\\\/wp-content\\\/uploads\\\/2022\\\/04\\\/logo.svg\",\"width\":131,\"height\":70,\"caption\":\"RetailDetail BE\"},\"image\":{\"@id\":\"https:\\\/\\\/www.retaildetail.be\\\/nl\\\/#\\\/schema\\\/logo\\\/image\\\/\"}},{\"@type\":\"Person\",\"@id\":\"https:\\\/\\\/www.retaildetail.be\\\/nl\\\/#\\\/schema\\\/person\\\/ba2d383452a753a3a1ce8cdb349b5fc9\",\"name\":\"dev@grandiz.com\",\"image\":{\"@type\":\"ImageObject\",\"inLanguage\":\"nl-NL\",\"@id\":\"https:\\\/\\\/secure.gravatar.com\\\/avatar\\\/5f53ce9fb6eed4a60e5aaaa712be8773880fa9459d9cac9bc4aa4fdbce3f447f?s=96&d=mm&r=g\",\"url\":\"https:\\\/\\\/secure.gravatar.com\\\/avatar\\\/5f53ce9fb6eed4a60e5aaaa712be8773880fa9459d9cac9bc4aa4fdbce3f447f?s=96&d=mm&r=g\",\"contentUrl\":\"https:\\\/\\\/secure.gravatar.com\\\/avatar\\\/5f53ce9fb6eed4a60e5aaaa712be8773880fa9459d9cac9bc4aa4fdbce3f447f?s=96&d=mm&r=g\",\"caption\":\"dev@grandiz.com\"},\"sameAs\":[\"http:\\\/\\\/preprod.retaildetail.be\"],\"url\":\"https:\\\/\\\/www.retaildetail.be\\\/nl\\\/author\\\/devgrandiz-com\\\/\"}]}<\/script>\n<!-- \/ Yoast SEO plugin. -->","yoast_head_json":{"title":"Amazon gaat drie distributiecentra bouwen in Polen - RetailDetail BE","robots":{"index":"index","follow":"follow","max-snippet":"max-snippet:-1","max-image-preview":"max-image-preview:large","max-video-preview":"max-video-preview:-1"},"canonical":"https:\/\/www.retaildetail.be\/nl\/news\/m-tail\/amazon-gaat-drie-distributiecentra-bouwen-polen\/","og_locale":"nl_NL","og_type":"article","og_title":"Amazon gaat drie distributiecentra bouwen in Polen - RetailDetail BE","og_description":"2.000 voltijdse krachten Amazon heeft al meer dan twintig distributiecentra in Europa en heeft nu aangekondigd &#8220;honderden miljoenen euro&#8217;s&#8221; te investeren in de bouw van drie nieuwe distributiecentra in Polen. Twee daarvan (bij Wroc\u0142aw en bij Pozna\u0144) zouden in augustus 2014 de deuren moeten openen, het derde (eveneens bij Wroc\u0142aw) midden 2015. \u00a0 In elk [&hellip;]","og_url":"https:\/\/www.retaildetail.be\/nl\/news\/m-tail\/amazon-gaat-drie-distributiecentra-bouwen-polen\/","og_site_name":"RetailDetail BE","article_published_time":"2013-10-08T07:03:15+00:00","og_image":[{"width":281,"height":147,"url":"https:\/\/i0.wp.com\/www.retaildetail.be\/wp-content\/uploads\/2022\/04\/logo.png?fit=281%2C147&quality=100&strip=all&ssl=1","type":"image\/png"}],"author":"dev@grandiz.com","twitter_card":"summary_large_image","twitter_misc":{"Geschreven door":"dev@grandiz.com","Geschatte leestijd":"1 minuut"},"schema":{"@context":"https:\/\/schema.org","@graph":[{"@type":"NewsArticle","@id":"https:\/\/www.retaildetail.be\/nl\/news\/m-tail\/amazon-gaat-drie-distributiecentra-bouwen-polen\/#article","isPartOf":{"@id":"https:\/\/www.retaildetail.be\/nl\/news\/m-tail\/amazon-gaat-drie-distributiecentra-bouwen-polen\/"},"author":{"name":"dev@grandiz.com","@id":"https:\/\/www.retaildetail.be\/nl\/#\/schema\/person\/ba2d383452a753a3a1ce8cdb349b5fc9"},"headline":"Amazon gaat drie distributiecentra bouwen in Polen","datePublished":"2013-10-08T07:03:15+00:00","mainEntityOfPage":{"@id":"https:\/\/www.retaildetail.be\/nl\/news\/m-tail\/amazon-gaat-drie-distributiecentra-bouwen-polen\/"},"wordCount":277,"publisher":{"@id":"https:\/\/www.retaildetail.be\/nl\/#organization"},"image":{"@id":"https:\/\/www.retaildetail.be\/nl\/news\/m-tail\/amazon-gaat-drie-distributiecentra-bouwen-polen\/#primaryimage"},"thumbnailUrl":"https:\/\/www.retaildetail.be\/wp-content\/uploads\/2022\/04\/logo.png","articleSection":["m-Tail"],"inLanguage":"nl-NL","copyrightYear":"2013","copyrightHolder":{"@id":"https:\/\/www.retaildetail.be\/#organization"}},{"@type":"WebPage","@id":"https:\/\/www.retaildetail.be\/nl\/news\/m-tail\/amazon-gaat-drie-distributiecentra-bouwen-polen\/","url":"https:\/\/www.retaildetail.be\/nl\/news\/m-tail\/amazon-gaat-drie-distributiecentra-bouwen-polen\/","name":"Amazon gaat drie distributiecentra bouwen in Polen - RetailDetail BE","isPartOf":{"@id":"https:\/\/www.retaildetail.be\/nl\/#website"},"primaryImageOfPage":{"@id":"https:\/\/www.retaildetail.be\/nl\/news\/m-tail\/amazon-gaat-drie-distributiecentra-bouwen-polen\/#primaryimage"},"image":{"@id":"https:\/\/www.retaildetail.be\/nl\/news\/m-tail\/amazon-gaat-drie-distributiecentra-bouwen-polen\/#primaryimage"},"thumbnailUrl":"https:\/\/www.retaildetail.be\/wp-content\/uploads\/2022\/04\/logo.png","datePublished":"2013-10-08T07:03:15+00:00","breadcrumb":{"@id":"https:\/\/www.retaildetail.be\/nl\/news\/m-tail\/amazon-gaat-drie-distributiecentra-bouwen-polen\/#breadcrumb"},"inLanguage":"nl-NL","potentialAction":[{"@type":"ReadAction","target":["https:\/\/www.retaildetail.be\/nl\/news\/m-tail\/amazon-gaat-drie-distributiecentra-bouwen-polen\/"]}]},{"@type":"ImageObject","inLanguage":"nl-NL","@id":"https:\/\/www.retaildetail.be\/nl\/news\/m-tail\/amazon-gaat-drie-distributiecentra-bouwen-polen\/#primaryimage","url":"https:\/\/www.retaildetail.be\/wp-content\/uploads\/2022\/04\/logo.png","contentUrl":"https:\/\/www.retaildetail.be\/wp-content\/uploads\/2022\/04\/logo.png","width":281,"height":147},{"@type":"BreadcrumbList","@id":"https:\/\/www.retaildetail.be\/nl\/news\/m-tail\/amazon-gaat-drie-distributiecentra-bouwen-polen\/#breadcrumb","itemListElement":[{"@type":"ListItem","position":1,"name":"Home","item":"https:\/\/www.retaildetail.be\/nl\/"},{"@type":"ListItem","position":2,"name":"Amazon gaat drie distributiecentra bouwen in Polen"}]},{"@type":"WebSite","@id":"https:\/\/www.retaildetail.be\/nl\/#website","url":"https:\/\/www.retaildetail.be\/nl\/","name":"RetailDetail BE","description":"News","publisher":{"@id":"https:\/\/www.retaildetail.be\/nl\/#organization"},"potentialAction":[{"@type":"SearchAction","target":{"@type":"EntryPoint","urlTemplate":"https:\/\/www.retaildetail.be\/nl\/?s={search_term_string}"},"query-input":{"@type":"PropertyValueSpecification","valueRequired":true,"valueName":"search_term_string"}}],"inLanguage":"nl-NL"},{"@type":"Organization","@id":"https:\/\/www.retaildetail.be\/nl\/#organization","name":"RetailDetail BE","url":"https:\/\/www.retaildetail.be\/nl\/","logo":{"@type":"ImageObject","inLanguage":"nl-NL","@id":"https:\/\/www.retaildetail.be\/nl\/#\/schema\/logo\/image\/","url":"https:\/\/www.retaildetail.be\/wp-content\/uploads\/2022\/04\/logo.svg","contentUrl":"https:\/\/www.retaildetail.be\/wp-content\/uploads\/2022\/04\/logo.svg","width":131,"height":70,"caption":"RetailDetail BE"},"image":{"@id":"https:\/\/www.retaildetail.be\/nl\/#\/schema\/logo\/image\/"}},{"@type":"Person","@id":"https:\/\/www.retaildetail.be\/nl\/#\/schema\/person\/ba2d383452a753a3a1ce8cdb349b5fc9","name":"dev@grandiz.com","image":{"@type":"ImageObject","inLanguage":"nl-NL","@id":"https:\/\/secure.gravatar.com\/avatar\/5f53ce9fb6eed4a60e5aaaa712be8773880fa9459d9cac9bc4aa4fdbce3f447f?s=96&d=mm&r=g","url":"https:\/\/secure.gravatar.com\/avatar\/5f53ce9fb6eed4a60e5aaaa712be8773880fa9459d9cac9bc4aa4fdbce3f447f?s=96&d=mm&r=g","contentUrl":"https:\/\/secure.gravatar.com\/avatar\/5f53ce9fb6eed4a60e5aaaa712be8773880fa9459d9cac9bc4aa4fdbce3f447f?s=96&d=mm&r=g","caption":"dev@grandiz.com"},"sameAs":["http:\/\/preprod.retaildetail.be"],"url":"https:\/\/www.retaildetail.be\/nl\/author\/devgrandiz-com\/"}]}},"jetpack_featured_media_url":"https:\/\/www.retaildetail.be\/wp-content\/uploads\/2022\/04\/logo.png","jetpack_sharing_enabled":true,"_links":{"self":[{"href":"https:\/\/www.retaildetail.be\/nl\/wp-json\/wp\/v2\/posts\/4106","targetHints":{"allow":["GET"]}}],"collection":[{"href":"https:\/\/www.retaildetail.be\/nl\/wp-json\/wp\/v2\/posts"}],"about":[{"href":"https:\/\/www.retaildetail.be\/nl\/wp-json\/wp\/v2\/types\/post"}],"author":[{"embeddable":true,"href":"https:\/\/www.retaildetail.be\/nl\/wp-json\/wp\/v2\/users\/1"}],"replies":[{"embeddable":true,"href":"https:\/\/www.retaildetail.be\/nl\/wp-json\/wp\/v2\/comments?post=4106"}],"version-history":[{"count":0,"href":"https:\/\/www.retaildetail.be\/nl\/wp-json\/wp\/v2\/posts\/4106\/revisions"}],"wp:featuredmedia":[{"embeddable":true,"href":"https:\/\/www.retaildetail.be\/nl\/wp-json\/wp\/v2\/media\/84"}],"wp:attachment":[{"href":"https:\/\/www.retaildetail.be\/nl\/wp-json\/wp\/v2\/media?parent=4106"}],"wp:term":[{"taxonomy":"category","embeddable":true,"href":"https:\/\/www.retaildetail.be\/nl\/wp-json\/wp\/v2\/categories?post=4106"},{"taxonomy":"post_tag","embeddable":true,"href":"https:\/\/www.retaildetail.be\/nl\/wp-json\/wp\/v2\/tags?post=4106"},{"taxonomy":"people","embeddable":true,"href":"https:\/\/www.retaildetail.be\/nl\/wp-json\/wp\/v2\/people?post=4106"},{"taxonomy":"extra","embeddable":true,"href":"https:\/\/www.retaildetail.be\/nl\/wp-json\/wp\/v2\/extra?post=4106"},{"taxonomy":"company","embeddable":true,"href":"https:\/\/www.retaildetail.be\/nl\/wp-json\/wp\/v2\/company?post=4106"},{"taxonomy":"topic","embeddable":true,"href":"https:\/\/www.retaildetail.be\/nl\/wp-json\/wp\/v2\/topic?post=4106"},{"taxonomy":"region","embeddable":true,"href":"https:\/\/www.retaildetail.be\/nl\/wp-json\/wp\/v2\/region?post=4106"}],"curies":[{"name":"wp","href":"https:\/\/api.w.org\/{rel}","templated":true}]}}