{"id":417,"date":"2011-03-16T09:51:20","date_gmt":"2011-03-16T09:51:20","guid":{"rendered":"https:\/\/www.retaildetail.be\/algemeen\/belgische-cafes-rookvrij-vanaf-1-juli\/"},"modified":"2011-03-16T09:51:20","modified_gmt":"2011-03-16T09:51:20","slug":"belgische-cafes-rookvrij-vanaf-1-juli","status":"publish","type":"post","link":"https:\/\/www.retaildetail.be\/nl\/news\/algemeen\/belgische-cafes-rookvrij-vanaf-1-juli\/","title":{"rendered":"Belgische caf\u00e9s rookvrij vanaf 1 juli"},"content":{"rendered":"<p><img loading=\"lazy\" decoding=\"async\" src=\"\/sites\/default\/files\/spacer.png\" width=\"200\" height=\"133\" title=\"\" alt=\"\" align=\"left\" style=\"margin-bottom: 10px;margin-right: 10px\" \/>1 juli wordt een blije dag voor de longen van caf\u00e9bezoekend Belgi\u00eb. Die dag wordt immers, drie jaar vroeger dan gepland, een rookverbod in caf\u00e9s van kracht. Het Grondwettelijk Hof gaat daarmee in op een vraag van de Vlaamse Liga tegen kanker. De discriminatie tussen werknemers in restaurants en werknemers in caf\u00e9s wordt opgeheven, waardoor ook die laatsten nu beschermd zijn tegen tabaksrook op de werkvloer.<\/p>\n<p>\u00a0<\/p>\n<h2>Uitzonderingen van 2009 verdwijnen<\/h2>\n<p>Met deze uitspraak komt een einde aan de bizarre situatie die sinds 2009 bestond. Toen werd immers een rookverbod uitgevaardigd in de horeca, behalve &#8220;voor caf\u00e9s die geen vers voedsel serveren&#8221;. Daar zou het rookverbod pas in 2014 ingaan. De CD&amp;V had toen al geprobeerd een volledig rookverbod door de Kamer te krijgen, maar dat lukte toen niet. Nu reageert de partij, bij monde van Kamerlid Nathalie Muylle, dan ook positief. &#8220;Wij wilden ook toen al een algemeen rookverbod, maar moesten toen instemmen met een compromis. Het Hof toont nu ons gelijk&#8221;.\u00a0<\/p>\n<p>\u00a0<\/p>\n<p>Uiteraard was ook de Liga, die de klacht geformuleerd had, zeer tevreden. &#8220;Het Hof volgt ons in de redenering dat de uitzonderingen in de rookwet enkel van economische aard waren en niets te maken hadden met de volksgezondheid, het eigenlijke doel van de wet. Dit is een baanbrekend arrest, en een blaam voor de politici die in 2009 niet wilden instemmen met een volledig rookverbod&#8221;.\u00a0<\/p>\n<p>\u00a0<\/p>\n<h2>Rookkamer zonder bediening\u00a0<\/h2>\n<p>Helemaal algemeen is het rookverbod trouwens nog niet: caf\u00e9s krijgen nu een aanpassingsperiode van een kleine drie maanden om een aparte rookkamer te installeren. <img loading=\"lazy\" decoding=\"async\" src=\"\/sites\/default\/files\/spacer.png\" width=\"200\" height=\"133\" title=\"\" alt=\"\" align=\"right\" style=\"margin-top: 10px;margin-bottom: 10px;margin-left: 10px\" \/>\u00a0Daarin moet een afzuiginstallatie aanwezig zijn en bediening van klanten in die rookkamer is verboden. Toch is dat niet genoeg om de kritiek, uit verwachte hoek, te smoren. Dedecker vindt dat rokers &#8220;gedegradeerd worden tot illegalen in hun eigen stamkroeg&#8221; en ook het VB vindt dit &#8220;discriminatie&#8221;.\u00a0<\/p>\n<p>\u00a0<\/p>\n<p>Met dit arrest voegt Belgi\u00eb zich alleszins toe aan een steeds langer wordende lijst van landen waarin roken in caf\u00e9s verboden is. Ierland was in 2004 de Europese trendsetter, landen als Itali\u00eb en Turkije (ondanks het gezegde) volgden later. De eerste studies tonen trouwens aan dat het rookverbod in caf\u00e9s, als het algemeen wordt nageleefd, nauwelijks een meetbaar effect heeft op de omzetcijfers. Een onmiddellijke verandering was er enkel&#8230; in de gezondheidscijfers.<\/p>\n<div>\u00a0<\/div>\n","protected":false},"excerpt":{"rendered":"<p>1 juli wordt een blije dag voor de longen van caf\u00e9bezoekend Belgi\u00eb. Die dag wordt immers, drie jaar vroeger dan gepland, een rookverbod in caf\u00e9s van kracht. Het Grondwettelijk Hof gaat daarmee in op een vraag van de Vlaamse Liga tegen kanker. De discriminatie tussen werknemers in restaurants en werknemers in caf\u00e9s wordt opgeheven, waardoor [&hellip;]<\/p>\n","protected":false},"author":1,"featured_media":84,"comment_status":"closed","ping_status":"closed","sticky":false,"template":"","format":"standard","meta":{"_acf_changed":false,"inline_featured_image":false,"_jetpack_memberships_contains_paid_content":false,"footnotes":""},"categories":[15],"tags":[],"people":[],"extra":[],"company":[],"topic":[],"region":[],"class_list":["post-417","post","type-post","status-publish","format-standard","has-post-thumbnail","hentry","category-algemeen"],"acf":[],"yoast_head":"<!-- This site is optimized with the Yoast SEO plugin v27.3 - https:\/\/yoast.com\/product\/yoast-seo-wordpress\/ -->\n<title>Belgische caf\u00e9s rookvrij vanaf 1 juli - RetailDetail BE<\/title>\n<meta name=\"robots\" content=\"index, follow, max-snippet:-1, max-image-preview:large, max-video-preview:-1\" \/>\n<link rel=\"canonical\" href=\"https:\/\/www.retaildetail.be\/nl\/news\/algemeen\/belgische-cafes-rookvrij-vanaf-1-juli\/\" \/>\n<meta property=\"og:locale\" content=\"nl_NL\" \/>\n<meta property=\"og:type\" content=\"article\" \/>\n<meta property=\"og:title\" content=\"Belgische caf\u00e9s rookvrij vanaf 1 juli - RetailDetail BE\" \/>\n<meta property=\"og:description\" content=\"1 juli wordt een blije dag voor de longen van caf\u00e9bezoekend Belgi\u00eb. Die dag wordt immers, drie jaar vroeger dan gepland, een rookverbod in caf\u00e9s van kracht. Het Grondwettelijk Hof gaat daarmee in op een vraag van de Vlaamse Liga tegen kanker. De discriminatie tussen werknemers in restaurants en werknemers in caf\u00e9s wordt opgeheven, waardoor [&hellip;]\" \/>\n<meta property=\"og:url\" content=\"https:\/\/www.retaildetail.be\/nl\/news\/algemeen\/belgische-cafes-rookvrij-vanaf-1-juli\/\" \/>\n<meta property=\"og:site_name\" content=\"RetailDetail BE\" \/>\n<meta property=\"article:published_time\" content=\"2011-03-16T09:51:20+00:00\" \/>\n<meta property=\"og:image\" content=\"https:\/\/i0.wp.com\/www.retaildetail.be\/wp-content\/uploads\/2022\/04\/logo.png?fit=281%2C147&quality=100&strip=all&ssl=1\" \/>\n\t<meta property=\"og:image:width\" content=\"281\" \/>\n\t<meta property=\"og:image:height\" content=\"147\" \/>\n\t<meta property=\"og:image:type\" content=\"image\/png\" \/>\n<meta name=\"author\" content=\"dev@grandiz.com\" \/>\n<meta name=\"twitter:card\" content=\"summary_large_image\" \/>\n<meta name=\"twitter:label1\" content=\"Geschreven door\" \/>\n\t<meta name=\"twitter:data1\" content=\"dev@grandiz.com\" \/>\n\t<meta name=\"twitter:label2\" content=\"Geschatte leestijd\" \/>\n\t<meta name=\"twitter:data2\" content=\"2 minuten\" \/>\n<script type=\"application\/ld+json\" class=\"yoast-schema-graph\">{\"@context\":\"https:\\\/\\\/schema.org\",\"@graph\":[{\"@type\":\"NewsArticle\",\"@id\":\"https:\\\/\\\/www.retaildetail.be\\\/nl\\\/news\\\/algemeen\\\/belgische-cafes-rookvrij-vanaf-1-juli\\\/#article\",\"isPartOf\":{\"@id\":\"https:\\\/\\\/www.retaildetail.be\\\/nl\\\/news\\\/algemeen\\\/belgische-cafes-rookvrij-vanaf-1-juli\\\/\"},\"author\":{\"name\":\"dev@grandiz.com\",\"@id\":\"https:\\\/\\\/www.retaildetail.be\\\/nl\\\/#\\\/schema\\\/person\\\/ba2d383452a753a3a1ce8cdb349b5fc9\"},\"headline\":\"Belgische caf\u00e9s rookvrij vanaf 1 juli\",\"datePublished\":\"2011-03-16T09:51:20+00:00\",\"mainEntityOfPage\":{\"@id\":\"https:\\\/\\\/www.retaildetail.be\\\/nl\\\/news\\\/algemeen\\\/belgische-cafes-rookvrij-vanaf-1-juli\\\/\"},\"wordCount\":382,\"publisher\":{\"@id\":\"https:\\\/\\\/www.retaildetail.be\\\/nl\\\/#organization\"},\"image\":{\"@id\":\"https:\\\/\\\/www.retaildetail.be\\\/nl\\\/news\\\/algemeen\\\/belgische-cafes-rookvrij-vanaf-1-juli\\\/#primaryimage\"},\"thumbnailUrl\":\"https:\\\/\\\/www.retaildetail.be\\\/wp-content\\\/uploads\\\/2022\\\/04\\\/logo.png\",\"articleSection\":[\"Algemeen\"],\"inLanguage\":\"nl-NL\",\"copyrightYear\":\"2011\",\"copyrightHolder\":{\"@id\":\"https:\\\/\\\/www.retaildetail.be\\\/#organization\"}},{\"@type\":\"WebPage\",\"@id\":\"https:\\\/\\\/www.retaildetail.be\\\/nl\\\/news\\\/algemeen\\\/belgische-cafes-rookvrij-vanaf-1-juli\\\/\",\"url\":\"https:\\\/\\\/www.retaildetail.be\\\/nl\\\/news\\\/algemeen\\\/belgische-cafes-rookvrij-vanaf-1-juli\\\/\",\"name\":\"Belgische caf\u00e9s rookvrij vanaf 1 juli - RetailDetail BE\",\"isPartOf\":{\"@id\":\"https:\\\/\\\/www.retaildetail.be\\\/nl\\\/#website\"},\"primaryImageOfPage\":{\"@id\":\"https:\\\/\\\/www.retaildetail.be\\\/nl\\\/news\\\/algemeen\\\/belgische-cafes-rookvrij-vanaf-1-juli\\\/#primaryimage\"},\"image\":{\"@id\":\"https:\\\/\\\/www.retaildetail.be\\\/nl\\\/news\\\/algemeen\\\/belgische-cafes-rookvrij-vanaf-1-juli\\\/#primaryimage\"},\"thumbnailUrl\":\"https:\\\/\\\/www.retaildetail.be\\\/wp-content\\\/uploads\\\/2022\\\/04\\\/logo.png\",\"datePublished\":\"2011-03-16T09:51:20+00:00\",\"breadcrumb\":{\"@id\":\"https:\\\/\\\/www.retaildetail.be\\\/nl\\\/news\\\/algemeen\\\/belgische-cafes-rookvrij-vanaf-1-juli\\\/#breadcrumb\"},\"inLanguage\":\"nl-NL\",\"potentialAction\":[{\"@type\":\"ReadAction\",\"target\":[\"https:\\\/\\\/www.retaildetail.be\\\/nl\\\/news\\\/algemeen\\\/belgische-cafes-rookvrij-vanaf-1-juli\\\/\"]}]},{\"@type\":\"ImageObject\",\"inLanguage\":\"nl-NL\",\"@id\":\"https:\\\/\\\/www.retaildetail.be\\\/nl\\\/news\\\/algemeen\\\/belgische-cafes-rookvrij-vanaf-1-juli\\\/#primaryimage\",\"url\":\"https:\\\/\\\/www.retaildetail.be\\\/wp-content\\\/uploads\\\/2022\\\/04\\\/logo.png\",\"contentUrl\":\"https:\\\/\\\/www.retaildetail.be\\\/wp-content\\\/uploads\\\/2022\\\/04\\\/logo.png\",\"width\":281,\"height\":147},{\"@type\":\"BreadcrumbList\",\"@id\":\"https:\\\/\\\/www.retaildetail.be\\\/nl\\\/news\\\/algemeen\\\/belgische-cafes-rookvrij-vanaf-1-juli\\\/#breadcrumb\",\"itemListElement\":[{\"@type\":\"ListItem\",\"position\":1,\"name\":\"Home\",\"item\":\"https:\\\/\\\/www.retaildetail.be\\\/nl\\\/\"},{\"@type\":\"ListItem\",\"position\":2,\"name\":\"Belgische caf\u00e9s rookvrij vanaf 1 juli\"}]},{\"@type\":\"WebSite\",\"@id\":\"https:\\\/\\\/www.retaildetail.be\\\/nl\\\/#website\",\"url\":\"https:\\\/\\\/www.retaildetail.be\\\/nl\\\/\",\"name\":\"RetailDetail BE\",\"description\":\"News\",\"publisher\":{\"@id\":\"https:\\\/\\\/www.retaildetail.be\\\/nl\\\/#organization\"},\"potentialAction\":[{\"@type\":\"SearchAction\",\"target\":{\"@type\":\"EntryPoint\",\"urlTemplate\":\"https:\\\/\\\/www.retaildetail.be\\\/nl\\\/?s={search_term_string}\"},\"query-input\":{\"@type\":\"PropertyValueSpecification\",\"valueRequired\":true,\"valueName\":\"search_term_string\"}}],\"inLanguage\":\"nl-NL\"},{\"@type\":\"Organization\",\"@id\":\"https:\\\/\\\/www.retaildetail.be\\\/nl\\\/#organization\",\"name\":\"RetailDetail BE\",\"url\":\"https:\\\/\\\/www.retaildetail.be\\\/nl\\\/\",\"logo\":{\"@type\":\"ImageObject\",\"inLanguage\":\"nl-NL\",\"@id\":\"https:\\\/\\\/www.retaildetail.be\\\/nl\\\/#\\\/schema\\\/logo\\\/image\\\/\",\"url\":\"https:\\\/\\\/www.retaildetail.be\\\/wp-content\\\/uploads\\\/2022\\\/04\\\/logo.svg\",\"contentUrl\":\"https:\\\/\\\/www.retaildetail.be\\\/wp-content\\\/uploads\\\/2022\\\/04\\\/logo.svg\",\"width\":131,\"height\":70,\"caption\":\"RetailDetail BE\"},\"image\":{\"@id\":\"https:\\\/\\\/www.retaildetail.be\\\/nl\\\/#\\\/schema\\\/logo\\\/image\\\/\"}},{\"@type\":\"Person\",\"@id\":\"https:\\\/\\\/www.retaildetail.be\\\/nl\\\/#\\\/schema\\\/person\\\/ba2d383452a753a3a1ce8cdb349b5fc9\",\"name\":\"dev@grandiz.com\",\"image\":{\"@type\":\"ImageObject\",\"inLanguage\":\"nl-NL\",\"@id\":\"https:\\\/\\\/secure.gravatar.com\\\/avatar\\\/5f53ce9fb6eed4a60e5aaaa712be8773880fa9459d9cac9bc4aa4fdbce3f447f?s=96&d=mm&r=g\",\"url\":\"https:\\\/\\\/secure.gravatar.com\\\/avatar\\\/5f53ce9fb6eed4a60e5aaaa712be8773880fa9459d9cac9bc4aa4fdbce3f447f?s=96&d=mm&r=g\",\"contentUrl\":\"https:\\\/\\\/secure.gravatar.com\\\/avatar\\\/5f53ce9fb6eed4a60e5aaaa712be8773880fa9459d9cac9bc4aa4fdbce3f447f?s=96&d=mm&r=g\",\"caption\":\"dev@grandiz.com\"},\"sameAs\":[\"http:\\\/\\\/preprod.retaildetail.be\"],\"url\":\"https:\\\/\\\/www.retaildetail.be\\\/nl\\\/author\\\/devgrandiz-com\\\/\"}]}<\/script>\n<!-- \/ Yoast SEO plugin. -->","yoast_head_json":{"title":"Belgische caf\u00e9s rookvrij vanaf 1 juli - RetailDetail BE","robots":{"index":"index","follow":"follow","max-snippet":"max-snippet:-1","max-image-preview":"max-image-preview:large","max-video-preview":"max-video-preview:-1"},"canonical":"https:\/\/www.retaildetail.be\/nl\/news\/algemeen\/belgische-cafes-rookvrij-vanaf-1-juli\/","og_locale":"nl_NL","og_type":"article","og_title":"Belgische caf\u00e9s rookvrij vanaf 1 juli - RetailDetail BE","og_description":"1 juli wordt een blije dag voor de longen van caf\u00e9bezoekend Belgi\u00eb. Die dag wordt immers, drie jaar vroeger dan gepland, een rookverbod in caf\u00e9s van kracht. Het Grondwettelijk Hof gaat daarmee in op een vraag van de Vlaamse Liga tegen kanker. De discriminatie tussen werknemers in restaurants en werknemers in caf\u00e9s wordt opgeheven, waardoor [&hellip;]","og_url":"https:\/\/www.retaildetail.be\/nl\/news\/algemeen\/belgische-cafes-rookvrij-vanaf-1-juli\/","og_site_name":"RetailDetail BE","article_published_time":"2011-03-16T09:51:20+00:00","og_image":[{"width":281,"height":147,"url":"https:\/\/i0.wp.com\/www.retaildetail.be\/wp-content\/uploads\/2022\/04\/logo.png?fit=281%2C147&quality=100&strip=all&ssl=1","type":"image\/png"}],"author":"dev@grandiz.com","twitter_card":"summary_large_image","twitter_misc":{"Geschreven door":"dev@grandiz.com","Geschatte leestijd":"2 minuten"},"schema":{"@context":"https:\/\/schema.org","@graph":[{"@type":"NewsArticle","@id":"https:\/\/www.retaildetail.be\/nl\/news\/algemeen\/belgische-cafes-rookvrij-vanaf-1-juli\/#article","isPartOf":{"@id":"https:\/\/www.retaildetail.be\/nl\/news\/algemeen\/belgische-cafes-rookvrij-vanaf-1-juli\/"},"author":{"name":"dev@grandiz.com","@id":"https:\/\/www.retaildetail.be\/nl\/#\/schema\/person\/ba2d383452a753a3a1ce8cdb349b5fc9"},"headline":"Belgische caf\u00e9s rookvrij vanaf 1 juli","datePublished":"2011-03-16T09:51:20+00:00","mainEntityOfPage":{"@id":"https:\/\/www.retaildetail.be\/nl\/news\/algemeen\/belgische-cafes-rookvrij-vanaf-1-juli\/"},"wordCount":382,"publisher":{"@id":"https:\/\/www.retaildetail.be\/nl\/#organization"},"image":{"@id":"https:\/\/www.retaildetail.be\/nl\/news\/algemeen\/belgische-cafes-rookvrij-vanaf-1-juli\/#primaryimage"},"thumbnailUrl":"https:\/\/www.retaildetail.be\/wp-content\/uploads\/2022\/04\/logo.png","articleSection":["Algemeen"],"inLanguage":"nl-NL","copyrightYear":"2011","copyrightHolder":{"@id":"https:\/\/www.retaildetail.be\/#organization"}},{"@type":"WebPage","@id":"https:\/\/www.retaildetail.be\/nl\/news\/algemeen\/belgische-cafes-rookvrij-vanaf-1-juli\/","url":"https:\/\/www.retaildetail.be\/nl\/news\/algemeen\/belgische-cafes-rookvrij-vanaf-1-juli\/","name":"Belgische caf\u00e9s rookvrij vanaf 1 juli - RetailDetail BE","isPartOf":{"@id":"https:\/\/www.retaildetail.be\/nl\/#website"},"primaryImageOfPage":{"@id":"https:\/\/www.retaildetail.be\/nl\/news\/algemeen\/belgische-cafes-rookvrij-vanaf-1-juli\/#primaryimage"},"image":{"@id":"https:\/\/www.retaildetail.be\/nl\/news\/algemeen\/belgische-cafes-rookvrij-vanaf-1-juli\/#primaryimage"},"thumbnailUrl":"https:\/\/www.retaildetail.be\/wp-content\/uploads\/2022\/04\/logo.png","datePublished":"2011-03-16T09:51:20+00:00","breadcrumb":{"@id":"https:\/\/www.retaildetail.be\/nl\/news\/algemeen\/belgische-cafes-rookvrij-vanaf-1-juli\/#breadcrumb"},"inLanguage":"nl-NL","potentialAction":[{"@type":"ReadAction","target":["https:\/\/www.retaildetail.be\/nl\/news\/algemeen\/belgische-cafes-rookvrij-vanaf-1-juli\/"]}]},{"@type":"ImageObject","inLanguage":"nl-NL","@id":"https:\/\/www.retaildetail.be\/nl\/news\/algemeen\/belgische-cafes-rookvrij-vanaf-1-juli\/#primaryimage","url":"https:\/\/www.retaildetail.be\/wp-content\/uploads\/2022\/04\/logo.png","contentUrl":"https:\/\/www.retaildetail.be\/wp-content\/uploads\/2022\/04\/logo.png","width":281,"height":147},{"@type":"BreadcrumbList","@id":"https:\/\/www.retaildetail.be\/nl\/news\/algemeen\/belgische-cafes-rookvrij-vanaf-1-juli\/#breadcrumb","itemListElement":[{"@type":"ListItem","position":1,"name":"Home","item":"https:\/\/www.retaildetail.be\/nl\/"},{"@type":"ListItem","position":2,"name":"Belgische caf\u00e9s rookvrij vanaf 1 juli"}]},{"@type":"WebSite","@id":"https:\/\/www.retaildetail.be\/nl\/#website","url":"https:\/\/www.retaildetail.be\/nl\/","name":"RetailDetail BE","description":"News","publisher":{"@id":"https:\/\/www.retaildetail.be\/nl\/#organization"},"potentialAction":[{"@type":"SearchAction","target":{"@type":"EntryPoint","urlTemplate":"https:\/\/www.retaildetail.be\/nl\/?s={search_term_string}"},"query-input":{"@type":"PropertyValueSpecification","valueRequired":true,"valueName":"search_term_string"}}],"inLanguage":"nl-NL"},{"@type":"Organization","@id":"https:\/\/www.retaildetail.be\/nl\/#organization","name":"RetailDetail BE","url":"https:\/\/www.retaildetail.be\/nl\/","logo":{"@type":"ImageObject","inLanguage":"nl-NL","@id":"https:\/\/www.retaildetail.be\/nl\/#\/schema\/logo\/image\/","url":"https:\/\/www.retaildetail.be\/wp-content\/uploads\/2022\/04\/logo.svg","contentUrl":"https:\/\/www.retaildetail.be\/wp-content\/uploads\/2022\/04\/logo.svg","width":131,"height":70,"caption":"RetailDetail BE"},"image":{"@id":"https:\/\/www.retaildetail.be\/nl\/#\/schema\/logo\/image\/"}},{"@type":"Person","@id":"https:\/\/www.retaildetail.be\/nl\/#\/schema\/person\/ba2d383452a753a3a1ce8cdb349b5fc9","name":"dev@grandiz.com","image":{"@type":"ImageObject","inLanguage":"nl-NL","@id":"https:\/\/secure.gravatar.com\/avatar\/5f53ce9fb6eed4a60e5aaaa712be8773880fa9459d9cac9bc4aa4fdbce3f447f?s=96&d=mm&r=g","url":"https:\/\/secure.gravatar.com\/avatar\/5f53ce9fb6eed4a60e5aaaa712be8773880fa9459d9cac9bc4aa4fdbce3f447f?s=96&d=mm&r=g","contentUrl":"https:\/\/secure.gravatar.com\/avatar\/5f53ce9fb6eed4a60e5aaaa712be8773880fa9459d9cac9bc4aa4fdbce3f447f?s=96&d=mm&r=g","caption":"dev@grandiz.com"},"sameAs":["http:\/\/preprod.retaildetail.be"],"url":"https:\/\/www.retaildetail.be\/nl\/author\/devgrandiz-com\/"}]}},"jetpack_featured_media_url":"https:\/\/www.retaildetail.be\/wp-content\/uploads\/2022\/04\/logo.png","jetpack_sharing_enabled":true,"_links":{"self":[{"href":"https:\/\/www.retaildetail.be\/nl\/wp-json\/wp\/v2\/posts\/417","targetHints":{"allow":["GET"]}}],"collection":[{"href":"https:\/\/www.retaildetail.be\/nl\/wp-json\/wp\/v2\/posts"}],"about":[{"href":"https:\/\/www.retaildetail.be\/nl\/wp-json\/wp\/v2\/types\/post"}],"author":[{"embeddable":true,"href":"https:\/\/www.retaildetail.be\/nl\/wp-json\/wp\/v2\/users\/1"}],"replies":[{"embeddable":true,"href":"https:\/\/www.retaildetail.be\/nl\/wp-json\/wp\/v2\/comments?post=417"}],"version-history":[{"count":0,"href":"https:\/\/www.retaildetail.be\/nl\/wp-json\/wp\/v2\/posts\/417\/revisions"}],"wp:featuredmedia":[{"embeddable":true,"href":"https:\/\/www.retaildetail.be\/nl\/wp-json\/wp\/v2\/media\/84"}],"wp:attachment":[{"href":"https:\/\/www.retaildetail.be\/nl\/wp-json\/wp\/v2\/media?parent=417"}],"wp:term":[{"taxonomy":"category","embeddable":true,"href":"https:\/\/www.retaildetail.be\/nl\/wp-json\/wp\/v2\/categories?post=417"},{"taxonomy":"post_tag","embeddable":true,"href":"https:\/\/www.retaildetail.be\/nl\/wp-json\/wp\/v2\/tags?post=417"},{"taxonomy":"people","embeddable":true,"href":"https:\/\/www.retaildetail.be\/nl\/wp-json\/wp\/v2\/people?post=417"},{"taxonomy":"extra","embeddable":true,"href":"https:\/\/www.retaildetail.be\/nl\/wp-json\/wp\/v2\/extra?post=417"},{"taxonomy":"company","embeddable":true,"href":"https:\/\/www.retaildetail.be\/nl\/wp-json\/wp\/v2\/company?post=417"},{"taxonomy":"topic","embeddable":true,"href":"https:\/\/www.retaildetail.be\/nl\/wp-json\/wp\/v2\/topic?post=417"},{"taxonomy":"region","embeddable":true,"href":"https:\/\/www.retaildetail.be\/nl\/wp-json\/wp\/v2\/region?post=417"}],"curies":[{"name":"wp","href":"https:\/\/api.w.org\/{rel}","templated":true}]}}