{"id":4408,"date":"2013-11-19T09:04:03","date_gmt":"2013-11-19T09:04:03","guid":{"rendered":"https:\/\/www.retaildetail.be\/wonen\/hubo-stapt-uit-kapitaal-bricoking\/"},"modified":"2013-11-19T09:04:03","modified_gmt":"2013-11-19T09:04:03","slug":"hubo-stapt-uit-kapitaal-bricoking","status":"publish","type":"post","link":"https:\/\/www.retaildetail.be\/nl\/news\/wonen\/hubo-stapt-uit-kapitaal-bricoking\/","title":{"rendered":"Hubo stapt uit kapitaal Bricoking"},"content":{"rendered":"<h2>&#8220;Zoals afgesproken&#8221;<\/h2>\n<p>Het <a href=\"http:\/\/www.lavozdegalicia.es\/noticia\/economia\/2013\/11\/15\/belga-hubo-sale-bricoking-capital-vuelve-100-ciento-gallego\/0003_20131120131115124337868.htm\" target=\"_blank\" rel=\"noopener\">vertrek van Hubo uit Bricoking<\/a> komt niet onverwacht: op 22 oktober meldde Bricoking al een <a href=\"http:\/\/www.laopinioncoruna.es\/economia\/2013\/10\/24\/directivos-belga-hubo-dejan-cargos\/775646.html\" target=\"_blank\" rel=\"noopener\">wijziging van zijn raad van bestuur<\/a>: de twee vertegenwoordigers van Hubo, Erwin Osta en Carl Liekens, vertrokken en oprichter Juan Jos\u00e9 Ja\u00e9n zou voortaan als enige bestuurder optreden. Nu heeft de Gallici\u00ebr de volledige controle over zijn DHZ-groep teruggekocht. Volgens die laatste was dat <strong>scenario destijds al afgesproken<\/strong>, toen Hubo de helft van Bricoking in handen kreeg.<\/p>\n<p>\u00a0<\/p>\n<p>Juan Jos\u00e9 Ja\u00e9n kijkt alvast met een tevreden gevoel terug op de samenwerking met de Belgen: niet alleen wist Bricoking in die periode zijn <strong>uitstaande schuld te halveren<\/strong>, er werd ook flink wat kennis uitgewisseld. Dat leidde in Spanje onder meer tot de uitrol van een franchisemodel \u2013 iets waar Hubo flink wat ervaring mee heeft \u2013 en de opstart van nieuwe winkelformules, zoals de kleinere stadswinkels Bricoking City.<\/p>\n<p>\u00a0<\/p>\n<h2>Gemengd bilan<\/h2>\n<p>Spaanse media wijzen er evenwel op dat het huwelijk de <strong>hooggespannen verwachtingen toch niet helemaal ingelost heeft<\/strong>. In 2009 telde Bricoking 26 verkooppunten in heel Spanje. Bij de intrede van de Belgen ambieerde de keten 102 vestigingen tegen 2015, goed voor 1.140 medewerkers en een omzet van 300 miljoen euro, maar Bricoking telt vandaag amper 35 vestigingen. Zes daarvan werden pas eind 2012 toegevoegd toen de groep concurrent Ardy uit Valencia overnam.<\/p>\n<p>\u00a0<\/p>\n<p>Bricoking-topman Ja\u00e9n sluit niet uit dat er de <strong>komende maanden &#8220;een herstructurering<\/strong> volgt om de rendabiliteit op te krikken&#8221;.<\/p>\n","protected":false},"excerpt":{"rendered":"<p>&#8220;Zoals afgesproken&#8221; Het vertrek van Hubo uit Bricoking komt niet onverwacht: op 22 oktober meldde Bricoking al een wijziging van zijn raad van bestuur: de twee vertegenwoordigers van Hubo, Erwin Osta en Carl Liekens, vertrokken en oprichter Juan Jos\u00e9 Ja\u00e9n zou voortaan als enige bestuurder optreden. Nu heeft de Gallici\u00ebr de volledige controle over zijn [&hellip;]<\/p>\n","protected":false},"author":1,"featured_media":84,"comment_status":"closed","ping_status":"closed","sticky":false,"template":"","format":"standard","meta":{"_acf_changed":false,"inline_featured_image":false,"_jetpack_memberships_contains_paid_content":false,"footnotes":""},"categories":[21],"tags":[],"people":[],"extra":[],"company":[],"topic":[],"region":[],"class_list":["post-4408","post","type-post","status-publish","format-standard","has-post-thumbnail","hentry","category-wonen"],"acf":[],"yoast_head":"<!-- This site is optimized with the Yoast SEO plugin v27.3 - https:\/\/yoast.com\/product\/yoast-seo-wordpress\/ -->\n<title>Hubo stapt uit kapitaal Bricoking - RetailDetail BE<\/title>\n<meta name=\"robots\" content=\"index, follow, max-snippet:-1, max-image-preview:large, max-video-preview:-1\" \/>\n<link rel=\"canonical\" href=\"https:\/\/www.retaildetail.be\/nl\/news\/wonen\/hubo-stapt-uit-kapitaal-bricoking\/\" \/>\n<meta property=\"og:locale\" content=\"nl_NL\" \/>\n<meta property=\"og:type\" content=\"article\" \/>\n<meta property=\"og:title\" content=\"Hubo stapt uit kapitaal Bricoking - RetailDetail BE\" \/>\n<meta property=\"og:description\" content=\"&#8220;Zoals afgesproken&#8221; Het vertrek van Hubo uit Bricoking komt niet onverwacht: op 22 oktober meldde Bricoking al een wijziging van zijn raad van bestuur: de twee vertegenwoordigers van Hubo, Erwin Osta en Carl Liekens, vertrokken en oprichter Juan Jos\u00e9 Ja\u00e9n zou voortaan als enige bestuurder optreden. Nu heeft de Gallici\u00ebr de volledige controle over zijn [&hellip;]\" \/>\n<meta property=\"og:url\" content=\"https:\/\/www.retaildetail.be\/nl\/news\/wonen\/hubo-stapt-uit-kapitaal-bricoking\/\" \/>\n<meta property=\"og:site_name\" content=\"RetailDetail BE\" \/>\n<meta property=\"article:published_time\" content=\"2013-11-19T09:04:03+00:00\" \/>\n<meta property=\"og:image\" content=\"https:\/\/i0.wp.com\/www.retaildetail.be\/wp-content\/uploads\/2022\/04\/logo.png?fit=281%2C147&quality=100&strip=all&ssl=1\" \/>\n\t<meta property=\"og:image:width\" content=\"281\" \/>\n\t<meta property=\"og:image:height\" content=\"147\" \/>\n\t<meta property=\"og:image:type\" content=\"image\/png\" \/>\n<meta name=\"author\" content=\"dev@grandiz.com\" \/>\n<meta name=\"twitter:card\" content=\"summary_large_image\" \/>\n<meta name=\"twitter:label1\" content=\"Geschreven door\" \/>\n\t<meta name=\"twitter:data1\" content=\"dev@grandiz.com\" \/>\n\t<meta name=\"twitter:label2\" content=\"Geschatte leestijd\" \/>\n\t<meta name=\"twitter:data2\" content=\"1 minuut\" \/>\n<script type=\"application\/ld+json\" class=\"yoast-schema-graph\">{\"@context\":\"https:\\\/\\\/schema.org\",\"@graph\":[{\"@type\":\"NewsArticle\",\"@id\":\"https:\\\/\\\/www.retaildetail.be\\\/nl\\\/news\\\/wonen\\\/hubo-stapt-uit-kapitaal-bricoking\\\/#article\",\"isPartOf\":{\"@id\":\"https:\\\/\\\/www.retaildetail.be\\\/nl\\\/news\\\/wonen\\\/hubo-stapt-uit-kapitaal-bricoking\\\/\"},\"author\":{\"name\":\"dev@grandiz.com\",\"@id\":\"https:\\\/\\\/www.retaildetail.be\\\/nl\\\/#\\\/schema\\\/person\\\/ba2d383452a753a3a1ce8cdb349b5fc9\"},\"headline\":\"Hubo stapt uit kapitaal Bricoking\",\"datePublished\":\"2013-11-19T09:04:03+00:00\",\"mainEntityOfPage\":{\"@id\":\"https:\\\/\\\/www.retaildetail.be\\\/nl\\\/news\\\/wonen\\\/hubo-stapt-uit-kapitaal-bricoking\\\/\"},\"wordCount\":235,\"publisher\":{\"@id\":\"https:\\\/\\\/www.retaildetail.be\\\/nl\\\/#organization\"},\"image\":{\"@id\":\"https:\\\/\\\/www.retaildetail.be\\\/nl\\\/news\\\/wonen\\\/hubo-stapt-uit-kapitaal-bricoking\\\/#primaryimage\"},\"thumbnailUrl\":\"https:\\\/\\\/www.retaildetail.be\\\/wp-content\\\/uploads\\\/2022\\\/04\\\/logo.png\",\"articleSection\":[\"Wonen\"],\"inLanguage\":\"nl-NL\",\"copyrightYear\":\"2013\",\"copyrightHolder\":{\"@id\":\"https:\\\/\\\/www.retaildetail.be\\\/#organization\"}},{\"@type\":\"WebPage\",\"@id\":\"https:\\\/\\\/www.retaildetail.be\\\/nl\\\/news\\\/wonen\\\/hubo-stapt-uit-kapitaal-bricoking\\\/\",\"url\":\"https:\\\/\\\/www.retaildetail.be\\\/nl\\\/news\\\/wonen\\\/hubo-stapt-uit-kapitaal-bricoking\\\/\",\"name\":\"Hubo stapt uit kapitaal Bricoking - RetailDetail BE\",\"isPartOf\":{\"@id\":\"https:\\\/\\\/www.retaildetail.be\\\/nl\\\/#website\"},\"primaryImageOfPage\":{\"@id\":\"https:\\\/\\\/www.retaildetail.be\\\/nl\\\/news\\\/wonen\\\/hubo-stapt-uit-kapitaal-bricoking\\\/#primaryimage\"},\"image\":{\"@id\":\"https:\\\/\\\/www.retaildetail.be\\\/nl\\\/news\\\/wonen\\\/hubo-stapt-uit-kapitaal-bricoking\\\/#primaryimage\"},\"thumbnailUrl\":\"https:\\\/\\\/www.retaildetail.be\\\/wp-content\\\/uploads\\\/2022\\\/04\\\/logo.png\",\"datePublished\":\"2013-11-19T09:04:03+00:00\",\"breadcrumb\":{\"@id\":\"https:\\\/\\\/www.retaildetail.be\\\/nl\\\/news\\\/wonen\\\/hubo-stapt-uit-kapitaal-bricoking\\\/#breadcrumb\"},\"inLanguage\":\"nl-NL\",\"potentialAction\":[{\"@type\":\"ReadAction\",\"target\":[\"https:\\\/\\\/www.retaildetail.be\\\/nl\\\/news\\\/wonen\\\/hubo-stapt-uit-kapitaal-bricoking\\\/\"]}]},{\"@type\":\"ImageObject\",\"inLanguage\":\"nl-NL\",\"@id\":\"https:\\\/\\\/www.retaildetail.be\\\/nl\\\/news\\\/wonen\\\/hubo-stapt-uit-kapitaal-bricoking\\\/#primaryimage\",\"url\":\"https:\\\/\\\/www.retaildetail.be\\\/wp-content\\\/uploads\\\/2022\\\/04\\\/logo.png\",\"contentUrl\":\"https:\\\/\\\/www.retaildetail.be\\\/wp-content\\\/uploads\\\/2022\\\/04\\\/logo.png\",\"width\":281,\"height\":147},{\"@type\":\"BreadcrumbList\",\"@id\":\"https:\\\/\\\/www.retaildetail.be\\\/nl\\\/news\\\/wonen\\\/hubo-stapt-uit-kapitaal-bricoking\\\/#breadcrumb\",\"itemListElement\":[{\"@type\":\"ListItem\",\"position\":1,\"name\":\"Home\",\"item\":\"https:\\\/\\\/www.retaildetail.be\\\/nl\\\/\"},{\"@type\":\"ListItem\",\"position\":2,\"name\":\"Hubo stapt uit kapitaal Bricoking\"}]},{\"@type\":\"WebSite\",\"@id\":\"https:\\\/\\\/www.retaildetail.be\\\/nl\\\/#website\",\"url\":\"https:\\\/\\\/www.retaildetail.be\\\/nl\\\/\",\"name\":\"RetailDetail BE\",\"description\":\"News\",\"publisher\":{\"@id\":\"https:\\\/\\\/www.retaildetail.be\\\/nl\\\/#organization\"},\"potentialAction\":[{\"@type\":\"SearchAction\",\"target\":{\"@type\":\"EntryPoint\",\"urlTemplate\":\"https:\\\/\\\/www.retaildetail.be\\\/nl\\\/?s={search_term_string}\"},\"query-input\":{\"@type\":\"PropertyValueSpecification\",\"valueRequired\":true,\"valueName\":\"search_term_string\"}}],\"inLanguage\":\"nl-NL\"},{\"@type\":\"Organization\",\"@id\":\"https:\\\/\\\/www.retaildetail.be\\\/nl\\\/#organization\",\"name\":\"RetailDetail BE\",\"url\":\"https:\\\/\\\/www.retaildetail.be\\\/nl\\\/\",\"logo\":{\"@type\":\"ImageObject\",\"inLanguage\":\"nl-NL\",\"@id\":\"https:\\\/\\\/www.retaildetail.be\\\/nl\\\/#\\\/schema\\\/logo\\\/image\\\/\",\"url\":\"https:\\\/\\\/www.retaildetail.be\\\/wp-content\\\/uploads\\\/2022\\\/04\\\/logo.svg\",\"contentUrl\":\"https:\\\/\\\/www.retaildetail.be\\\/wp-content\\\/uploads\\\/2022\\\/04\\\/logo.svg\",\"width\":131,\"height\":70,\"caption\":\"RetailDetail BE\"},\"image\":{\"@id\":\"https:\\\/\\\/www.retaildetail.be\\\/nl\\\/#\\\/schema\\\/logo\\\/image\\\/\"}},{\"@type\":\"Person\",\"@id\":\"https:\\\/\\\/www.retaildetail.be\\\/nl\\\/#\\\/schema\\\/person\\\/ba2d383452a753a3a1ce8cdb349b5fc9\",\"name\":\"dev@grandiz.com\",\"image\":{\"@type\":\"ImageObject\",\"inLanguage\":\"nl-NL\",\"@id\":\"https:\\\/\\\/secure.gravatar.com\\\/avatar\\\/5f53ce9fb6eed4a60e5aaaa712be8773880fa9459d9cac9bc4aa4fdbce3f447f?s=96&d=mm&r=g\",\"url\":\"https:\\\/\\\/secure.gravatar.com\\\/avatar\\\/5f53ce9fb6eed4a60e5aaaa712be8773880fa9459d9cac9bc4aa4fdbce3f447f?s=96&d=mm&r=g\",\"contentUrl\":\"https:\\\/\\\/secure.gravatar.com\\\/avatar\\\/5f53ce9fb6eed4a60e5aaaa712be8773880fa9459d9cac9bc4aa4fdbce3f447f?s=96&d=mm&r=g\",\"caption\":\"dev@grandiz.com\"},\"sameAs\":[\"http:\\\/\\\/preprod.retaildetail.be\"],\"url\":\"https:\\\/\\\/www.retaildetail.be\\\/nl\\\/author\\\/devgrandiz-com\\\/\"}]}<\/script>\n<!-- \/ Yoast SEO plugin. -->","yoast_head_json":{"title":"Hubo stapt uit kapitaal Bricoking - RetailDetail BE","robots":{"index":"index","follow":"follow","max-snippet":"max-snippet:-1","max-image-preview":"max-image-preview:large","max-video-preview":"max-video-preview:-1"},"canonical":"https:\/\/www.retaildetail.be\/nl\/news\/wonen\/hubo-stapt-uit-kapitaal-bricoking\/","og_locale":"nl_NL","og_type":"article","og_title":"Hubo stapt uit kapitaal Bricoking - RetailDetail BE","og_description":"&#8220;Zoals afgesproken&#8221; Het vertrek van Hubo uit Bricoking komt niet onverwacht: op 22 oktober meldde Bricoking al een wijziging van zijn raad van bestuur: de twee vertegenwoordigers van Hubo, Erwin Osta en Carl Liekens, vertrokken en oprichter Juan Jos\u00e9 Ja\u00e9n zou voortaan als enige bestuurder optreden. Nu heeft de Gallici\u00ebr de volledige controle over zijn [&hellip;]","og_url":"https:\/\/www.retaildetail.be\/nl\/news\/wonen\/hubo-stapt-uit-kapitaal-bricoking\/","og_site_name":"RetailDetail BE","article_published_time":"2013-11-19T09:04:03+00:00","og_image":[{"width":281,"height":147,"url":"https:\/\/i0.wp.com\/www.retaildetail.be\/wp-content\/uploads\/2022\/04\/logo.png?fit=281%2C147&quality=100&strip=all&ssl=1","type":"image\/png"}],"author":"dev@grandiz.com","twitter_card":"summary_large_image","twitter_misc":{"Geschreven door":"dev@grandiz.com","Geschatte leestijd":"1 minuut"},"schema":{"@context":"https:\/\/schema.org","@graph":[{"@type":"NewsArticle","@id":"https:\/\/www.retaildetail.be\/nl\/news\/wonen\/hubo-stapt-uit-kapitaal-bricoking\/#article","isPartOf":{"@id":"https:\/\/www.retaildetail.be\/nl\/news\/wonen\/hubo-stapt-uit-kapitaal-bricoking\/"},"author":{"name":"dev@grandiz.com","@id":"https:\/\/www.retaildetail.be\/nl\/#\/schema\/person\/ba2d383452a753a3a1ce8cdb349b5fc9"},"headline":"Hubo stapt uit kapitaal Bricoking","datePublished":"2013-11-19T09:04:03+00:00","mainEntityOfPage":{"@id":"https:\/\/www.retaildetail.be\/nl\/news\/wonen\/hubo-stapt-uit-kapitaal-bricoking\/"},"wordCount":235,"publisher":{"@id":"https:\/\/www.retaildetail.be\/nl\/#organization"},"image":{"@id":"https:\/\/www.retaildetail.be\/nl\/news\/wonen\/hubo-stapt-uit-kapitaal-bricoking\/#primaryimage"},"thumbnailUrl":"https:\/\/www.retaildetail.be\/wp-content\/uploads\/2022\/04\/logo.png","articleSection":["Wonen"],"inLanguage":"nl-NL","copyrightYear":"2013","copyrightHolder":{"@id":"https:\/\/www.retaildetail.be\/#organization"}},{"@type":"WebPage","@id":"https:\/\/www.retaildetail.be\/nl\/news\/wonen\/hubo-stapt-uit-kapitaal-bricoking\/","url":"https:\/\/www.retaildetail.be\/nl\/news\/wonen\/hubo-stapt-uit-kapitaal-bricoking\/","name":"Hubo stapt uit kapitaal Bricoking - RetailDetail BE","isPartOf":{"@id":"https:\/\/www.retaildetail.be\/nl\/#website"},"primaryImageOfPage":{"@id":"https:\/\/www.retaildetail.be\/nl\/news\/wonen\/hubo-stapt-uit-kapitaal-bricoking\/#primaryimage"},"image":{"@id":"https:\/\/www.retaildetail.be\/nl\/news\/wonen\/hubo-stapt-uit-kapitaal-bricoking\/#primaryimage"},"thumbnailUrl":"https:\/\/www.retaildetail.be\/wp-content\/uploads\/2022\/04\/logo.png","datePublished":"2013-11-19T09:04:03+00:00","breadcrumb":{"@id":"https:\/\/www.retaildetail.be\/nl\/news\/wonen\/hubo-stapt-uit-kapitaal-bricoking\/#breadcrumb"},"inLanguage":"nl-NL","potentialAction":[{"@type":"ReadAction","target":["https:\/\/www.retaildetail.be\/nl\/news\/wonen\/hubo-stapt-uit-kapitaal-bricoking\/"]}]},{"@type":"ImageObject","inLanguage":"nl-NL","@id":"https:\/\/www.retaildetail.be\/nl\/news\/wonen\/hubo-stapt-uit-kapitaal-bricoking\/#primaryimage","url":"https:\/\/www.retaildetail.be\/wp-content\/uploads\/2022\/04\/logo.png","contentUrl":"https:\/\/www.retaildetail.be\/wp-content\/uploads\/2022\/04\/logo.png","width":281,"height":147},{"@type":"BreadcrumbList","@id":"https:\/\/www.retaildetail.be\/nl\/news\/wonen\/hubo-stapt-uit-kapitaal-bricoking\/#breadcrumb","itemListElement":[{"@type":"ListItem","position":1,"name":"Home","item":"https:\/\/www.retaildetail.be\/nl\/"},{"@type":"ListItem","position":2,"name":"Hubo stapt uit kapitaal Bricoking"}]},{"@type":"WebSite","@id":"https:\/\/www.retaildetail.be\/nl\/#website","url":"https:\/\/www.retaildetail.be\/nl\/","name":"RetailDetail BE","description":"News","publisher":{"@id":"https:\/\/www.retaildetail.be\/nl\/#organization"},"potentialAction":[{"@type":"SearchAction","target":{"@type":"EntryPoint","urlTemplate":"https:\/\/www.retaildetail.be\/nl\/?s={search_term_string}"},"query-input":{"@type":"PropertyValueSpecification","valueRequired":true,"valueName":"search_term_string"}}],"inLanguage":"nl-NL"},{"@type":"Organization","@id":"https:\/\/www.retaildetail.be\/nl\/#organization","name":"RetailDetail BE","url":"https:\/\/www.retaildetail.be\/nl\/","logo":{"@type":"ImageObject","inLanguage":"nl-NL","@id":"https:\/\/www.retaildetail.be\/nl\/#\/schema\/logo\/image\/","url":"https:\/\/www.retaildetail.be\/wp-content\/uploads\/2022\/04\/logo.svg","contentUrl":"https:\/\/www.retaildetail.be\/wp-content\/uploads\/2022\/04\/logo.svg","width":131,"height":70,"caption":"RetailDetail BE"},"image":{"@id":"https:\/\/www.retaildetail.be\/nl\/#\/schema\/logo\/image\/"}},{"@type":"Person","@id":"https:\/\/www.retaildetail.be\/nl\/#\/schema\/person\/ba2d383452a753a3a1ce8cdb349b5fc9","name":"dev@grandiz.com","image":{"@type":"ImageObject","inLanguage":"nl-NL","@id":"https:\/\/secure.gravatar.com\/avatar\/5f53ce9fb6eed4a60e5aaaa712be8773880fa9459d9cac9bc4aa4fdbce3f447f?s=96&d=mm&r=g","url":"https:\/\/secure.gravatar.com\/avatar\/5f53ce9fb6eed4a60e5aaaa712be8773880fa9459d9cac9bc4aa4fdbce3f447f?s=96&d=mm&r=g","contentUrl":"https:\/\/secure.gravatar.com\/avatar\/5f53ce9fb6eed4a60e5aaaa712be8773880fa9459d9cac9bc4aa4fdbce3f447f?s=96&d=mm&r=g","caption":"dev@grandiz.com"},"sameAs":["http:\/\/preprod.retaildetail.be"],"url":"https:\/\/www.retaildetail.be\/nl\/author\/devgrandiz-com\/"}]}},"jetpack_featured_media_url":"https:\/\/www.retaildetail.be\/wp-content\/uploads\/2022\/04\/logo.png","jetpack_sharing_enabled":true,"_links":{"self":[{"href":"https:\/\/www.retaildetail.be\/nl\/wp-json\/wp\/v2\/posts\/4408","targetHints":{"allow":["GET"]}}],"collection":[{"href":"https:\/\/www.retaildetail.be\/nl\/wp-json\/wp\/v2\/posts"}],"about":[{"href":"https:\/\/www.retaildetail.be\/nl\/wp-json\/wp\/v2\/types\/post"}],"author":[{"embeddable":true,"href":"https:\/\/www.retaildetail.be\/nl\/wp-json\/wp\/v2\/users\/1"}],"replies":[{"embeddable":true,"href":"https:\/\/www.retaildetail.be\/nl\/wp-json\/wp\/v2\/comments?post=4408"}],"version-history":[{"count":0,"href":"https:\/\/www.retaildetail.be\/nl\/wp-json\/wp\/v2\/posts\/4408\/revisions"}],"wp:featuredmedia":[{"embeddable":true,"href":"https:\/\/www.retaildetail.be\/nl\/wp-json\/wp\/v2\/media\/84"}],"wp:attachment":[{"href":"https:\/\/www.retaildetail.be\/nl\/wp-json\/wp\/v2\/media?parent=4408"}],"wp:term":[{"taxonomy":"category","embeddable":true,"href":"https:\/\/www.retaildetail.be\/nl\/wp-json\/wp\/v2\/categories?post=4408"},{"taxonomy":"post_tag","embeddable":true,"href":"https:\/\/www.retaildetail.be\/nl\/wp-json\/wp\/v2\/tags?post=4408"},{"taxonomy":"people","embeddable":true,"href":"https:\/\/www.retaildetail.be\/nl\/wp-json\/wp\/v2\/people?post=4408"},{"taxonomy":"extra","embeddable":true,"href":"https:\/\/www.retaildetail.be\/nl\/wp-json\/wp\/v2\/extra?post=4408"},{"taxonomy":"company","embeddable":true,"href":"https:\/\/www.retaildetail.be\/nl\/wp-json\/wp\/v2\/company?post=4408"},{"taxonomy":"topic","embeddable":true,"href":"https:\/\/www.retaildetail.be\/nl\/wp-json\/wp\/v2\/topic?post=4408"},{"taxonomy":"region","embeddable":true,"href":"https:\/\/www.retaildetail.be\/nl\/wp-json\/wp\/v2\/region?post=4408"}],"curies":[{"name":"wp","href":"https:\/\/api.w.org\/{rel}","templated":true}]}}