{"id":4512,"date":"2013-12-03T12:20:43","date_gmt":"2013-12-03T12:20:43","guid":{"rendered":"https:\/\/www.retaildetail.be\/m-tail\/vierde-kandidaat-overnemer-voor-la-redoute\/"},"modified":"2013-12-03T12:20:43","modified_gmt":"2013-12-03T12:20:43","slug":"vierde-kandidaat-overnemer-voor-la-redoute","status":"publish","type":"post","link":"https:\/\/www.retaildetail.be\/nl\/news\/m-tail\/vierde-kandidaat-overnemer-voor-la-redoute\/","title":{"rendered":"Vierde kandidaat-overnemer voor La Redoute"},"content":{"rendered":"<h2>Bod uit eigen kringen<\/h2>\n<p>Nathalie Balla en Eric Courteille hebben <strong>tijdens een vergadering met de vakbonden in Roubaix bevestigd<\/strong> dat ze zaterdag een <a href=\"http:\/\/www.lecho.be\/actualite\/entreprises_consommation\/Un_nouveau_projet_de_reprise_pour_La_Redoute.9437485-3004.art\" target=\"_blank\" rel=\"noopener\">gezamenlijk bod hebben uitgebracht op La Redoute<\/a>. Hoeveel het duo wil betalen voor de verlieslatende postordergigant hebben ze er niet bij verteld.<\/p>\n<p>\u00a0<\/p>\n<p>Tot nog toe hadden enkel<strong> investeringsfondsen HIG Capital en OpCapita en vastgoedgroep Altarea Cogedim<\/strong> interesse getoond voor La Redoute. &#8220;Naar we hebben begrepen zou het herstructureringsplan dat Nathalie Balla voorstelt minder dramatisch en meer sociaal verantwoord zijn dan dat van de andere overnamekandidaten&#8221;, klonk het voorzichtig hoopvol bij de vakbonden na afloop van de vergadering.<\/p>\n<p>\u00a0<\/p>\n<h2>Witte rook v\u00f3\u00f3r de kerst?<\/h2>\n<p>Volgens diezelfde vakbonden zou Kering <strong>nog v\u00f3\u00f3r de kerstvakantie de knoop doorhakken,<\/strong> al wil het Franse luxeconcern die timing vooralsnog niet bevestigen. Kering (ex-PPR) zette La Redoute een hele tijd geleden in de etalage, toen het concern besliste zich om te vormen tot een pure luxe- en sportmerkgroep (Gucci, Yves Saint-Laurent, Puma e.a.). Daarbij verkocht het \u00e9\u00e9n na \u00e9\u00e9n al zijn retailketens.<\/p>\n<p>\u00a0<\/p>\n<p>De verkoop van de laatste &#8216;winkeldochter&#8217; sleept echter al een hele tijd aan, niet in het minst omdat La Redoute verlieslatend is. Kering zou volgens insider <strong>sinds 2008 al 400 miljoen euro hebben gepompt<\/strong> in het bedrijf uit Roubaix en er zou nog ongeveer 300 miljoen nodig zijn om de verliezen te dekken en de reorganisatie te bekostigen. Eind oktober kondigde La Redoute nog aan dat <a href=\"nl\/m-tail\/item\/16884-la-redoute-staat-voor-nieuwe-afslanking\" target=\"_blank\" rel=\"noopener\">700 van de 3.300 medewerkers moeten afvloeien<\/a>.<\/p>\n","protected":false},"excerpt":{"rendered":"<p>Bod uit eigen kringen Nathalie Balla en Eric Courteille hebben tijdens een vergadering met de vakbonden in Roubaix bevestigd dat ze zaterdag een gezamenlijk bod hebben uitgebracht op La Redoute. Hoeveel het duo wil betalen voor de verlieslatende postordergigant hebben ze er niet bij verteld. \u00a0 Tot nog toe hadden enkel investeringsfondsen HIG Capital en [&hellip;]<\/p>\n","protected":false},"author":1,"featured_media":84,"comment_status":"closed","ping_status":"closed","sticky":false,"template":"","format":"standard","meta":{"_acf_changed":false,"inline_featured_image":false,"_jetpack_memberships_contains_paid_content":false,"footnotes":""},"categories":[33],"tags":[],"people":[],"extra":[],"company":[],"topic":[],"region":[],"class_list":["post-4512","post","type-post","status-publish","format-standard","has-post-thumbnail","hentry","category-m-tail"],"acf":[],"yoast_head":"<!-- This site is optimized with the Yoast SEO plugin v27.3 - https:\/\/yoast.com\/product\/yoast-seo-wordpress\/ -->\n<title>Vierde kandidaat-overnemer voor La Redoute - RetailDetail BE<\/title>\n<meta name=\"robots\" content=\"index, follow, max-snippet:-1, max-image-preview:large, max-video-preview:-1\" \/>\n<link rel=\"canonical\" href=\"https:\/\/www.retaildetail.be\/nl\/news\/m-tail\/vierde-kandidaat-overnemer-voor-la-redoute\/\" \/>\n<meta property=\"og:locale\" content=\"nl_NL\" \/>\n<meta property=\"og:type\" content=\"article\" \/>\n<meta property=\"og:title\" content=\"Vierde kandidaat-overnemer voor La Redoute - RetailDetail BE\" \/>\n<meta property=\"og:description\" content=\"Bod uit eigen kringen Nathalie Balla en Eric Courteille hebben tijdens een vergadering met de vakbonden in Roubaix bevestigd dat ze zaterdag een gezamenlijk bod hebben uitgebracht op La Redoute. Hoeveel het duo wil betalen voor de verlieslatende postordergigant hebben ze er niet bij verteld. \u00a0 Tot nog toe hadden enkel investeringsfondsen HIG Capital en [&hellip;]\" \/>\n<meta property=\"og:url\" content=\"https:\/\/www.retaildetail.be\/nl\/news\/m-tail\/vierde-kandidaat-overnemer-voor-la-redoute\/\" \/>\n<meta property=\"og:site_name\" content=\"RetailDetail BE\" \/>\n<meta property=\"article:published_time\" content=\"2013-12-03T12:20:43+00:00\" \/>\n<meta property=\"og:image\" content=\"https:\/\/i0.wp.com\/www.retaildetail.be\/wp-content\/uploads\/2022\/04\/logo.png?fit=281%2C147&quality=100&strip=all&ssl=1\" \/>\n\t<meta property=\"og:image:width\" content=\"281\" \/>\n\t<meta property=\"og:image:height\" content=\"147\" \/>\n\t<meta property=\"og:image:type\" content=\"image\/png\" \/>\n<meta name=\"author\" content=\"dev@grandiz.com\" \/>\n<meta name=\"twitter:card\" content=\"summary_large_image\" \/>\n<meta name=\"twitter:label1\" content=\"Geschreven door\" \/>\n\t<meta name=\"twitter:data1\" content=\"dev@grandiz.com\" \/>\n\t<meta name=\"twitter:label2\" content=\"Geschatte leestijd\" \/>\n\t<meta name=\"twitter:data2\" content=\"1 minuut\" \/>\n<script type=\"application\/ld+json\" class=\"yoast-schema-graph\">{\"@context\":\"https:\\\/\\\/schema.org\",\"@graph\":[{\"@type\":\"NewsArticle\",\"@id\":\"https:\\\/\\\/www.retaildetail.be\\\/nl\\\/news\\\/m-tail\\\/vierde-kandidaat-overnemer-voor-la-redoute\\\/#article\",\"isPartOf\":{\"@id\":\"https:\\\/\\\/www.retaildetail.be\\\/nl\\\/news\\\/m-tail\\\/vierde-kandidaat-overnemer-voor-la-redoute\\\/\"},\"author\":{\"name\":\"dev@grandiz.com\",\"@id\":\"https:\\\/\\\/www.retaildetail.be\\\/nl\\\/#\\\/schema\\\/person\\\/ba2d383452a753a3a1ce8cdb349b5fc9\"},\"headline\":\"Vierde kandidaat-overnemer voor La Redoute\",\"datePublished\":\"2013-12-03T12:20:43+00:00\",\"mainEntityOfPage\":{\"@id\":\"https:\\\/\\\/www.retaildetail.be\\\/nl\\\/news\\\/m-tail\\\/vierde-kandidaat-overnemer-voor-la-redoute\\\/\"},\"wordCount\":243,\"publisher\":{\"@id\":\"https:\\\/\\\/www.retaildetail.be\\\/nl\\\/#organization\"},\"image\":{\"@id\":\"https:\\\/\\\/www.retaildetail.be\\\/nl\\\/news\\\/m-tail\\\/vierde-kandidaat-overnemer-voor-la-redoute\\\/#primaryimage\"},\"thumbnailUrl\":\"https:\\\/\\\/www.retaildetail.be\\\/wp-content\\\/uploads\\\/2022\\\/04\\\/logo.png\",\"articleSection\":[\"m-Tail\"],\"inLanguage\":\"nl-NL\",\"copyrightYear\":\"2013\",\"copyrightHolder\":{\"@id\":\"https:\\\/\\\/www.retaildetail.be\\\/#organization\"}},{\"@type\":\"WebPage\",\"@id\":\"https:\\\/\\\/www.retaildetail.be\\\/nl\\\/news\\\/m-tail\\\/vierde-kandidaat-overnemer-voor-la-redoute\\\/\",\"url\":\"https:\\\/\\\/www.retaildetail.be\\\/nl\\\/news\\\/m-tail\\\/vierde-kandidaat-overnemer-voor-la-redoute\\\/\",\"name\":\"Vierde kandidaat-overnemer voor La Redoute - RetailDetail BE\",\"isPartOf\":{\"@id\":\"https:\\\/\\\/www.retaildetail.be\\\/nl\\\/#website\"},\"primaryImageOfPage\":{\"@id\":\"https:\\\/\\\/www.retaildetail.be\\\/nl\\\/news\\\/m-tail\\\/vierde-kandidaat-overnemer-voor-la-redoute\\\/#primaryimage\"},\"image\":{\"@id\":\"https:\\\/\\\/www.retaildetail.be\\\/nl\\\/news\\\/m-tail\\\/vierde-kandidaat-overnemer-voor-la-redoute\\\/#primaryimage\"},\"thumbnailUrl\":\"https:\\\/\\\/www.retaildetail.be\\\/wp-content\\\/uploads\\\/2022\\\/04\\\/logo.png\",\"datePublished\":\"2013-12-03T12:20:43+00:00\",\"breadcrumb\":{\"@id\":\"https:\\\/\\\/www.retaildetail.be\\\/nl\\\/news\\\/m-tail\\\/vierde-kandidaat-overnemer-voor-la-redoute\\\/#breadcrumb\"},\"inLanguage\":\"nl-NL\",\"potentialAction\":[{\"@type\":\"ReadAction\",\"target\":[\"https:\\\/\\\/www.retaildetail.be\\\/nl\\\/news\\\/m-tail\\\/vierde-kandidaat-overnemer-voor-la-redoute\\\/\"]}]},{\"@type\":\"ImageObject\",\"inLanguage\":\"nl-NL\",\"@id\":\"https:\\\/\\\/www.retaildetail.be\\\/nl\\\/news\\\/m-tail\\\/vierde-kandidaat-overnemer-voor-la-redoute\\\/#primaryimage\",\"url\":\"https:\\\/\\\/www.retaildetail.be\\\/wp-content\\\/uploads\\\/2022\\\/04\\\/logo.png\",\"contentUrl\":\"https:\\\/\\\/www.retaildetail.be\\\/wp-content\\\/uploads\\\/2022\\\/04\\\/logo.png\",\"width\":281,\"height\":147},{\"@type\":\"BreadcrumbList\",\"@id\":\"https:\\\/\\\/www.retaildetail.be\\\/nl\\\/news\\\/m-tail\\\/vierde-kandidaat-overnemer-voor-la-redoute\\\/#breadcrumb\",\"itemListElement\":[{\"@type\":\"ListItem\",\"position\":1,\"name\":\"Home\",\"item\":\"https:\\\/\\\/www.retaildetail.be\\\/nl\\\/\"},{\"@type\":\"ListItem\",\"position\":2,\"name\":\"Vierde kandidaat-overnemer voor La Redoute\"}]},{\"@type\":\"WebSite\",\"@id\":\"https:\\\/\\\/www.retaildetail.be\\\/nl\\\/#website\",\"url\":\"https:\\\/\\\/www.retaildetail.be\\\/nl\\\/\",\"name\":\"RetailDetail BE\",\"description\":\"News\",\"publisher\":{\"@id\":\"https:\\\/\\\/www.retaildetail.be\\\/nl\\\/#organization\"},\"potentialAction\":[{\"@type\":\"SearchAction\",\"target\":{\"@type\":\"EntryPoint\",\"urlTemplate\":\"https:\\\/\\\/www.retaildetail.be\\\/nl\\\/?s={search_term_string}\"},\"query-input\":{\"@type\":\"PropertyValueSpecification\",\"valueRequired\":true,\"valueName\":\"search_term_string\"}}],\"inLanguage\":\"nl-NL\"},{\"@type\":\"Organization\",\"@id\":\"https:\\\/\\\/www.retaildetail.be\\\/nl\\\/#organization\",\"name\":\"RetailDetail BE\",\"url\":\"https:\\\/\\\/www.retaildetail.be\\\/nl\\\/\",\"logo\":{\"@type\":\"ImageObject\",\"inLanguage\":\"nl-NL\",\"@id\":\"https:\\\/\\\/www.retaildetail.be\\\/nl\\\/#\\\/schema\\\/logo\\\/image\\\/\",\"url\":\"https:\\\/\\\/www.retaildetail.be\\\/wp-content\\\/uploads\\\/2022\\\/04\\\/logo.svg\",\"contentUrl\":\"https:\\\/\\\/www.retaildetail.be\\\/wp-content\\\/uploads\\\/2022\\\/04\\\/logo.svg\",\"width\":131,\"height\":70,\"caption\":\"RetailDetail BE\"},\"image\":{\"@id\":\"https:\\\/\\\/www.retaildetail.be\\\/nl\\\/#\\\/schema\\\/logo\\\/image\\\/\"}},{\"@type\":\"Person\",\"@id\":\"https:\\\/\\\/www.retaildetail.be\\\/nl\\\/#\\\/schema\\\/person\\\/ba2d383452a753a3a1ce8cdb349b5fc9\",\"name\":\"dev@grandiz.com\",\"image\":{\"@type\":\"ImageObject\",\"inLanguage\":\"nl-NL\",\"@id\":\"https:\\\/\\\/secure.gravatar.com\\\/avatar\\\/5f53ce9fb6eed4a60e5aaaa712be8773880fa9459d9cac9bc4aa4fdbce3f447f?s=96&d=mm&r=g\",\"url\":\"https:\\\/\\\/secure.gravatar.com\\\/avatar\\\/5f53ce9fb6eed4a60e5aaaa712be8773880fa9459d9cac9bc4aa4fdbce3f447f?s=96&d=mm&r=g\",\"contentUrl\":\"https:\\\/\\\/secure.gravatar.com\\\/avatar\\\/5f53ce9fb6eed4a60e5aaaa712be8773880fa9459d9cac9bc4aa4fdbce3f447f?s=96&d=mm&r=g\",\"caption\":\"dev@grandiz.com\"},\"sameAs\":[\"http:\\\/\\\/preprod.retaildetail.be\"],\"url\":\"https:\\\/\\\/www.retaildetail.be\\\/nl\\\/author\\\/devgrandiz-com\\\/\"}]}<\/script>\n<!-- \/ Yoast SEO plugin. -->","yoast_head_json":{"title":"Vierde kandidaat-overnemer voor La Redoute - RetailDetail BE","robots":{"index":"index","follow":"follow","max-snippet":"max-snippet:-1","max-image-preview":"max-image-preview:large","max-video-preview":"max-video-preview:-1"},"canonical":"https:\/\/www.retaildetail.be\/nl\/news\/m-tail\/vierde-kandidaat-overnemer-voor-la-redoute\/","og_locale":"nl_NL","og_type":"article","og_title":"Vierde kandidaat-overnemer voor La Redoute - RetailDetail BE","og_description":"Bod uit eigen kringen Nathalie Balla en Eric Courteille hebben tijdens een vergadering met de vakbonden in Roubaix bevestigd dat ze zaterdag een gezamenlijk bod hebben uitgebracht op La Redoute. Hoeveel het duo wil betalen voor de verlieslatende postordergigant hebben ze er niet bij verteld. \u00a0 Tot nog toe hadden enkel investeringsfondsen HIG Capital en [&hellip;]","og_url":"https:\/\/www.retaildetail.be\/nl\/news\/m-tail\/vierde-kandidaat-overnemer-voor-la-redoute\/","og_site_name":"RetailDetail BE","article_published_time":"2013-12-03T12:20:43+00:00","og_image":[{"width":281,"height":147,"url":"https:\/\/i0.wp.com\/www.retaildetail.be\/wp-content\/uploads\/2022\/04\/logo.png?fit=281%2C147&quality=100&strip=all&ssl=1","type":"image\/png"}],"author":"dev@grandiz.com","twitter_card":"summary_large_image","twitter_misc":{"Geschreven door":"dev@grandiz.com","Geschatte leestijd":"1 minuut"},"schema":{"@context":"https:\/\/schema.org","@graph":[{"@type":"NewsArticle","@id":"https:\/\/www.retaildetail.be\/nl\/news\/m-tail\/vierde-kandidaat-overnemer-voor-la-redoute\/#article","isPartOf":{"@id":"https:\/\/www.retaildetail.be\/nl\/news\/m-tail\/vierde-kandidaat-overnemer-voor-la-redoute\/"},"author":{"name":"dev@grandiz.com","@id":"https:\/\/www.retaildetail.be\/nl\/#\/schema\/person\/ba2d383452a753a3a1ce8cdb349b5fc9"},"headline":"Vierde kandidaat-overnemer voor La Redoute","datePublished":"2013-12-03T12:20:43+00:00","mainEntityOfPage":{"@id":"https:\/\/www.retaildetail.be\/nl\/news\/m-tail\/vierde-kandidaat-overnemer-voor-la-redoute\/"},"wordCount":243,"publisher":{"@id":"https:\/\/www.retaildetail.be\/nl\/#organization"},"image":{"@id":"https:\/\/www.retaildetail.be\/nl\/news\/m-tail\/vierde-kandidaat-overnemer-voor-la-redoute\/#primaryimage"},"thumbnailUrl":"https:\/\/www.retaildetail.be\/wp-content\/uploads\/2022\/04\/logo.png","articleSection":["m-Tail"],"inLanguage":"nl-NL","copyrightYear":"2013","copyrightHolder":{"@id":"https:\/\/www.retaildetail.be\/#organization"}},{"@type":"WebPage","@id":"https:\/\/www.retaildetail.be\/nl\/news\/m-tail\/vierde-kandidaat-overnemer-voor-la-redoute\/","url":"https:\/\/www.retaildetail.be\/nl\/news\/m-tail\/vierde-kandidaat-overnemer-voor-la-redoute\/","name":"Vierde kandidaat-overnemer voor La Redoute - RetailDetail BE","isPartOf":{"@id":"https:\/\/www.retaildetail.be\/nl\/#website"},"primaryImageOfPage":{"@id":"https:\/\/www.retaildetail.be\/nl\/news\/m-tail\/vierde-kandidaat-overnemer-voor-la-redoute\/#primaryimage"},"image":{"@id":"https:\/\/www.retaildetail.be\/nl\/news\/m-tail\/vierde-kandidaat-overnemer-voor-la-redoute\/#primaryimage"},"thumbnailUrl":"https:\/\/www.retaildetail.be\/wp-content\/uploads\/2022\/04\/logo.png","datePublished":"2013-12-03T12:20:43+00:00","breadcrumb":{"@id":"https:\/\/www.retaildetail.be\/nl\/news\/m-tail\/vierde-kandidaat-overnemer-voor-la-redoute\/#breadcrumb"},"inLanguage":"nl-NL","potentialAction":[{"@type":"ReadAction","target":["https:\/\/www.retaildetail.be\/nl\/news\/m-tail\/vierde-kandidaat-overnemer-voor-la-redoute\/"]}]},{"@type":"ImageObject","inLanguage":"nl-NL","@id":"https:\/\/www.retaildetail.be\/nl\/news\/m-tail\/vierde-kandidaat-overnemer-voor-la-redoute\/#primaryimage","url":"https:\/\/www.retaildetail.be\/wp-content\/uploads\/2022\/04\/logo.png","contentUrl":"https:\/\/www.retaildetail.be\/wp-content\/uploads\/2022\/04\/logo.png","width":281,"height":147},{"@type":"BreadcrumbList","@id":"https:\/\/www.retaildetail.be\/nl\/news\/m-tail\/vierde-kandidaat-overnemer-voor-la-redoute\/#breadcrumb","itemListElement":[{"@type":"ListItem","position":1,"name":"Home","item":"https:\/\/www.retaildetail.be\/nl\/"},{"@type":"ListItem","position":2,"name":"Vierde kandidaat-overnemer voor La Redoute"}]},{"@type":"WebSite","@id":"https:\/\/www.retaildetail.be\/nl\/#website","url":"https:\/\/www.retaildetail.be\/nl\/","name":"RetailDetail BE","description":"News","publisher":{"@id":"https:\/\/www.retaildetail.be\/nl\/#organization"},"potentialAction":[{"@type":"SearchAction","target":{"@type":"EntryPoint","urlTemplate":"https:\/\/www.retaildetail.be\/nl\/?s={search_term_string}"},"query-input":{"@type":"PropertyValueSpecification","valueRequired":true,"valueName":"search_term_string"}}],"inLanguage":"nl-NL"},{"@type":"Organization","@id":"https:\/\/www.retaildetail.be\/nl\/#organization","name":"RetailDetail BE","url":"https:\/\/www.retaildetail.be\/nl\/","logo":{"@type":"ImageObject","inLanguage":"nl-NL","@id":"https:\/\/www.retaildetail.be\/nl\/#\/schema\/logo\/image\/","url":"https:\/\/www.retaildetail.be\/wp-content\/uploads\/2022\/04\/logo.svg","contentUrl":"https:\/\/www.retaildetail.be\/wp-content\/uploads\/2022\/04\/logo.svg","width":131,"height":70,"caption":"RetailDetail BE"},"image":{"@id":"https:\/\/www.retaildetail.be\/nl\/#\/schema\/logo\/image\/"}},{"@type":"Person","@id":"https:\/\/www.retaildetail.be\/nl\/#\/schema\/person\/ba2d383452a753a3a1ce8cdb349b5fc9","name":"dev@grandiz.com","image":{"@type":"ImageObject","inLanguage":"nl-NL","@id":"https:\/\/secure.gravatar.com\/avatar\/5f53ce9fb6eed4a60e5aaaa712be8773880fa9459d9cac9bc4aa4fdbce3f447f?s=96&d=mm&r=g","url":"https:\/\/secure.gravatar.com\/avatar\/5f53ce9fb6eed4a60e5aaaa712be8773880fa9459d9cac9bc4aa4fdbce3f447f?s=96&d=mm&r=g","contentUrl":"https:\/\/secure.gravatar.com\/avatar\/5f53ce9fb6eed4a60e5aaaa712be8773880fa9459d9cac9bc4aa4fdbce3f447f?s=96&d=mm&r=g","caption":"dev@grandiz.com"},"sameAs":["http:\/\/preprod.retaildetail.be"],"url":"https:\/\/www.retaildetail.be\/nl\/author\/devgrandiz-com\/"}]}},"jetpack_featured_media_url":"https:\/\/www.retaildetail.be\/wp-content\/uploads\/2022\/04\/logo.png","jetpack_sharing_enabled":true,"_links":{"self":[{"href":"https:\/\/www.retaildetail.be\/nl\/wp-json\/wp\/v2\/posts\/4512","targetHints":{"allow":["GET"]}}],"collection":[{"href":"https:\/\/www.retaildetail.be\/nl\/wp-json\/wp\/v2\/posts"}],"about":[{"href":"https:\/\/www.retaildetail.be\/nl\/wp-json\/wp\/v2\/types\/post"}],"author":[{"embeddable":true,"href":"https:\/\/www.retaildetail.be\/nl\/wp-json\/wp\/v2\/users\/1"}],"replies":[{"embeddable":true,"href":"https:\/\/www.retaildetail.be\/nl\/wp-json\/wp\/v2\/comments?post=4512"}],"version-history":[{"count":0,"href":"https:\/\/www.retaildetail.be\/nl\/wp-json\/wp\/v2\/posts\/4512\/revisions"}],"wp:featuredmedia":[{"embeddable":true,"href":"https:\/\/www.retaildetail.be\/nl\/wp-json\/wp\/v2\/media\/84"}],"wp:attachment":[{"href":"https:\/\/www.retaildetail.be\/nl\/wp-json\/wp\/v2\/media?parent=4512"}],"wp:term":[{"taxonomy":"category","embeddable":true,"href":"https:\/\/www.retaildetail.be\/nl\/wp-json\/wp\/v2\/categories?post=4512"},{"taxonomy":"post_tag","embeddable":true,"href":"https:\/\/www.retaildetail.be\/nl\/wp-json\/wp\/v2\/tags?post=4512"},{"taxonomy":"people","embeddable":true,"href":"https:\/\/www.retaildetail.be\/nl\/wp-json\/wp\/v2\/people?post=4512"},{"taxonomy":"extra","embeddable":true,"href":"https:\/\/www.retaildetail.be\/nl\/wp-json\/wp\/v2\/extra?post=4512"},{"taxonomy":"company","embeddable":true,"href":"https:\/\/www.retaildetail.be\/nl\/wp-json\/wp\/v2\/company?post=4512"},{"taxonomy":"topic","embeddable":true,"href":"https:\/\/www.retaildetail.be\/nl\/wp-json\/wp\/v2\/topic?post=4512"},{"taxonomy":"region","embeddable":true,"href":"https:\/\/www.retaildetail.be\/nl\/wp-json\/wp\/v2\/region?post=4512"}],"curies":[{"name":"wp","href":"https:\/\/api.w.org\/{rel}","templated":true}]}}