{"id":583,"date":"2011-05-12T11:28:16","date_gmt":"2011-05-12T11:28:16","guid":{"rendered":"https:\/\/www.retaildetail.be\/algemeen\/bricos-geert-verkest-nieuwe-voorzitter-comeos\/"},"modified":"2011-05-12T11:28:16","modified_gmt":"2011-05-12T11:28:16","slug":"bricos-geert-verkest-nieuwe-voorzitter-comeos","status":"publish","type":"post","link":"https:\/\/www.retaildetail.be\/nl\/news\/algemeen\/bricos-geert-verkest-nieuwe-voorzitter-comeos\/","title":{"rendered":"Brico&#039;s Geert Verkest nieuwe voorzitter Comeos"},"content":{"rendered":"<p><img loading=\"lazy\" decoding=\"async\" style=\"margin-bottom: 10px;margin-right: 10px\" title=\"\" alt=\"\" align=\"left\" width=\"200\" height=\"133\" src=\"\/sites\/default\/files\/spacer.png\" \/>Wat we een hele poos geleden\u00a0<a title=\"\" target=\"_blank\" href=\"nl\/vandaag-in-beeld\/item\/738-nieuwe-gezichten-bij-comeos-en-carrefour\" rel=\"noopener\"><font color=\"#cc0000\">al hadden aangekondigd<\/font><\/a>,\u00a0is eindelijk formeel bewaarheid: Geert Verkest is verkozen tot nieuwe voorzitter van Comeos, de federatie van de handel en diensten in Belgi\u00eb, op diens algemene statutaire vergadering van 11 mei. De Brico-topman neemt de fakkel over van Jean de Leu, die de functie drie jaar lang uitoefende.<\/p>\n<p>\nGeert Verkest (58) is als CEO van Brico NV en Directeur van MAXEDA DIY verantwoordelijk voor alle DIY-activiteiten van de groep in Belgi\u00eb. Als licentiaat in de toegepaste economische wetenschappen startte hij zijn loopbaan eind jaren zeventig bij GB. Hij bleef bij de groep GIB, om in 1997 operationeel directeur van Maxi GB Belgi\u00eb te worden. Daarna nam hij de leiding van Brico op zich.<\/p>\n<p><img loading=\"lazy\" decoding=\"async\" style=\"margin-top: 10px;margin-bottom: 10px;margin-left: 10px\" title=\"Geert Verkest\" alt=\"Geert Verkest\" align=\"right\" width=\"200\" height=\"152\" src=\"\/sites\/default\/files\/spacer.png\" \/>Als voorzitter van Comeos (vroeger bekend als Fedis) wil hij vooral de krachtlijnen van het bestuur van Jean de Leu voortzetten. \u201cIn de priv\u00e9 stelt niemand meer mensen aan het werk dan de handel, en geen enkele sector heeft een groter aandeel van het bnp. Het is dan ook mijn eerste doel om voor continu\u00efteit te zorgen. De lijnen die Comeos onder Jean de Leu heeft uitgezet, zijn de juiste.\u201d<\/p>\n<p>\nZelf vindt Geert Verkest mobiliteit en verkeer een prioritaire kwestie. \u201cOns verkeer staat stil \u2013 en dat is nefast voor de klanten die de winkels minder gemakkelijk bereiken, maar net zo goed voor de leveringen aan onze winkels. Het proefproject rond dagrandleveringen in Vlaanderen is een belangrijke stap in de goede richting \u2013 ik beschouw het als \u00e9\u00e9n van mijn eerste taken om ook in Brussel en Walloni\u00eb met de regionale overheden dergelijke oplossingen uit te werken\u201d, aldus de kersverse voorzitter.<br \/>\n\u00a0<\/p>\n","protected":false},"excerpt":{"rendered":"<p>Wat we een hele poos geleden\u00a0al hadden aangekondigd,\u00a0is eindelijk formeel bewaarheid: Geert Verkest is verkozen tot nieuwe voorzitter van Comeos, de federatie van de handel en diensten in Belgi\u00eb, op diens algemene statutaire vergadering van 11 mei. De Brico-topman neemt de fakkel over van Jean de Leu, die de functie drie jaar lang uitoefende. Geert [&hellip;]<\/p>\n","protected":false},"author":1,"featured_media":84,"comment_status":"closed","ping_status":"closed","sticky":false,"template":"","format":"standard","meta":{"_acf_changed":false,"inline_featured_image":false,"_jetpack_memberships_contains_paid_content":false,"footnotes":""},"categories":[15],"tags":[],"people":[],"extra":[],"company":[],"topic":[],"region":[],"class_list":["post-583","post","type-post","status-publish","format-standard","has-post-thumbnail","hentry","category-algemeen"],"acf":[],"yoast_head":"<!-- This site is optimized with the Yoast SEO plugin v27.3 - https:\/\/yoast.com\/product\/yoast-seo-wordpress\/ -->\n<title>Brico&#039;s Geert Verkest nieuwe voorzitter Comeos - RetailDetail BE<\/title>\n<meta name=\"robots\" content=\"index, follow, max-snippet:-1, max-image-preview:large, max-video-preview:-1\" \/>\n<link rel=\"canonical\" href=\"https:\/\/www.retaildetail.be\/nl\/news\/algemeen\/bricos-geert-verkest-nieuwe-voorzitter-comeos\/\" \/>\n<meta property=\"og:locale\" content=\"nl_NL\" \/>\n<meta property=\"og:type\" content=\"article\" \/>\n<meta property=\"og:title\" content=\"Brico&#039;s Geert Verkest nieuwe voorzitter Comeos - RetailDetail BE\" \/>\n<meta property=\"og:description\" content=\"Wat we een hele poos geleden\u00a0al hadden aangekondigd,\u00a0is eindelijk formeel bewaarheid: Geert Verkest is verkozen tot nieuwe voorzitter van Comeos, de federatie van de handel en diensten in Belgi\u00eb, op diens algemene statutaire vergadering van 11 mei. De Brico-topman neemt de fakkel over van Jean de Leu, die de functie drie jaar lang uitoefende. Geert [&hellip;]\" \/>\n<meta property=\"og:url\" content=\"https:\/\/www.retaildetail.be\/nl\/news\/algemeen\/bricos-geert-verkest-nieuwe-voorzitter-comeos\/\" \/>\n<meta property=\"og:site_name\" content=\"RetailDetail BE\" \/>\n<meta property=\"article:published_time\" content=\"2011-05-12T11:28:16+00:00\" \/>\n<meta property=\"og:image\" content=\"https:\/\/i0.wp.com\/www.retaildetail.be\/wp-content\/uploads\/2022\/04\/logo.png?fit=281%2C147&quality=100&strip=all&ssl=1\" \/>\n\t<meta property=\"og:image:width\" content=\"281\" \/>\n\t<meta property=\"og:image:height\" content=\"147\" \/>\n\t<meta property=\"og:image:type\" content=\"image\/png\" \/>\n<meta name=\"author\" content=\"dev@grandiz.com\" \/>\n<meta name=\"twitter:card\" content=\"summary_large_image\" \/>\n<meta name=\"twitter:label1\" content=\"Geschreven door\" \/>\n\t<meta name=\"twitter:data1\" content=\"dev@grandiz.com\" \/>\n\t<meta name=\"twitter:label2\" content=\"Geschatte leestijd\" \/>\n\t<meta name=\"twitter:data2\" content=\"1 minuut\" \/>\n<script type=\"application\/ld+json\" class=\"yoast-schema-graph\">{\"@context\":\"https:\\\/\\\/schema.org\",\"@graph\":[{\"@type\":\"NewsArticle\",\"@id\":\"https:\\\/\\\/www.retaildetail.be\\\/nl\\\/news\\\/algemeen\\\/bricos-geert-verkest-nieuwe-voorzitter-comeos\\\/#article\",\"isPartOf\":{\"@id\":\"https:\\\/\\\/www.retaildetail.be\\\/nl\\\/news\\\/algemeen\\\/bricos-geert-verkest-nieuwe-voorzitter-comeos\\\/\"},\"author\":{\"name\":\"dev@grandiz.com\",\"@id\":\"https:\\\/\\\/www.retaildetail.be\\\/nl\\\/#\\\/schema\\\/person\\\/ba2d383452a753a3a1ce8cdb349b5fc9\"},\"headline\":\"Brico&#039;s Geert Verkest nieuwe voorzitter Comeos\",\"datePublished\":\"2011-05-12T11:28:16+00:00\",\"mainEntityOfPage\":{\"@id\":\"https:\\\/\\\/www.retaildetail.be\\\/nl\\\/news\\\/algemeen\\\/bricos-geert-verkest-nieuwe-voorzitter-comeos\\\/\"},\"wordCount\":275,\"publisher\":{\"@id\":\"https:\\\/\\\/www.retaildetail.be\\\/nl\\\/#organization\"},\"image\":{\"@id\":\"https:\\\/\\\/www.retaildetail.be\\\/nl\\\/news\\\/algemeen\\\/bricos-geert-verkest-nieuwe-voorzitter-comeos\\\/#primaryimage\"},\"thumbnailUrl\":\"https:\\\/\\\/www.retaildetail.be\\\/wp-content\\\/uploads\\\/2022\\\/04\\\/logo.png\",\"articleSection\":[\"Algemeen\"],\"inLanguage\":\"nl-NL\",\"copyrightYear\":\"2011\",\"copyrightHolder\":{\"@id\":\"https:\\\/\\\/www.retaildetail.be\\\/#organization\"}},{\"@type\":\"WebPage\",\"@id\":\"https:\\\/\\\/www.retaildetail.be\\\/nl\\\/news\\\/algemeen\\\/bricos-geert-verkest-nieuwe-voorzitter-comeos\\\/\",\"url\":\"https:\\\/\\\/www.retaildetail.be\\\/nl\\\/news\\\/algemeen\\\/bricos-geert-verkest-nieuwe-voorzitter-comeos\\\/\",\"name\":\"Brico&#039;s Geert Verkest nieuwe voorzitter Comeos - RetailDetail BE\",\"isPartOf\":{\"@id\":\"https:\\\/\\\/www.retaildetail.be\\\/nl\\\/#website\"},\"primaryImageOfPage\":{\"@id\":\"https:\\\/\\\/www.retaildetail.be\\\/nl\\\/news\\\/algemeen\\\/bricos-geert-verkest-nieuwe-voorzitter-comeos\\\/#primaryimage\"},\"image\":{\"@id\":\"https:\\\/\\\/www.retaildetail.be\\\/nl\\\/news\\\/algemeen\\\/bricos-geert-verkest-nieuwe-voorzitter-comeos\\\/#primaryimage\"},\"thumbnailUrl\":\"https:\\\/\\\/www.retaildetail.be\\\/wp-content\\\/uploads\\\/2022\\\/04\\\/logo.png\",\"datePublished\":\"2011-05-12T11:28:16+00:00\",\"breadcrumb\":{\"@id\":\"https:\\\/\\\/www.retaildetail.be\\\/nl\\\/news\\\/algemeen\\\/bricos-geert-verkest-nieuwe-voorzitter-comeos\\\/#breadcrumb\"},\"inLanguage\":\"nl-NL\",\"potentialAction\":[{\"@type\":\"ReadAction\",\"target\":[\"https:\\\/\\\/www.retaildetail.be\\\/nl\\\/news\\\/algemeen\\\/bricos-geert-verkest-nieuwe-voorzitter-comeos\\\/\"]}]},{\"@type\":\"ImageObject\",\"inLanguage\":\"nl-NL\",\"@id\":\"https:\\\/\\\/www.retaildetail.be\\\/nl\\\/news\\\/algemeen\\\/bricos-geert-verkest-nieuwe-voorzitter-comeos\\\/#primaryimage\",\"url\":\"https:\\\/\\\/www.retaildetail.be\\\/wp-content\\\/uploads\\\/2022\\\/04\\\/logo.png\",\"contentUrl\":\"https:\\\/\\\/www.retaildetail.be\\\/wp-content\\\/uploads\\\/2022\\\/04\\\/logo.png\",\"width\":281,\"height\":147},{\"@type\":\"BreadcrumbList\",\"@id\":\"https:\\\/\\\/www.retaildetail.be\\\/nl\\\/news\\\/algemeen\\\/bricos-geert-verkest-nieuwe-voorzitter-comeos\\\/#breadcrumb\",\"itemListElement\":[{\"@type\":\"ListItem\",\"position\":1,\"name\":\"Home\",\"item\":\"https:\\\/\\\/www.retaildetail.be\\\/nl\\\/\"},{\"@type\":\"ListItem\",\"position\":2,\"name\":\"Brico&#039;s Geert Verkest nieuwe voorzitter Comeos\"}]},{\"@type\":\"WebSite\",\"@id\":\"https:\\\/\\\/www.retaildetail.be\\\/nl\\\/#website\",\"url\":\"https:\\\/\\\/www.retaildetail.be\\\/nl\\\/\",\"name\":\"RetailDetail BE\",\"description\":\"News\",\"publisher\":{\"@id\":\"https:\\\/\\\/www.retaildetail.be\\\/nl\\\/#organization\"},\"potentialAction\":[{\"@type\":\"SearchAction\",\"target\":{\"@type\":\"EntryPoint\",\"urlTemplate\":\"https:\\\/\\\/www.retaildetail.be\\\/nl\\\/?s={search_term_string}\"},\"query-input\":{\"@type\":\"PropertyValueSpecification\",\"valueRequired\":true,\"valueName\":\"search_term_string\"}}],\"inLanguage\":\"nl-NL\"},{\"@type\":\"Organization\",\"@id\":\"https:\\\/\\\/www.retaildetail.be\\\/nl\\\/#organization\",\"name\":\"RetailDetail BE\",\"url\":\"https:\\\/\\\/www.retaildetail.be\\\/nl\\\/\",\"logo\":{\"@type\":\"ImageObject\",\"inLanguage\":\"nl-NL\",\"@id\":\"https:\\\/\\\/www.retaildetail.be\\\/nl\\\/#\\\/schema\\\/logo\\\/image\\\/\",\"url\":\"https:\\\/\\\/www.retaildetail.be\\\/wp-content\\\/uploads\\\/2022\\\/04\\\/logo.svg\",\"contentUrl\":\"https:\\\/\\\/www.retaildetail.be\\\/wp-content\\\/uploads\\\/2022\\\/04\\\/logo.svg\",\"width\":131,\"height\":70,\"caption\":\"RetailDetail BE\"},\"image\":{\"@id\":\"https:\\\/\\\/www.retaildetail.be\\\/nl\\\/#\\\/schema\\\/logo\\\/image\\\/\"}},{\"@type\":\"Person\",\"@id\":\"https:\\\/\\\/www.retaildetail.be\\\/nl\\\/#\\\/schema\\\/person\\\/ba2d383452a753a3a1ce8cdb349b5fc9\",\"name\":\"dev@grandiz.com\",\"image\":{\"@type\":\"ImageObject\",\"inLanguage\":\"nl-NL\",\"@id\":\"https:\\\/\\\/secure.gravatar.com\\\/avatar\\\/5f53ce9fb6eed4a60e5aaaa712be8773880fa9459d9cac9bc4aa4fdbce3f447f?s=96&d=mm&r=g\",\"url\":\"https:\\\/\\\/secure.gravatar.com\\\/avatar\\\/5f53ce9fb6eed4a60e5aaaa712be8773880fa9459d9cac9bc4aa4fdbce3f447f?s=96&d=mm&r=g\",\"contentUrl\":\"https:\\\/\\\/secure.gravatar.com\\\/avatar\\\/5f53ce9fb6eed4a60e5aaaa712be8773880fa9459d9cac9bc4aa4fdbce3f447f?s=96&d=mm&r=g\",\"caption\":\"dev@grandiz.com\"},\"sameAs\":[\"http:\\\/\\\/preprod.retaildetail.be\"],\"url\":\"https:\\\/\\\/www.retaildetail.be\\\/nl\\\/author\\\/devgrandiz-com\\\/\"}]}<\/script>\n<!-- \/ Yoast SEO plugin. -->","yoast_head_json":{"title":"Brico&#039;s Geert Verkest nieuwe voorzitter Comeos - RetailDetail BE","robots":{"index":"index","follow":"follow","max-snippet":"max-snippet:-1","max-image-preview":"max-image-preview:large","max-video-preview":"max-video-preview:-1"},"canonical":"https:\/\/www.retaildetail.be\/nl\/news\/algemeen\/bricos-geert-verkest-nieuwe-voorzitter-comeos\/","og_locale":"nl_NL","og_type":"article","og_title":"Brico&#039;s Geert Verkest nieuwe voorzitter Comeos - RetailDetail BE","og_description":"Wat we een hele poos geleden\u00a0al hadden aangekondigd,\u00a0is eindelijk formeel bewaarheid: Geert Verkest is verkozen tot nieuwe voorzitter van Comeos, de federatie van de handel en diensten in Belgi\u00eb, op diens algemene statutaire vergadering van 11 mei. De Brico-topman neemt de fakkel over van Jean de Leu, die de functie drie jaar lang uitoefende. Geert [&hellip;]","og_url":"https:\/\/www.retaildetail.be\/nl\/news\/algemeen\/bricos-geert-verkest-nieuwe-voorzitter-comeos\/","og_site_name":"RetailDetail BE","article_published_time":"2011-05-12T11:28:16+00:00","og_image":[{"width":281,"height":147,"url":"https:\/\/i0.wp.com\/www.retaildetail.be\/wp-content\/uploads\/2022\/04\/logo.png?fit=281%2C147&quality=100&strip=all&ssl=1","type":"image\/png"}],"author":"dev@grandiz.com","twitter_card":"summary_large_image","twitter_misc":{"Geschreven door":"dev@grandiz.com","Geschatte leestijd":"1 minuut"},"schema":{"@context":"https:\/\/schema.org","@graph":[{"@type":"NewsArticle","@id":"https:\/\/www.retaildetail.be\/nl\/news\/algemeen\/bricos-geert-verkest-nieuwe-voorzitter-comeos\/#article","isPartOf":{"@id":"https:\/\/www.retaildetail.be\/nl\/news\/algemeen\/bricos-geert-verkest-nieuwe-voorzitter-comeos\/"},"author":{"name":"dev@grandiz.com","@id":"https:\/\/www.retaildetail.be\/nl\/#\/schema\/person\/ba2d383452a753a3a1ce8cdb349b5fc9"},"headline":"Brico&#039;s Geert Verkest nieuwe voorzitter Comeos","datePublished":"2011-05-12T11:28:16+00:00","mainEntityOfPage":{"@id":"https:\/\/www.retaildetail.be\/nl\/news\/algemeen\/bricos-geert-verkest-nieuwe-voorzitter-comeos\/"},"wordCount":275,"publisher":{"@id":"https:\/\/www.retaildetail.be\/nl\/#organization"},"image":{"@id":"https:\/\/www.retaildetail.be\/nl\/news\/algemeen\/bricos-geert-verkest-nieuwe-voorzitter-comeos\/#primaryimage"},"thumbnailUrl":"https:\/\/www.retaildetail.be\/wp-content\/uploads\/2022\/04\/logo.png","articleSection":["Algemeen"],"inLanguage":"nl-NL","copyrightYear":"2011","copyrightHolder":{"@id":"https:\/\/www.retaildetail.be\/#organization"}},{"@type":"WebPage","@id":"https:\/\/www.retaildetail.be\/nl\/news\/algemeen\/bricos-geert-verkest-nieuwe-voorzitter-comeos\/","url":"https:\/\/www.retaildetail.be\/nl\/news\/algemeen\/bricos-geert-verkest-nieuwe-voorzitter-comeos\/","name":"Brico&#039;s Geert Verkest nieuwe voorzitter Comeos - RetailDetail BE","isPartOf":{"@id":"https:\/\/www.retaildetail.be\/nl\/#website"},"primaryImageOfPage":{"@id":"https:\/\/www.retaildetail.be\/nl\/news\/algemeen\/bricos-geert-verkest-nieuwe-voorzitter-comeos\/#primaryimage"},"image":{"@id":"https:\/\/www.retaildetail.be\/nl\/news\/algemeen\/bricos-geert-verkest-nieuwe-voorzitter-comeos\/#primaryimage"},"thumbnailUrl":"https:\/\/www.retaildetail.be\/wp-content\/uploads\/2022\/04\/logo.png","datePublished":"2011-05-12T11:28:16+00:00","breadcrumb":{"@id":"https:\/\/www.retaildetail.be\/nl\/news\/algemeen\/bricos-geert-verkest-nieuwe-voorzitter-comeos\/#breadcrumb"},"inLanguage":"nl-NL","potentialAction":[{"@type":"ReadAction","target":["https:\/\/www.retaildetail.be\/nl\/news\/algemeen\/bricos-geert-verkest-nieuwe-voorzitter-comeos\/"]}]},{"@type":"ImageObject","inLanguage":"nl-NL","@id":"https:\/\/www.retaildetail.be\/nl\/news\/algemeen\/bricos-geert-verkest-nieuwe-voorzitter-comeos\/#primaryimage","url":"https:\/\/www.retaildetail.be\/wp-content\/uploads\/2022\/04\/logo.png","contentUrl":"https:\/\/www.retaildetail.be\/wp-content\/uploads\/2022\/04\/logo.png","width":281,"height":147},{"@type":"BreadcrumbList","@id":"https:\/\/www.retaildetail.be\/nl\/news\/algemeen\/bricos-geert-verkest-nieuwe-voorzitter-comeos\/#breadcrumb","itemListElement":[{"@type":"ListItem","position":1,"name":"Home","item":"https:\/\/www.retaildetail.be\/nl\/"},{"@type":"ListItem","position":2,"name":"Brico&#039;s Geert Verkest nieuwe voorzitter Comeos"}]},{"@type":"WebSite","@id":"https:\/\/www.retaildetail.be\/nl\/#website","url":"https:\/\/www.retaildetail.be\/nl\/","name":"RetailDetail BE","description":"News","publisher":{"@id":"https:\/\/www.retaildetail.be\/nl\/#organization"},"potentialAction":[{"@type":"SearchAction","target":{"@type":"EntryPoint","urlTemplate":"https:\/\/www.retaildetail.be\/nl\/?s={search_term_string}"},"query-input":{"@type":"PropertyValueSpecification","valueRequired":true,"valueName":"search_term_string"}}],"inLanguage":"nl-NL"},{"@type":"Organization","@id":"https:\/\/www.retaildetail.be\/nl\/#organization","name":"RetailDetail BE","url":"https:\/\/www.retaildetail.be\/nl\/","logo":{"@type":"ImageObject","inLanguage":"nl-NL","@id":"https:\/\/www.retaildetail.be\/nl\/#\/schema\/logo\/image\/","url":"https:\/\/www.retaildetail.be\/wp-content\/uploads\/2022\/04\/logo.svg","contentUrl":"https:\/\/www.retaildetail.be\/wp-content\/uploads\/2022\/04\/logo.svg","width":131,"height":70,"caption":"RetailDetail BE"},"image":{"@id":"https:\/\/www.retaildetail.be\/nl\/#\/schema\/logo\/image\/"}},{"@type":"Person","@id":"https:\/\/www.retaildetail.be\/nl\/#\/schema\/person\/ba2d383452a753a3a1ce8cdb349b5fc9","name":"dev@grandiz.com","image":{"@type":"ImageObject","inLanguage":"nl-NL","@id":"https:\/\/secure.gravatar.com\/avatar\/5f53ce9fb6eed4a60e5aaaa712be8773880fa9459d9cac9bc4aa4fdbce3f447f?s=96&d=mm&r=g","url":"https:\/\/secure.gravatar.com\/avatar\/5f53ce9fb6eed4a60e5aaaa712be8773880fa9459d9cac9bc4aa4fdbce3f447f?s=96&d=mm&r=g","contentUrl":"https:\/\/secure.gravatar.com\/avatar\/5f53ce9fb6eed4a60e5aaaa712be8773880fa9459d9cac9bc4aa4fdbce3f447f?s=96&d=mm&r=g","caption":"dev@grandiz.com"},"sameAs":["http:\/\/preprod.retaildetail.be"],"url":"https:\/\/www.retaildetail.be\/nl\/author\/devgrandiz-com\/"}]}},"jetpack_featured_media_url":"https:\/\/www.retaildetail.be\/wp-content\/uploads\/2022\/04\/logo.png","jetpack_sharing_enabled":true,"_links":{"self":[{"href":"https:\/\/www.retaildetail.be\/nl\/wp-json\/wp\/v2\/posts\/583","targetHints":{"allow":["GET"]}}],"collection":[{"href":"https:\/\/www.retaildetail.be\/nl\/wp-json\/wp\/v2\/posts"}],"about":[{"href":"https:\/\/www.retaildetail.be\/nl\/wp-json\/wp\/v2\/types\/post"}],"author":[{"embeddable":true,"href":"https:\/\/www.retaildetail.be\/nl\/wp-json\/wp\/v2\/users\/1"}],"replies":[{"embeddable":true,"href":"https:\/\/www.retaildetail.be\/nl\/wp-json\/wp\/v2\/comments?post=583"}],"version-history":[{"count":0,"href":"https:\/\/www.retaildetail.be\/nl\/wp-json\/wp\/v2\/posts\/583\/revisions"}],"wp:featuredmedia":[{"embeddable":true,"href":"https:\/\/www.retaildetail.be\/nl\/wp-json\/wp\/v2\/media\/84"}],"wp:attachment":[{"href":"https:\/\/www.retaildetail.be\/nl\/wp-json\/wp\/v2\/media?parent=583"}],"wp:term":[{"taxonomy":"category","embeddable":true,"href":"https:\/\/www.retaildetail.be\/nl\/wp-json\/wp\/v2\/categories?post=583"},{"taxonomy":"post_tag","embeddable":true,"href":"https:\/\/www.retaildetail.be\/nl\/wp-json\/wp\/v2\/tags?post=583"},{"taxonomy":"people","embeddable":true,"href":"https:\/\/www.retaildetail.be\/nl\/wp-json\/wp\/v2\/people?post=583"},{"taxonomy":"extra","embeddable":true,"href":"https:\/\/www.retaildetail.be\/nl\/wp-json\/wp\/v2\/extra?post=583"},{"taxonomy":"company","embeddable":true,"href":"https:\/\/www.retaildetail.be\/nl\/wp-json\/wp\/v2\/company?post=583"},{"taxonomy":"topic","embeddable":true,"href":"https:\/\/www.retaildetail.be\/nl\/wp-json\/wp\/v2\/topic?post=583"},{"taxonomy":"region","embeddable":true,"href":"https:\/\/www.retaildetail.be\/nl\/wp-json\/wp\/v2\/region?post=583"}],"curies":[{"name":"wp","href":"https:\/\/api.w.org\/{rel}","templated":true}]}}