{"id":637,"date":"2011-06-10T06:12:57","date_gmt":"2011-06-10T06:12:57","guid":{"rendered":"https:\/\/www.retaildetail.be\/wonen\/val-saint-lambert-opent-flagship-store-brusselse-koningsgalerij\/"},"modified":"2011-06-10T06:12:57","modified_gmt":"2011-06-10T06:12:57","slug":"val-saint-lambert-opent-flagship-store-brusselse-koningsgalerij","status":"publish","type":"post","link":"https:\/\/www.retaildetail.be\/nl\/news\/wonen\/val-saint-lambert-opent-flagship-store-brusselse-koningsgalerij\/","title":{"rendered":"Val Saint Lambert opent flagship store in Brusselse Koningsgalerij"},"content":{"rendered":"<p>\u00a0<\/p>\n<h2>\n<br class=\"Apple-interchange-newline\" \/><br \/>\nBelgisch vakmanschap<\/h2>\n<p>\u201cDe kristalfabriek van Val Saint Lambert staat symbool voor puur Belgisch vakmanschap. Onze collecties, mondgeblazen en handgeslepen, zijn uniek in de wereld. We zijn blij dat we nu, via onze nieuwe zaak in de prestigieuze Koningsgalerij, alle Belgen kunnen laten kennismaken met deze rijke traditie. Op deze locatie springen we bovendien in het oog van de vele toeristen die elke dag door deze historische wijk kuieren. Hier zijn we waardige vertegenwoordigers van de knowhow made in Belgium\u201d, aldus Justin Onclin bij de offici\u00eble opening van de winkel.<\/p>\n<p>\nDe flagship store omvat zowel traditionelere ontwerpen als eigentijds kristaldesign van de Belgische ontwerper Charles Kaisin, de man achter de recente collecties Pythagore, Orph\u00e9o en Kal\u00e9ido. \u201cUiteraard positioneert de flagship store zich in een luxesegment, maar dat neemt niet weg dat de boetiek erg toegankelijk is.\u201d, aldus nog de topman van Val Saint Lambert.<\/p>\n<h2>Ambitieuze internationale plannen<\/h2>\n<p><img loading=\"lazy\" decoding=\"async\" title=\"\" alt=\"\" align=\"right\" width=\"200\" height=\"133\" src=\"\/sites\/default\/files\/spacer.png\" style=\"margin-top: 10px;margin-bottom: 10px;margin-left: 10px\" \/>De opening van deze eerste flagship store is een logisch verlengstuk van het commerci\u00eble beleid dat de groep in het buitenland al uitstippelde. Kristal uit Val Saint Lambert is vandaag al verkrijgbaar in meer dan veertig landen, van de Verenigde Staten tot Saoedi-Arabi\u00eb, van Spanje tot Japan.<br \/>\nIn eerste instantie heeft Val Saint Lambert ervoor gekozen om corner shops te installeren in lifestylewinkels die kwalitatief hoogstaande producten verkopen. Vandaag heeft het luxemerk al corner shops in Dubai, Saoedi-Arabi\u00eb (Riyad en Djedda), Kazachstan (Almaty), Litouwen, Oekra\u00efne en Rusland (Moskou). \u201cTegen eind dit jaar willen we nog corner shops openen in Milaan, Shanghai, Peking, Canton, Abu Dhabi en Qatar. Voor 2012 hopen we nog een andere flagship store te lanceren in Shanghai en in India\u201d, aldus een ambitieuze Onclin.<\/p>\n<h2>Tweede adem<\/h2>\n<p>Na een zware periode en meerdere wissels van eigenaar heeft de Belgische kristaltrots, sinds de overname van het merk door de familie Onclin, zijn tweede adem gevonden. Zo steeg de omzet in het eerste trimester van 2011 al met 30% vergeleken met dezelfde periode vorig jaar. Streefdoel voor 2011 is 40 \u00e0 45% m\u00e9\u00e9r te verkopen dan vorig jaar.<\/p>\n<p>\nIn Belgi\u00eb telt Val Saint Lambert vandaag vijf corner shops \u2013 twee in Hasselt en telkens eentje in Luik, Kortrijk en Menen. En nu is er dus de nagelnieuwe flagship store in hartje Brussel.<\/p>\n<p>\u00a0<\/p>\n","protected":false},"excerpt":{"rendered":"<p>\u00a0 Belgisch vakmanschap \u201cDe kristalfabriek van Val Saint Lambert staat symbool voor puur Belgisch vakmanschap. Onze collecties, mondgeblazen en handgeslepen, zijn uniek in de wereld. We zijn blij dat we nu, via onze nieuwe zaak in de prestigieuze Koningsgalerij, alle Belgen kunnen laten kennismaken met deze rijke traditie. Op deze locatie springen we bovendien in [&hellip;]<\/p>\n","protected":false},"author":1,"featured_media":84,"comment_status":"closed","ping_status":"closed","sticky":false,"template":"","format":"standard","meta":{"_acf_changed":false,"inline_featured_image":false,"_jetpack_memberships_contains_paid_content":false,"footnotes":""},"categories":[21],"tags":[],"people":[],"extra":[],"company":[],"topic":[],"region":[],"class_list":["post-637","post","type-post","status-publish","format-standard","has-post-thumbnail","hentry","category-wonen"],"acf":[],"yoast_head":"<!-- This site is optimized with the Yoast SEO plugin v27.3 - https:\/\/yoast.com\/product\/yoast-seo-wordpress\/ -->\n<title>Val Saint Lambert opent flagship store in Brusselse Koningsgalerij - RetailDetail BE<\/title>\n<meta name=\"robots\" content=\"index, follow, max-snippet:-1, max-image-preview:large, max-video-preview:-1\" \/>\n<link rel=\"canonical\" href=\"https:\/\/www.retaildetail.be\/nl\/news\/wonen\/val-saint-lambert-opent-flagship-store-brusselse-koningsgalerij\/\" \/>\n<meta property=\"og:locale\" content=\"nl_NL\" \/>\n<meta property=\"og:type\" content=\"article\" \/>\n<meta property=\"og:title\" content=\"Val Saint Lambert opent flagship store in Brusselse Koningsgalerij - RetailDetail BE\" \/>\n<meta property=\"og:description\" content=\"\u00a0 Belgisch vakmanschap \u201cDe kristalfabriek van Val Saint Lambert staat symbool voor puur Belgisch vakmanschap. Onze collecties, mondgeblazen en handgeslepen, zijn uniek in de wereld. We zijn blij dat we nu, via onze nieuwe zaak in de prestigieuze Koningsgalerij, alle Belgen kunnen laten kennismaken met deze rijke traditie. Op deze locatie springen we bovendien in [&hellip;]\" \/>\n<meta property=\"og:url\" content=\"https:\/\/www.retaildetail.be\/nl\/news\/wonen\/val-saint-lambert-opent-flagship-store-brusselse-koningsgalerij\/\" \/>\n<meta property=\"og:site_name\" content=\"RetailDetail BE\" \/>\n<meta property=\"article:published_time\" content=\"2011-06-10T06:12:57+00:00\" \/>\n<meta property=\"og:image\" content=\"https:\/\/i0.wp.com\/www.retaildetail.be\/wp-content\/uploads\/2022\/04\/logo.png?fit=281%2C147&quality=100&strip=all&ssl=1\" \/>\n\t<meta property=\"og:image:width\" content=\"281\" \/>\n\t<meta property=\"og:image:height\" content=\"147\" \/>\n\t<meta property=\"og:image:type\" content=\"image\/png\" \/>\n<meta name=\"author\" content=\"dev@grandiz.com\" \/>\n<meta name=\"twitter:card\" content=\"summary_large_image\" \/>\n<meta name=\"twitter:label1\" content=\"Geschreven door\" \/>\n\t<meta name=\"twitter:data1\" content=\"dev@grandiz.com\" \/>\n\t<meta name=\"twitter:label2\" content=\"Geschatte leestijd\" \/>\n\t<meta name=\"twitter:data2\" content=\"2 minuten\" \/>\n<script type=\"application\/ld+json\" class=\"yoast-schema-graph\">{\"@context\":\"https:\\\/\\\/schema.org\",\"@graph\":[{\"@type\":\"NewsArticle\",\"@id\":\"https:\\\/\\\/www.retaildetail.be\\\/nl\\\/news\\\/wonen\\\/val-saint-lambert-opent-flagship-store-brusselse-koningsgalerij\\\/#article\",\"isPartOf\":{\"@id\":\"https:\\\/\\\/www.retaildetail.be\\\/nl\\\/news\\\/wonen\\\/val-saint-lambert-opent-flagship-store-brusselse-koningsgalerij\\\/\"},\"author\":{\"name\":\"dev@grandiz.com\",\"@id\":\"https:\\\/\\\/www.retaildetail.be\\\/nl\\\/#\\\/schema\\\/person\\\/ba2d383452a753a3a1ce8cdb349b5fc9\"},\"headline\":\"Val Saint Lambert opent flagship store in Brusselse Koningsgalerij\",\"datePublished\":\"2011-06-10T06:12:57+00:00\",\"mainEntityOfPage\":{\"@id\":\"https:\\\/\\\/www.retaildetail.be\\\/nl\\\/news\\\/wonen\\\/val-saint-lambert-opent-flagship-store-brusselse-koningsgalerij\\\/\"},\"wordCount\":375,\"publisher\":{\"@id\":\"https:\\\/\\\/www.retaildetail.be\\\/nl\\\/#organization\"},\"image\":{\"@id\":\"https:\\\/\\\/www.retaildetail.be\\\/nl\\\/news\\\/wonen\\\/val-saint-lambert-opent-flagship-store-brusselse-koningsgalerij\\\/#primaryimage\"},\"thumbnailUrl\":\"https:\\\/\\\/www.retaildetail.be\\\/wp-content\\\/uploads\\\/2022\\\/04\\\/logo.png\",\"articleSection\":[\"Wonen\"],\"inLanguage\":\"nl-NL\",\"copyrightYear\":\"2011\",\"copyrightHolder\":{\"@id\":\"https:\\\/\\\/www.retaildetail.be\\\/#organization\"}},{\"@type\":\"WebPage\",\"@id\":\"https:\\\/\\\/www.retaildetail.be\\\/nl\\\/news\\\/wonen\\\/val-saint-lambert-opent-flagship-store-brusselse-koningsgalerij\\\/\",\"url\":\"https:\\\/\\\/www.retaildetail.be\\\/nl\\\/news\\\/wonen\\\/val-saint-lambert-opent-flagship-store-brusselse-koningsgalerij\\\/\",\"name\":\"Val Saint Lambert opent flagship store in Brusselse Koningsgalerij - RetailDetail BE\",\"isPartOf\":{\"@id\":\"https:\\\/\\\/www.retaildetail.be\\\/nl\\\/#website\"},\"primaryImageOfPage\":{\"@id\":\"https:\\\/\\\/www.retaildetail.be\\\/nl\\\/news\\\/wonen\\\/val-saint-lambert-opent-flagship-store-brusselse-koningsgalerij\\\/#primaryimage\"},\"image\":{\"@id\":\"https:\\\/\\\/www.retaildetail.be\\\/nl\\\/news\\\/wonen\\\/val-saint-lambert-opent-flagship-store-brusselse-koningsgalerij\\\/#primaryimage\"},\"thumbnailUrl\":\"https:\\\/\\\/www.retaildetail.be\\\/wp-content\\\/uploads\\\/2022\\\/04\\\/logo.png\",\"datePublished\":\"2011-06-10T06:12:57+00:00\",\"breadcrumb\":{\"@id\":\"https:\\\/\\\/www.retaildetail.be\\\/nl\\\/news\\\/wonen\\\/val-saint-lambert-opent-flagship-store-brusselse-koningsgalerij\\\/#breadcrumb\"},\"inLanguage\":\"nl-NL\",\"potentialAction\":[{\"@type\":\"ReadAction\",\"target\":[\"https:\\\/\\\/www.retaildetail.be\\\/nl\\\/news\\\/wonen\\\/val-saint-lambert-opent-flagship-store-brusselse-koningsgalerij\\\/\"]}]},{\"@type\":\"ImageObject\",\"inLanguage\":\"nl-NL\",\"@id\":\"https:\\\/\\\/www.retaildetail.be\\\/nl\\\/news\\\/wonen\\\/val-saint-lambert-opent-flagship-store-brusselse-koningsgalerij\\\/#primaryimage\",\"url\":\"https:\\\/\\\/www.retaildetail.be\\\/wp-content\\\/uploads\\\/2022\\\/04\\\/logo.png\",\"contentUrl\":\"https:\\\/\\\/www.retaildetail.be\\\/wp-content\\\/uploads\\\/2022\\\/04\\\/logo.png\",\"width\":281,\"height\":147},{\"@type\":\"BreadcrumbList\",\"@id\":\"https:\\\/\\\/www.retaildetail.be\\\/nl\\\/news\\\/wonen\\\/val-saint-lambert-opent-flagship-store-brusselse-koningsgalerij\\\/#breadcrumb\",\"itemListElement\":[{\"@type\":\"ListItem\",\"position\":1,\"name\":\"Home\",\"item\":\"https:\\\/\\\/www.retaildetail.be\\\/nl\\\/\"},{\"@type\":\"ListItem\",\"position\":2,\"name\":\"Val Saint Lambert opent flagship store in Brusselse Koningsgalerij\"}]},{\"@type\":\"WebSite\",\"@id\":\"https:\\\/\\\/www.retaildetail.be\\\/nl\\\/#website\",\"url\":\"https:\\\/\\\/www.retaildetail.be\\\/nl\\\/\",\"name\":\"RetailDetail BE\",\"description\":\"News\",\"publisher\":{\"@id\":\"https:\\\/\\\/www.retaildetail.be\\\/nl\\\/#organization\"},\"potentialAction\":[{\"@type\":\"SearchAction\",\"target\":{\"@type\":\"EntryPoint\",\"urlTemplate\":\"https:\\\/\\\/www.retaildetail.be\\\/nl\\\/?s={search_term_string}\"},\"query-input\":{\"@type\":\"PropertyValueSpecification\",\"valueRequired\":true,\"valueName\":\"search_term_string\"}}],\"inLanguage\":\"nl-NL\"},{\"@type\":\"Organization\",\"@id\":\"https:\\\/\\\/www.retaildetail.be\\\/nl\\\/#organization\",\"name\":\"RetailDetail BE\",\"url\":\"https:\\\/\\\/www.retaildetail.be\\\/nl\\\/\",\"logo\":{\"@type\":\"ImageObject\",\"inLanguage\":\"nl-NL\",\"@id\":\"https:\\\/\\\/www.retaildetail.be\\\/nl\\\/#\\\/schema\\\/logo\\\/image\\\/\",\"url\":\"https:\\\/\\\/www.retaildetail.be\\\/wp-content\\\/uploads\\\/2022\\\/04\\\/logo.svg\",\"contentUrl\":\"https:\\\/\\\/www.retaildetail.be\\\/wp-content\\\/uploads\\\/2022\\\/04\\\/logo.svg\",\"width\":131,\"height\":70,\"caption\":\"RetailDetail BE\"},\"image\":{\"@id\":\"https:\\\/\\\/www.retaildetail.be\\\/nl\\\/#\\\/schema\\\/logo\\\/image\\\/\"}},{\"@type\":\"Person\",\"@id\":\"https:\\\/\\\/www.retaildetail.be\\\/nl\\\/#\\\/schema\\\/person\\\/ba2d383452a753a3a1ce8cdb349b5fc9\",\"name\":\"dev@grandiz.com\",\"image\":{\"@type\":\"ImageObject\",\"inLanguage\":\"nl-NL\",\"@id\":\"https:\\\/\\\/secure.gravatar.com\\\/avatar\\\/5f53ce9fb6eed4a60e5aaaa712be8773880fa9459d9cac9bc4aa4fdbce3f447f?s=96&d=mm&r=g\",\"url\":\"https:\\\/\\\/secure.gravatar.com\\\/avatar\\\/5f53ce9fb6eed4a60e5aaaa712be8773880fa9459d9cac9bc4aa4fdbce3f447f?s=96&d=mm&r=g\",\"contentUrl\":\"https:\\\/\\\/secure.gravatar.com\\\/avatar\\\/5f53ce9fb6eed4a60e5aaaa712be8773880fa9459d9cac9bc4aa4fdbce3f447f?s=96&d=mm&r=g\",\"caption\":\"dev@grandiz.com\"},\"sameAs\":[\"http:\\\/\\\/preprod.retaildetail.be\"],\"url\":\"https:\\\/\\\/www.retaildetail.be\\\/nl\\\/author\\\/devgrandiz-com\\\/\"}]}<\/script>\n<!-- \/ Yoast SEO plugin. -->","yoast_head_json":{"title":"Val Saint Lambert opent flagship store in Brusselse Koningsgalerij - RetailDetail BE","robots":{"index":"index","follow":"follow","max-snippet":"max-snippet:-1","max-image-preview":"max-image-preview:large","max-video-preview":"max-video-preview:-1"},"canonical":"https:\/\/www.retaildetail.be\/nl\/news\/wonen\/val-saint-lambert-opent-flagship-store-brusselse-koningsgalerij\/","og_locale":"nl_NL","og_type":"article","og_title":"Val Saint Lambert opent flagship store in Brusselse Koningsgalerij - RetailDetail BE","og_description":"\u00a0 Belgisch vakmanschap \u201cDe kristalfabriek van Val Saint Lambert staat symbool voor puur Belgisch vakmanschap. Onze collecties, mondgeblazen en handgeslepen, zijn uniek in de wereld. We zijn blij dat we nu, via onze nieuwe zaak in de prestigieuze Koningsgalerij, alle Belgen kunnen laten kennismaken met deze rijke traditie. Op deze locatie springen we bovendien in [&hellip;]","og_url":"https:\/\/www.retaildetail.be\/nl\/news\/wonen\/val-saint-lambert-opent-flagship-store-brusselse-koningsgalerij\/","og_site_name":"RetailDetail BE","article_published_time":"2011-06-10T06:12:57+00:00","og_image":[{"width":281,"height":147,"url":"https:\/\/i0.wp.com\/www.retaildetail.be\/wp-content\/uploads\/2022\/04\/logo.png?fit=281%2C147&quality=100&strip=all&ssl=1","type":"image\/png"}],"author":"dev@grandiz.com","twitter_card":"summary_large_image","twitter_misc":{"Geschreven door":"dev@grandiz.com","Geschatte leestijd":"2 minuten"},"schema":{"@context":"https:\/\/schema.org","@graph":[{"@type":"NewsArticle","@id":"https:\/\/www.retaildetail.be\/nl\/news\/wonen\/val-saint-lambert-opent-flagship-store-brusselse-koningsgalerij\/#article","isPartOf":{"@id":"https:\/\/www.retaildetail.be\/nl\/news\/wonen\/val-saint-lambert-opent-flagship-store-brusselse-koningsgalerij\/"},"author":{"name":"dev@grandiz.com","@id":"https:\/\/www.retaildetail.be\/nl\/#\/schema\/person\/ba2d383452a753a3a1ce8cdb349b5fc9"},"headline":"Val Saint Lambert opent flagship store in Brusselse Koningsgalerij","datePublished":"2011-06-10T06:12:57+00:00","mainEntityOfPage":{"@id":"https:\/\/www.retaildetail.be\/nl\/news\/wonen\/val-saint-lambert-opent-flagship-store-brusselse-koningsgalerij\/"},"wordCount":375,"publisher":{"@id":"https:\/\/www.retaildetail.be\/nl\/#organization"},"image":{"@id":"https:\/\/www.retaildetail.be\/nl\/news\/wonen\/val-saint-lambert-opent-flagship-store-brusselse-koningsgalerij\/#primaryimage"},"thumbnailUrl":"https:\/\/www.retaildetail.be\/wp-content\/uploads\/2022\/04\/logo.png","articleSection":["Wonen"],"inLanguage":"nl-NL","copyrightYear":"2011","copyrightHolder":{"@id":"https:\/\/www.retaildetail.be\/#organization"}},{"@type":"WebPage","@id":"https:\/\/www.retaildetail.be\/nl\/news\/wonen\/val-saint-lambert-opent-flagship-store-brusselse-koningsgalerij\/","url":"https:\/\/www.retaildetail.be\/nl\/news\/wonen\/val-saint-lambert-opent-flagship-store-brusselse-koningsgalerij\/","name":"Val Saint Lambert opent flagship store in Brusselse Koningsgalerij - RetailDetail BE","isPartOf":{"@id":"https:\/\/www.retaildetail.be\/nl\/#website"},"primaryImageOfPage":{"@id":"https:\/\/www.retaildetail.be\/nl\/news\/wonen\/val-saint-lambert-opent-flagship-store-brusselse-koningsgalerij\/#primaryimage"},"image":{"@id":"https:\/\/www.retaildetail.be\/nl\/news\/wonen\/val-saint-lambert-opent-flagship-store-brusselse-koningsgalerij\/#primaryimage"},"thumbnailUrl":"https:\/\/www.retaildetail.be\/wp-content\/uploads\/2022\/04\/logo.png","datePublished":"2011-06-10T06:12:57+00:00","breadcrumb":{"@id":"https:\/\/www.retaildetail.be\/nl\/news\/wonen\/val-saint-lambert-opent-flagship-store-brusselse-koningsgalerij\/#breadcrumb"},"inLanguage":"nl-NL","potentialAction":[{"@type":"ReadAction","target":["https:\/\/www.retaildetail.be\/nl\/news\/wonen\/val-saint-lambert-opent-flagship-store-brusselse-koningsgalerij\/"]}]},{"@type":"ImageObject","inLanguage":"nl-NL","@id":"https:\/\/www.retaildetail.be\/nl\/news\/wonen\/val-saint-lambert-opent-flagship-store-brusselse-koningsgalerij\/#primaryimage","url":"https:\/\/www.retaildetail.be\/wp-content\/uploads\/2022\/04\/logo.png","contentUrl":"https:\/\/www.retaildetail.be\/wp-content\/uploads\/2022\/04\/logo.png","width":281,"height":147},{"@type":"BreadcrumbList","@id":"https:\/\/www.retaildetail.be\/nl\/news\/wonen\/val-saint-lambert-opent-flagship-store-brusselse-koningsgalerij\/#breadcrumb","itemListElement":[{"@type":"ListItem","position":1,"name":"Home","item":"https:\/\/www.retaildetail.be\/nl\/"},{"@type":"ListItem","position":2,"name":"Val Saint Lambert opent flagship store in Brusselse Koningsgalerij"}]},{"@type":"WebSite","@id":"https:\/\/www.retaildetail.be\/nl\/#website","url":"https:\/\/www.retaildetail.be\/nl\/","name":"RetailDetail BE","description":"News","publisher":{"@id":"https:\/\/www.retaildetail.be\/nl\/#organization"},"potentialAction":[{"@type":"SearchAction","target":{"@type":"EntryPoint","urlTemplate":"https:\/\/www.retaildetail.be\/nl\/?s={search_term_string}"},"query-input":{"@type":"PropertyValueSpecification","valueRequired":true,"valueName":"search_term_string"}}],"inLanguage":"nl-NL"},{"@type":"Organization","@id":"https:\/\/www.retaildetail.be\/nl\/#organization","name":"RetailDetail BE","url":"https:\/\/www.retaildetail.be\/nl\/","logo":{"@type":"ImageObject","inLanguage":"nl-NL","@id":"https:\/\/www.retaildetail.be\/nl\/#\/schema\/logo\/image\/","url":"https:\/\/www.retaildetail.be\/wp-content\/uploads\/2022\/04\/logo.svg","contentUrl":"https:\/\/www.retaildetail.be\/wp-content\/uploads\/2022\/04\/logo.svg","width":131,"height":70,"caption":"RetailDetail BE"},"image":{"@id":"https:\/\/www.retaildetail.be\/nl\/#\/schema\/logo\/image\/"}},{"@type":"Person","@id":"https:\/\/www.retaildetail.be\/nl\/#\/schema\/person\/ba2d383452a753a3a1ce8cdb349b5fc9","name":"dev@grandiz.com","image":{"@type":"ImageObject","inLanguage":"nl-NL","@id":"https:\/\/secure.gravatar.com\/avatar\/5f53ce9fb6eed4a60e5aaaa712be8773880fa9459d9cac9bc4aa4fdbce3f447f?s=96&d=mm&r=g","url":"https:\/\/secure.gravatar.com\/avatar\/5f53ce9fb6eed4a60e5aaaa712be8773880fa9459d9cac9bc4aa4fdbce3f447f?s=96&d=mm&r=g","contentUrl":"https:\/\/secure.gravatar.com\/avatar\/5f53ce9fb6eed4a60e5aaaa712be8773880fa9459d9cac9bc4aa4fdbce3f447f?s=96&d=mm&r=g","caption":"dev@grandiz.com"},"sameAs":["http:\/\/preprod.retaildetail.be"],"url":"https:\/\/www.retaildetail.be\/nl\/author\/devgrandiz-com\/"}]}},"jetpack_featured_media_url":"https:\/\/www.retaildetail.be\/wp-content\/uploads\/2022\/04\/logo.png","jetpack_sharing_enabled":true,"_links":{"self":[{"href":"https:\/\/www.retaildetail.be\/nl\/wp-json\/wp\/v2\/posts\/637","targetHints":{"allow":["GET"]}}],"collection":[{"href":"https:\/\/www.retaildetail.be\/nl\/wp-json\/wp\/v2\/posts"}],"about":[{"href":"https:\/\/www.retaildetail.be\/nl\/wp-json\/wp\/v2\/types\/post"}],"author":[{"embeddable":true,"href":"https:\/\/www.retaildetail.be\/nl\/wp-json\/wp\/v2\/users\/1"}],"replies":[{"embeddable":true,"href":"https:\/\/www.retaildetail.be\/nl\/wp-json\/wp\/v2\/comments?post=637"}],"version-history":[{"count":0,"href":"https:\/\/www.retaildetail.be\/nl\/wp-json\/wp\/v2\/posts\/637\/revisions"}],"wp:featuredmedia":[{"embeddable":true,"href":"https:\/\/www.retaildetail.be\/nl\/wp-json\/wp\/v2\/media\/84"}],"wp:attachment":[{"href":"https:\/\/www.retaildetail.be\/nl\/wp-json\/wp\/v2\/media?parent=637"}],"wp:term":[{"taxonomy":"category","embeddable":true,"href":"https:\/\/www.retaildetail.be\/nl\/wp-json\/wp\/v2\/categories?post=637"},{"taxonomy":"post_tag","embeddable":true,"href":"https:\/\/www.retaildetail.be\/nl\/wp-json\/wp\/v2\/tags?post=637"},{"taxonomy":"people","embeddable":true,"href":"https:\/\/www.retaildetail.be\/nl\/wp-json\/wp\/v2\/people?post=637"},{"taxonomy":"extra","embeddable":true,"href":"https:\/\/www.retaildetail.be\/nl\/wp-json\/wp\/v2\/extra?post=637"},{"taxonomy":"company","embeddable":true,"href":"https:\/\/www.retaildetail.be\/nl\/wp-json\/wp\/v2\/company?post=637"},{"taxonomy":"topic","embeddable":true,"href":"https:\/\/www.retaildetail.be\/nl\/wp-json\/wp\/v2\/topic?post=637"},{"taxonomy":"region","embeddable":true,"href":"https:\/\/www.retaildetail.be\/nl\/wp-json\/wp\/v2\/region?post=637"}],"curies":[{"name":"wp","href":"https:\/\/api.w.org\/{rel}","templated":true}]}}