{"id":656,"date":"2011-06-21T11:48:20","date_gmt":"2011-06-21T11:48:20","guid":{"rendered":"https:\/\/www.retaildetail.be\/food\/delhaize-heeft-plannen-voor-extra-distributiecentrum-wallonie\/"},"modified":"2011-06-21T11:48:20","modified_gmt":"2011-06-21T11:48:20","slug":"delhaize-heeft-plannen-voor-extra-distributiecentrum-wallonie","status":"publish","type":"post","link":"https:\/\/www.retaildetail.be\/nl\/news\/food\/delhaize-heeft-plannen-voor-extra-distributiecentrum-wallonie\/","title":{"rendered":"Delhaize heeft plannen voor extra distributiecentrum in Walloni\u00eb"},"content":{"rendered":"<p><img loading=\"lazy\" decoding=\"async\" style=\"margin-bottom: 10px;margin-right: 10px\" title=\"\" alt=\"\" align=\"left\" width=\"200\" height=\"133\" src=\"\/sites\/default\/files\/spacer.png\" \/>Met een nieuw distributiecentrum in de buurt van Luik wil Delhaize twee vliegen in \u00e9\u00e9n klap slaan: extra capaciteit cre\u00ebren en tegelijk een oplossing bieden voor het stijgende fileprobleem. Vandaag worden de Waalse en Luxemburgse vestigingen van de groep nog altijd beleverd vanuit Zellik.<\/p>\n<h2>Project van 50 miljoen euro<\/h2>\n<p>\u201cOm te anticiperen op haar toekomstige groei heeft Delhaize de intentie om een nieuw regionaal distributiecentrum te bouwen\u201d, bevestigt Michel Eeckhout, CEO van Delhaize Belgi\u00eb. \u201cWe bestuderen momenteel samen met het Waalse Gewest de mogelijkheid om te investeren in de aankoop van een terrein in de industriezone Hauts-Sarts in Oupeye, in de streek van Luik. We schatten de investering op 50 miljoen euro. Maar dat bedrag moet nog worden bevestigd door de studie die nu loopt.\u201d<\/p>\n<p>\u00a0<\/p>\n<p>Nu het Waalse Gewest de optie heeft toegekend, kan Delhaize zijn rentabiliteitsstudie verfijnen en afronden. Die laatste moet dan worden goedgekeurd door de Raad van Bestuur van Delhaize Groep. Als die het licht op groen zet, kan de bouw starten in 2013 en zou het nieuwe verdeelcentrum operationeel moeten zijn tegen begin 2017. Het zou een honderdtal mensen een vaste baan kunnen bezorgen, aldus Delhaize.<\/p>\n<h2>Dichter en sneller bij de winkels<\/h2>\n<p>Het nieuwe distributiecentrum voegt extra capaciteit toe aan de bestaande distributiecentra van Zellik en Ninove. Delhaize benadrukt dat het om bijkomende capaciteit gaat: \u201cWe blijven investeren in Zellik en Ninove. Beide distributiecentra zullen zeer actief blijven in de toekomst.\u201d<\/p>\n<p>\nMaar er is nog een goede reden waarom Delhaize opteert voor de Luikse regio: \u201cHet verkeer op de Brusselse ring maakt het erg moeilijk om de winkels in het zuiden en het oosten van Belgi\u00eb en die van het Groothertogdom Luxemburg te bevoorraden. Een distributiecentrum in de streek van Luik, waar Delhaize over een zeer dicht winkelnetwerk beschikt, zal dus de bevoorrading van die winkels vergemakkelijken. Zo kunnen we tegelijk ook de transportkosten en de CO2-uitstoot verlagen.\u201d<\/p>\n","protected":false},"excerpt":{"rendered":"<p>Met een nieuw distributiecentrum in de buurt van Luik wil Delhaize twee vliegen in \u00e9\u00e9n klap slaan: extra capaciteit cre\u00ebren en tegelijk een oplossing bieden voor het stijgende fileprobleem. Vandaag worden de Waalse en Luxemburgse vestigingen van de groep nog altijd beleverd vanuit Zellik. Project van 50 miljoen euro \u201cOm te anticiperen op haar toekomstige [&hellip;]<\/p>\n","protected":false},"author":1,"featured_media":84,"comment_status":"closed","ping_status":"closed","sticky":false,"template":"","format":"standard","meta":{"_acf_changed":false,"inline_featured_image":false,"_jetpack_memberships_contains_paid_content":false,"footnotes":""},"categories":[18],"tags":[],"people":[],"extra":[],"company":[],"topic":[],"region":[],"class_list":["post-656","post","type-post","status-publish","format-standard","has-post-thumbnail","hentry","category-food"],"acf":[],"yoast_head":"<!-- This site is optimized with the Yoast SEO plugin v27.3 - https:\/\/yoast.com\/product\/yoast-seo-wordpress\/ -->\n<title>Delhaize heeft plannen voor extra distributiecentrum in Walloni\u00eb - RetailDetail BE<\/title>\n<meta name=\"robots\" content=\"index, follow, max-snippet:-1, max-image-preview:large, max-video-preview:-1\" \/>\n<link rel=\"canonical\" href=\"https:\/\/www.retaildetail.be\/nl\/news\/food\/delhaize-heeft-plannen-voor-extra-distributiecentrum-wallonie\/\" \/>\n<meta property=\"og:locale\" content=\"nl_NL\" \/>\n<meta property=\"og:type\" content=\"article\" \/>\n<meta property=\"og:title\" content=\"Delhaize heeft plannen voor extra distributiecentrum in Walloni\u00eb - RetailDetail BE\" \/>\n<meta property=\"og:description\" content=\"Met een nieuw distributiecentrum in de buurt van Luik wil Delhaize twee vliegen in \u00e9\u00e9n klap slaan: extra capaciteit cre\u00ebren en tegelijk een oplossing bieden voor het stijgende fileprobleem. Vandaag worden de Waalse en Luxemburgse vestigingen van de groep nog altijd beleverd vanuit Zellik. Project van 50 miljoen euro \u201cOm te anticiperen op haar toekomstige [&hellip;]\" \/>\n<meta property=\"og:url\" content=\"https:\/\/www.retaildetail.be\/nl\/news\/food\/delhaize-heeft-plannen-voor-extra-distributiecentrum-wallonie\/\" \/>\n<meta property=\"og:site_name\" content=\"RetailDetail BE\" \/>\n<meta property=\"article:published_time\" content=\"2011-06-21T11:48:20+00:00\" \/>\n<meta property=\"og:image\" content=\"https:\/\/i0.wp.com\/www.retaildetail.be\/wp-content\/uploads\/2022\/04\/logo.png?fit=281%2C147&quality=100&strip=all&ssl=1\" \/>\n\t<meta property=\"og:image:width\" content=\"281\" \/>\n\t<meta property=\"og:image:height\" content=\"147\" \/>\n\t<meta property=\"og:image:type\" content=\"image\/png\" \/>\n<meta name=\"author\" content=\"dev@grandiz.com\" \/>\n<meta name=\"twitter:card\" content=\"summary_large_image\" \/>\n<meta name=\"twitter:label1\" content=\"Geschreven door\" \/>\n\t<meta name=\"twitter:data1\" content=\"dev@grandiz.com\" \/>\n\t<meta name=\"twitter:label2\" content=\"Geschatte leestijd\" \/>\n\t<meta name=\"twitter:data2\" content=\"2 minuten\" \/>\n<script type=\"application\/ld+json\" class=\"yoast-schema-graph\">{\"@context\":\"https:\\\/\\\/schema.org\",\"@graph\":[{\"@type\":\"NewsArticle\",\"@id\":\"https:\\\/\\\/www.retaildetail.be\\\/nl\\\/news\\\/food\\\/delhaize-heeft-plannen-voor-extra-distributiecentrum-wallonie\\\/#article\",\"isPartOf\":{\"@id\":\"https:\\\/\\\/www.retaildetail.be\\\/nl\\\/news\\\/food\\\/delhaize-heeft-plannen-voor-extra-distributiecentrum-wallonie\\\/\"},\"author\":{\"name\":\"dev@grandiz.com\",\"@id\":\"https:\\\/\\\/www.retaildetail.be\\\/nl\\\/#\\\/schema\\\/person\\\/ba2d383452a753a3a1ce8cdb349b5fc9\"},\"headline\":\"Delhaize heeft plannen voor extra distributiecentrum in Walloni\u00eb\",\"datePublished\":\"2011-06-21T11:48:20+00:00\",\"mainEntityOfPage\":{\"@id\":\"https:\\\/\\\/www.retaildetail.be\\\/nl\\\/news\\\/food\\\/delhaize-heeft-plannen-voor-extra-distributiecentrum-wallonie\\\/\"},\"wordCount\":318,\"publisher\":{\"@id\":\"https:\\\/\\\/www.retaildetail.be\\\/nl\\\/#organization\"},\"image\":{\"@id\":\"https:\\\/\\\/www.retaildetail.be\\\/nl\\\/news\\\/food\\\/delhaize-heeft-plannen-voor-extra-distributiecentrum-wallonie\\\/#primaryimage\"},\"thumbnailUrl\":\"https:\\\/\\\/www.retaildetail.be\\\/wp-content\\\/uploads\\\/2022\\\/04\\\/logo.png\",\"articleSection\":[\"Food\"],\"inLanguage\":\"nl-NL\",\"copyrightYear\":\"2011\",\"copyrightHolder\":{\"@id\":\"https:\\\/\\\/www.retaildetail.be\\\/#organization\"}},{\"@type\":\"WebPage\",\"@id\":\"https:\\\/\\\/www.retaildetail.be\\\/nl\\\/news\\\/food\\\/delhaize-heeft-plannen-voor-extra-distributiecentrum-wallonie\\\/\",\"url\":\"https:\\\/\\\/www.retaildetail.be\\\/nl\\\/news\\\/food\\\/delhaize-heeft-plannen-voor-extra-distributiecentrum-wallonie\\\/\",\"name\":\"Delhaize heeft plannen voor extra distributiecentrum in Walloni\u00eb - RetailDetail BE\",\"isPartOf\":{\"@id\":\"https:\\\/\\\/www.retaildetail.be\\\/nl\\\/#website\"},\"primaryImageOfPage\":{\"@id\":\"https:\\\/\\\/www.retaildetail.be\\\/nl\\\/news\\\/food\\\/delhaize-heeft-plannen-voor-extra-distributiecentrum-wallonie\\\/#primaryimage\"},\"image\":{\"@id\":\"https:\\\/\\\/www.retaildetail.be\\\/nl\\\/news\\\/food\\\/delhaize-heeft-plannen-voor-extra-distributiecentrum-wallonie\\\/#primaryimage\"},\"thumbnailUrl\":\"https:\\\/\\\/www.retaildetail.be\\\/wp-content\\\/uploads\\\/2022\\\/04\\\/logo.png\",\"datePublished\":\"2011-06-21T11:48:20+00:00\",\"breadcrumb\":{\"@id\":\"https:\\\/\\\/www.retaildetail.be\\\/nl\\\/news\\\/food\\\/delhaize-heeft-plannen-voor-extra-distributiecentrum-wallonie\\\/#breadcrumb\"},\"inLanguage\":\"nl-NL\",\"potentialAction\":[{\"@type\":\"ReadAction\",\"target\":[\"https:\\\/\\\/www.retaildetail.be\\\/nl\\\/news\\\/food\\\/delhaize-heeft-plannen-voor-extra-distributiecentrum-wallonie\\\/\"]}]},{\"@type\":\"ImageObject\",\"inLanguage\":\"nl-NL\",\"@id\":\"https:\\\/\\\/www.retaildetail.be\\\/nl\\\/news\\\/food\\\/delhaize-heeft-plannen-voor-extra-distributiecentrum-wallonie\\\/#primaryimage\",\"url\":\"https:\\\/\\\/www.retaildetail.be\\\/wp-content\\\/uploads\\\/2022\\\/04\\\/logo.png\",\"contentUrl\":\"https:\\\/\\\/www.retaildetail.be\\\/wp-content\\\/uploads\\\/2022\\\/04\\\/logo.png\",\"width\":281,\"height\":147},{\"@type\":\"BreadcrumbList\",\"@id\":\"https:\\\/\\\/www.retaildetail.be\\\/nl\\\/news\\\/food\\\/delhaize-heeft-plannen-voor-extra-distributiecentrum-wallonie\\\/#breadcrumb\",\"itemListElement\":[{\"@type\":\"ListItem\",\"position\":1,\"name\":\"Home\",\"item\":\"https:\\\/\\\/www.retaildetail.be\\\/nl\\\/\"},{\"@type\":\"ListItem\",\"position\":2,\"name\":\"Delhaize heeft plannen voor extra distributiecentrum in Walloni\u00eb\"}]},{\"@type\":\"WebSite\",\"@id\":\"https:\\\/\\\/www.retaildetail.be\\\/nl\\\/#website\",\"url\":\"https:\\\/\\\/www.retaildetail.be\\\/nl\\\/\",\"name\":\"RetailDetail BE\",\"description\":\"News\",\"publisher\":{\"@id\":\"https:\\\/\\\/www.retaildetail.be\\\/nl\\\/#organization\"},\"potentialAction\":[{\"@type\":\"SearchAction\",\"target\":{\"@type\":\"EntryPoint\",\"urlTemplate\":\"https:\\\/\\\/www.retaildetail.be\\\/nl\\\/?s={search_term_string}\"},\"query-input\":{\"@type\":\"PropertyValueSpecification\",\"valueRequired\":true,\"valueName\":\"search_term_string\"}}],\"inLanguage\":\"nl-NL\"},{\"@type\":\"Organization\",\"@id\":\"https:\\\/\\\/www.retaildetail.be\\\/nl\\\/#organization\",\"name\":\"RetailDetail BE\",\"url\":\"https:\\\/\\\/www.retaildetail.be\\\/nl\\\/\",\"logo\":{\"@type\":\"ImageObject\",\"inLanguage\":\"nl-NL\",\"@id\":\"https:\\\/\\\/www.retaildetail.be\\\/nl\\\/#\\\/schema\\\/logo\\\/image\\\/\",\"url\":\"https:\\\/\\\/www.retaildetail.be\\\/wp-content\\\/uploads\\\/2022\\\/04\\\/logo.svg\",\"contentUrl\":\"https:\\\/\\\/www.retaildetail.be\\\/wp-content\\\/uploads\\\/2022\\\/04\\\/logo.svg\",\"width\":131,\"height\":70,\"caption\":\"RetailDetail BE\"},\"image\":{\"@id\":\"https:\\\/\\\/www.retaildetail.be\\\/nl\\\/#\\\/schema\\\/logo\\\/image\\\/\"}},{\"@type\":\"Person\",\"@id\":\"https:\\\/\\\/www.retaildetail.be\\\/nl\\\/#\\\/schema\\\/person\\\/ba2d383452a753a3a1ce8cdb349b5fc9\",\"name\":\"dev@grandiz.com\",\"image\":{\"@type\":\"ImageObject\",\"inLanguage\":\"nl-NL\",\"@id\":\"https:\\\/\\\/secure.gravatar.com\\\/avatar\\\/5f53ce9fb6eed4a60e5aaaa712be8773880fa9459d9cac9bc4aa4fdbce3f447f?s=96&d=mm&r=g\",\"url\":\"https:\\\/\\\/secure.gravatar.com\\\/avatar\\\/5f53ce9fb6eed4a60e5aaaa712be8773880fa9459d9cac9bc4aa4fdbce3f447f?s=96&d=mm&r=g\",\"contentUrl\":\"https:\\\/\\\/secure.gravatar.com\\\/avatar\\\/5f53ce9fb6eed4a60e5aaaa712be8773880fa9459d9cac9bc4aa4fdbce3f447f?s=96&d=mm&r=g\",\"caption\":\"dev@grandiz.com\"},\"sameAs\":[\"http:\\\/\\\/preprod.retaildetail.be\"],\"url\":\"https:\\\/\\\/www.retaildetail.be\\\/nl\\\/author\\\/devgrandiz-com\\\/\"}]}<\/script>\n<!-- \/ Yoast SEO plugin. -->","yoast_head_json":{"title":"Delhaize heeft plannen voor extra distributiecentrum in Walloni\u00eb - RetailDetail BE","robots":{"index":"index","follow":"follow","max-snippet":"max-snippet:-1","max-image-preview":"max-image-preview:large","max-video-preview":"max-video-preview:-1"},"canonical":"https:\/\/www.retaildetail.be\/nl\/news\/food\/delhaize-heeft-plannen-voor-extra-distributiecentrum-wallonie\/","og_locale":"nl_NL","og_type":"article","og_title":"Delhaize heeft plannen voor extra distributiecentrum in Walloni\u00eb - RetailDetail BE","og_description":"Met een nieuw distributiecentrum in de buurt van Luik wil Delhaize twee vliegen in \u00e9\u00e9n klap slaan: extra capaciteit cre\u00ebren en tegelijk een oplossing bieden voor het stijgende fileprobleem. Vandaag worden de Waalse en Luxemburgse vestigingen van de groep nog altijd beleverd vanuit Zellik. Project van 50 miljoen euro \u201cOm te anticiperen op haar toekomstige [&hellip;]","og_url":"https:\/\/www.retaildetail.be\/nl\/news\/food\/delhaize-heeft-plannen-voor-extra-distributiecentrum-wallonie\/","og_site_name":"RetailDetail BE","article_published_time":"2011-06-21T11:48:20+00:00","og_image":[{"width":281,"height":147,"url":"https:\/\/i0.wp.com\/www.retaildetail.be\/wp-content\/uploads\/2022\/04\/logo.png?fit=281%2C147&quality=100&strip=all&ssl=1","type":"image\/png"}],"author":"dev@grandiz.com","twitter_card":"summary_large_image","twitter_misc":{"Geschreven door":"dev@grandiz.com","Geschatte leestijd":"2 minuten"},"schema":{"@context":"https:\/\/schema.org","@graph":[{"@type":"NewsArticle","@id":"https:\/\/www.retaildetail.be\/nl\/news\/food\/delhaize-heeft-plannen-voor-extra-distributiecentrum-wallonie\/#article","isPartOf":{"@id":"https:\/\/www.retaildetail.be\/nl\/news\/food\/delhaize-heeft-plannen-voor-extra-distributiecentrum-wallonie\/"},"author":{"name":"dev@grandiz.com","@id":"https:\/\/www.retaildetail.be\/nl\/#\/schema\/person\/ba2d383452a753a3a1ce8cdb349b5fc9"},"headline":"Delhaize heeft plannen voor extra distributiecentrum in Walloni\u00eb","datePublished":"2011-06-21T11:48:20+00:00","mainEntityOfPage":{"@id":"https:\/\/www.retaildetail.be\/nl\/news\/food\/delhaize-heeft-plannen-voor-extra-distributiecentrum-wallonie\/"},"wordCount":318,"publisher":{"@id":"https:\/\/www.retaildetail.be\/nl\/#organization"},"image":{"@id":"https:\/\/www.retaildetail.be\/nl\/news\/food\/delhaize-heeft-plannen-voor-extra-distributiecentrum-wallonie\/#primaryimage"},"thumbnailUrl":"https:\/\/www.retaildetail.be\/wp-content\/uploads\/2022\/04\/logo.png","articleSection":["Food"],"inLanguage":"nl-NL","copyrightYear":"2011","copyrightHolder":{"@id":"https:\/\/www.retaildetail.be\/#organization"}},{"@type":"WebPage","@id":"https:\/\/www.retaildetail.be\/nl\/news\/food\/delhaize-heeft-plannen-voor-extra-distributiecentrum-wallonie\/","url":"https:\/\/www.retaildetail.be\/nl\/news\/food\/delhaize-heeft-plannen-voor-extra-distributiecentrum-wallonie\/","name":"Delhaize heeft plannen voor extra distributiecentrum in Walloni\u00eb - RetailDetail BE","isPartOf":{"@id":"https:\/\/www.retaildetail.be\/nl\/#website"},"primaryImageOfPage":{"@id":"https:\/\/www.retaildetail.be\/nl\/news\/food\/delhaize-heeft-plannen-voor-extra-distributiecentrum-wallonie\/#primaryimage"},"image":{"@id":"https:\/\/www.retaildetail.be\/nl\/news\/food\/delhaize-heeft-plannen-voor-extra-distributiecentrum-wallonie\/#primaryimage"},"thumbnailUrl":"https:\/\/www.retaildetail.be\/wp-content\/uploads\/2022\/04\/logo.png","datePublished":"2011-06-21T11:48:20+00:00","breadcrumb":{"@id":"https:\/\/www.retaildetail.be\/nl\/news\/food\/delhaize-heeft-plannen-voor-extra-distributiecentrum-wallonie\/#breadcrumb"},"inLanguage":"nl-NL","potentialAction":[{"@type":"ReadAction","target":["https:\/\/www.retaildetail.be\/nl\/news\/food\/delhaize-heeft-plannen-voor-extra-distributiecentrum-wallonie\/"]}]},{"@type":"ImageObject","inLanguage":"nl-NL","@id":"https:\/\/www.retaildetail.be\/nl\/news\/food\/delhaize-heeft-plannen-voor-extra-distributiecentrum-wallonie\/#primaryimage","url":"https:\/\/www.retaildetail.be\/wp-content\/uploads\/2022\/04\/logo.png","contentUrl":"https:\/\/www.retaildetail.be\/wp-content\/uploads\/2022\/04\/logo.png","width":281,"height":147},{"@type":"BreadcrumbList","@id":"https:\/\/www.retaildetail.be\/nl\/news\/food\/delhaize-heeft-plannen-voor-extra-distributiecentrum-wallonie\/#breadcrumb","itemListElement":[{"@type":"ListItem","position":1,"name":"Home","item":"https:\/\/www.retaildetail.be\/nl\/"},{"@type":"ListItem","position":2,"name":"Delhaize heeft plannen voor extra distributiecentrum in Walloni\u00eb"}]},{"@type":"WebSite","@id":"https:\/\/www.retaildetail.be\/nl\/#website","url":"https:\/\/www.retaildetail.be\/nl\/","name":"RetailDetail BE","description":"News","publisher":{"@id":"https:\/\/www.retaildetail.be\/nl\/#organization"},"potentialAction":[{"@type":"SearchAction","target":{"@type":"EntryPoint","urlTemplate":"https:\/\/www.retaildetail.be\/nl\/?s={search_term_string}"},"query-input":{"@type":"PropertyValueSpecification","valueRequired":true,"valueName":"search_term_string"}}],"inLanguage":"nl-NL"},{"@type":"Organization","@id":"https:\/\/www.retaildetail.be\/nl\/#organization","name":"RetailDetail BE","url":"https:\/\/www.retaildetail.be\/nl\/","logo":{"@type":"ImageObject","inLanguage":"nl-NL","@id":"https:\/\/www.retaildetail.be\/nl\/#\/schema\/logo\/image\/","url":"https:\/\/www.retaildetail.be\/wp-content\/uploads\/2022\/04\/logo.svg","contentUrl":"https:\/\/www.retaildetail.be\/wp-content\/uploads\/2022\/04\/logo.svg","width":131,"height":70,"caption":"RetailDetail BE"},"image":{"@id":"https:\/\/www.retaildetail.be\/nl\/#\/schema\/logo\/image\/"}},{"@type":"Person","@id":"https:\/\/www.retaildetail.be\/nl\/#\/schema\/person\/ba2d383452a753a3a1ce8cdb349b5fc9","name":"dev@grandiz.com","image":{"@type":"ImageObject","inLanguage":"nl-NL","@id":"https:\/\/secure.gravatar.com\/avatar\/5f53ce9fb6eed4a60e5aaaa712be8773880fa9459d9cac9bc4aa4fdbce3f447f?s=96&d=mm&r=g","url":"https:\/\/secure.gravatar.com\/avatar\/5f53ce9fb6eed4a60e5aaaa712be8773880fa9459d9cac9bc4aa4fdbce3f447f?s=96&d=mm&r=g","contentUrl":"https:\/\/secure.gravatar.com\/avatar\/5f53ce9fb6eed4a60e5aaaa712be8773880fa9459d9cac9bc4aa4fdbce3f447f?s=96&d=mm&r=g","caption":"dev@grandiz.com"},"sameAs":["http:\/\/preprod.retaildetail.be"],"url":"https:\/\/www.retaildetail.be\/nl\/author\/devgrandiz-com\/"}]}},"jetpack_featured_media_url":"https:\/\/www.retaildetail.be\/wp-content\/uploads\/2022\/04\/logo.png","jetpack_sharing_enabled":true,"_links":{"self":[{"href":"https:\/\/www.retaildetail.be\/nl\/wp-json\/wp\/v2\/posts\/656","targetHints":{"allow":["GET"]}}],"collection":[{"href":"https:\/\/www.retaildetail.be\/nl\/wp-json\/wp\/v2\/posts"}],"about":[{"href":"https:\/\/www.retaildetail.be\/nl\/wp-json\/wp\/v2\/types\/post"}],"author":[{"embeddable":true,"href":"https:\/\/www.retaildetail.be\/nl\/wp-json\/wp\/v2\/users\/1"}],"replies":[{"embeddable":true,"href":"https:\/\/www.retaildetail.be\/nl\/wp-json\/wp\/v2\/comments?post=656"}],"version-history":[{"count":0,"href":"https:\/\/www.retaildetail.be\/nl\/wp-json\/wp\/v2\/posts\/656\/revisions"}],"wp:featuredmedia":[{"embeddable":true,"href":"https:\/\/www.retaildetail.be\/nl\/wp-json\/wp\/v2\/media\/84"}],"wp:attachment":[{"href":"https:\/\/www.retaildetail.be\/nl\/wp-json\/wp\/v2\/media?parent=656"}],"wp:term":[{"taxonomy":"category","embeddable":true,"href":"https:\/\/www.retaildetail.be\/nl\/wp-json\/wp\/v2\/categories?post=656"},{"taxonomy":"post_tag","embeddable":true,"href":"https:\/\/www.retaildetail.be\/nl\/wp-json\/wp\/v2\/tags?post=656"},{"taxonomy":"people","embeddable":true,"href":"https:\/\/www.retaildetail.be\/nl\/wp-json\/wp\/v2\/people?post=656"},{"taxonomy":"extra","embeddable":true,"href":"https:\/\/www.retaildetail.be\/nl\/wp-json\/wp\/v2\/extra?post=656"},{"taxonomy":"company","embeddable":true,"href":"https:\/\/www.retaildetail.be\/nl\/wp-json\/wp\/v2\/company?post=656"},{"taxonomy":"topic","embeddable":true,"href":"https:\/\/www.retaildetail.be\/nl\/wp-json\/wp\/v2\/topic?post=656"},{"taxonomy":"region","embeddable":true,"href":"https:\/\/www.retaildetail.be\/nl\/wp-json\/wp\/v2\/region?post=656"}],"curies":[{"name":"wp","href":"https:\/\/api.w.org\/{rel}","templated":true}]}}