{"id":667,"date":"2011-06-27T07:33:30","date_gmt":"2011-06-27T07:33:30","guid":{"rendered":"https:\/\/www.retaildetail.be\/algemeen\/beursgang-mediacite-gaat-extremis-niet-door\/"},"modified":"2011-06-27T07:33:30","modified_gmt":"2011-06-27T07:33:30","slug":"beursgang-mediacite-gaat-extremis-niet-door","status":"publish","type":"post","link":"https:\/\/www.retaildetail.be\/nl\/news\/algemeen\/beursgang-mediacite-gaat-extremis-niet-door\/","title":{"rendered":"Beursgang M\u00e9diacit\u00e9 gaat in extremis niet door"},"content":{"rendered":"<p><img decoding=\"async\" style=\"margin-bottom: 10px;margin-right: 10px\" title=\"\" alt=\"\" src=\"\/sites\/default\/files\/spacer.png\" align=\"left\" \/>De beursgang van het vastgoedcertificaat M\u00e9diacit\u00e9 werd op de laatste dag van de inschrijvingsperiode afgeblazen. De toestand op de financi\u00eble markten was te ongunstig, aldus de initiatiefnemers.<\/p>\n<h2>Alle inschrijvingen geannuleerd<\/h2>\n<p>De vastgoedcertificaten voor de financiering van het gelijknamige winkelcomplex in het centrum van Luik zouden worden geplaatst tegen 97 tot 103 euro per certificaat. De exacte prijs zou afhangen van de belangstelling van de investeerders. Die konden intekenen van 15 juni tot 24 juni. Maar de initiatiefnemers maakten van hun mogelijkheid om de beursgang stop te zetten op het laatste nippertje &#8211; de laatste dag! &#8211; gebruik omdat de beurzen de voorbije week zo sterk waren gedaald dat het moment voor nieuwe beursintroducties ongunstig was geworden. Alle inschrijvingen werden daardoor automatisch geannuleerd. Wie al intekende, krijgt zijn geld terug.<\/p>\n<h2>Megacomplex in centrum Luik<\/h2>\n<p>M\u00e9diacit\u00e9 ging in oktober 2009 open in het centrum van Luik, op de rechteroever van de aftakking van de Maas. Het eerste jaar na de opening trok het complex al meteen 5,3 miljoen klanten. En in de eerste vier maanden van 2011 steeg het bezoekersaantal met 20% in vergelijking met dezelfde periode in 2010.<\/p>\n<p>\nHet hele complex beslaat 6,5 hectare en telt 2.350 ondergrondse parkeerplaatsen. Naast een winkel- en ontspanningsgedeelte, zijn er ook kantoren die worden verhuurd aan de RTBF en aan een cluster van audiovisuele bedrijven verenigd in \u2018P\u00f4le Image de Li\u00e8ge\u2019. Voor 2012 staat de bouw van een Olympische schaatsbaan gepland en tegen 2013 moet er nog een bioscoopcomplex komen.<\/p>\n<p>\u00a0<\/p>\n","protected":false},"excerpt":{"rendered":"<p>De beursgang van het vastgoedcertificaat M\u00e9diacit\u00e9 werd op de laatste dag van de inschrijvingsperiode afgeblazen. De toestand op de financi\u00eble markten was te ongunstig, aldus de initiatiefnemers. Alle inschrijvingen geannuleerd De vastgoedcertificaten voor de financiering van het gelijknamige winkelcomplex in het centrum van Luik zouden worden geplaatst tegen 97 tot 103 euro per certificaat. De [&hellip;]<\/p>\n","protected":false},"author":1,"featured_media":84,"comment_status":"closed","ping_status":"closed","sticky":false,"template":"","format":"standard","meta":{"_acf_changed":false,"inline_featured_image":false,"_jetpack_memberships_contains_paid_content":false,"footnotes":""},"categories":[15],"tags":[],"people":[],"extra":[],"company":[],"topic":[],"region":[],"class_list":["post-667","post","type-post","status-publish","format-standard","has-post-thumbnail","hentry","category-algemeen"],"acf":[],"yoast_head":"<!-- This site is optimized with the Yoast SEO plugin v27.3 - https:\/\/yoast.com\/product\/yoast-seo-wordpress\/ -->\n<title>Beursgang M\u00e9diacit\u00e9 gaat in extremis niet door - RetailDetail BE<\/title>\n<meta name=\"robots\" content=\"index, follow, max-snippet:-1, max-image-preview:large, max-video-preview:-1\" \/>\n<link rel=\"canonical\" href=\"https:\/\/www.retaildetail.be\/nl\/news\/algemeen\/beursgang-mediacite-gaat-extremis-niet-door\/\" \/>\n<meta property=\"og:locale\" content=\"nl_NL\" \/>\n<meta property=\"og:type\" content=\"article\" \/>\n<meta property=\"og:title\" content=\"Beursgang M\u00e9diacit\u00e9 gaat in extremis niet door - RetailDetail BE\" \/>\n<meta property=\"og:description\" content=\"De beursgang van het vastgoedcertificaat M\u00e9diacit\u00e9 werd op de laatste dag van de inschrijvingsperiode afgeblazen. De toestand op de financi\u00eble markten was te ongunstig, aldus de initiatiefnemers. Alle inschrijvingen geannuleerd De vastgoedcertificaten voor de financiering van het gelijknamige winkelcomplex in het centrum van Luik zouden worden geplaatst tegen 97 tot 103 euro per certificaat. De [&hellip;]\" \/>\n<meta property=\"og:url\" content=\"https:\/\/www.retaildetail.be\/nl\/news\/algemeen\/beursgang-mediacite-gaat-extremis-niet-door\/\" \/>\n<meta property=\"og:site_name\" content=\"RetailDetail BE\" \/>\n<meta property=\"article:published_time\" content=\"2011-06-27T07:33:30+00:00\" \/>\n<meta property=\"og:image\" content=\"https:\/\/i0.wp.com\/www.retaildetail.be\/wp-content\/uploads\/2022\/04\/logo.png?fit=281%2C147&quality=100&strip=all&ssl=1\" \/>\n\t<meta property=\"og:image:width\" content=\"281\" \/>\n\t<meta property=\"og:image:height\" content=\"147\" \/>\n\t<meta property=\"og:image:type\" content=\"image\/png\" \/>\n<meta name=\"author\" content=\"dev@grandiz.com\" \/>\n<meta name=\"twitter:card\" content=\"summary_large_image\" \/>\n<meta name=\"twitter:label1\" content=\"Geschreven door\" \/>\n\t<meta name=\"twitter:data1\" content=\"dev@grandiz.com\" \/>\n\t<meta name=\"twitter:label2\" content=\"Geschatte leestijd\" \/>\n\t<meta name=\"twitter:data2\" content=\"1 minuut\" \/>\n<script type=\"application\/ld+json\" class=\"yoast-schema-graph\">{\"@context\":\"https:\\\/\\\/schema.org\",\"@graph\":[{\"@type\":\"NewsArticle\",\"@id\":\"https:\\\/\\\/www.retaildetail.be\\\/nl\\\/news\\\/algemeen\\\/beursgang-mediacite-gaat-extremis-niet-door\\\/#article\",\"isPartOf\":{\"@id\":\"https:\\\/\\\/www.retaildetail.be\\\/nl\\\/news\\\/algemeen\\\/beursgang-mediacite-gaat-extremis-niet-door\\\/\"},\"author\":{\"name\":\"dev@grandiz.com\",\"@id\":\"https:\\\/\\\/www.retaildetail.be\\\/nl\\\/#\\\/schema\\\/person\\\/ba2d383452a753a3a1ce8cdb349b5fc9\"},\"headline\":\"Beursgang M\u00e9diacit\u00e9 gaat in extremis niet door\",\"datePublished\":\"2011-06-27T07:33:30+00:00\",\"mainEntityOfPage\":{\"@id\":\"https:\\\/\\\/www.retaildetail.be\\\/nl\\\/news\\\/algemeen\\\/beursgang-mediacite-gaat-extremis-niet-door\\\/\"},\"wordCount\":245,\"publisher\":{\"@id\":\"https:\\\/\\\/www.retaildetail.be\\\/nl\\\/#organization\"},\"image\":{\"@id\":\"https:\\\/\\\/www.retaildetail.be\\\/nl\\\/news\\\/algemeen\\\/beursgang-mediacite-gaat-extremis-niet-door\\\/#primaryimage\"},\"thumbnailUrl\":\"https:\\\/\\\/www.retaildetail.be\\\/wp-content\\\/uploads\\\/2022\\\/04\\\/logo.png\",\"articleSection\":[\"Algemeen\"],\"inLanguage\":\"nl-NL\",\"copyrightYear\":\"2011\",\"copyrightHolder\":{\"@id\":\"https:\\\/\\\/www.retaildetail.be\\\/#organization\"}},{\"@type\":\"WebPage\",\"@id\":\"https:\\\/\\\/www.retaildetail.be\\\/nl\\\/news\\\/algemeen\\\/beursgang-mediacite-gaat-extremis-niet-door\\\/\",\"url\":\"https:\\\/\\\/www.retaildetail.be\\\/nl\\\/news\\\/algemeen\\\/beursgang-mediacite-gaat-extremis-niet-door\\\/\",\"name\":\"Beursgang M\u00e9diacit\u00e9 gaat in extremis niet door - RetailDetail BE\",\"isPartOf\":{\"@id\":\"https:\\\/\\\/www.retaildetail.be\\\/nl\\\/#website\"},\"primaryImageOfPage\":{\"@id\":\"https:\\\/\\\/www.retaildetail.be\\\/nl\\\/news\\\/algemeen\\\/beursgang-mediacite-gaat-extremis-niet-door\\\/#primaryimage\"},\"image\":{\"@id\":\"https:\\\/\\\/www.retaildetail.be\\\/nl\\\/news\\\/algemeen\\\/beursgang-mediacite-gaat-extremis-niet-door\\\/#primaryimage\"},\"thumbnailUrl\":\"https:\\\/\\\/www.retaildetail.be\\\/wp-content\\\/uploads\\\/2022\\\/04\\\/logo.png\",\"datePublished\":\"2011-06-27T07:33:30+00:00\",\"breadcrumb\":{\"@id\":\"https:\\\/\\\/www.retaildetail.be\\\/nl\\\/news\\\/algemeen\\\/beursgang-mediacite-gaat-extremis-niet-door\\\/#breadcrumb\"},\"inLanguage\":\"nl-NL\",\"potentialAction\":[{\"@type\":\"ReadAction\",\"target\":[\"https:\\\/\\\/www.retaildetail.be\\\/nl\\\/news\\\/algemeen\\\/beursgang-mediacite-gaat-extremis-niet-door\\\/\"]}]},{\"@type\":\"ImageObject\",\"inLanguage\":\"nl-NL\",\"@id\":\"https:\\\/\\\/www.retaildetail.be\\\/nl\\\/news\\\/algemeen\\\/beursgang-mediacite-gaat-extremis-niet-door\\\/#primaryimage\",\"url\":\"https:\\\/\\\/www.retaildetail.be\\\/wp-content\\\/uploads\\\/2022\\\/04\\\/logo.png\",\"contentUrl\":\"https:\\\/\\\/www.retaildetail.be\\\/wp-content\\\/uploads\\\/2022\\\/04\\\/logo.png\",\"width\":281,\"height\":147},{\"@type\":\"BreadcrumbList\",\"@id\":\"https:\\\/\\\/www.retaildetail.be\\\/nl\\\/news\\\/algemeen\\\/beursgang-mediacite-gaat-extremis-niet-door\\\/#breadcrumb\",\"itemListElement\":[{\"@type\":\"ListItem\",\"position\":1,\"name\":\"Home\",\"item\":\"https:\\\/\\\/www.retaildetail.be\\\/nl\\\/\"},{\"@type\":\"ListItem\",\"position\":2,\"name\":\"Beursgang M\u00e9diacit\u00e9 gaat in extremis niet door\"}]},{\"@type\":\"WebSite\",\"@id\":\"https:\\\/\\\/www.retaildetail.be\\\/nl\\\/#website\",\"url\":\"https:\\\/\\\/www.retaildetail.be\\\/nl\\\/\",\"name\":\"RetailDetail BE\",\"description\":\"News\",\"publisher\":{\"@id\":\"https:\\\/\\\/www.retaildetail.be\\\/nl\\\/#organization\"},\"potentialAction\":[{\"@type\":\"SearchAction\",\"target\":{\"@type\":\"EntryPoint\",\"urlTemplate\":\"https:\\\/\\\/www.retaildetail.be\\\/nl\\\/?s={search_term_string}\"},\"query-input\":{\"@type\":\"PropertyValueSpecification\",\"valueRequired\":true,\"valueName\":\"search_term_string\"}}],\"inLanguage\":\"nl-NL\"},{\"@type\":\"Organization\",\"@id\":\"https:\\\/\\\/www.retaildetail.be\\\/nl\\\/#organization\",\"name\":\"RetailDetail BE\",\"url\":\"https:\\\/\\\/www.retaildetail.be\\\/nl\\\/\",\"logo\":{\"@type\":\"ImageObject\",\"inLanguage\":\"nl-NL\",\"@id\":\"https:\\\/\\\/www.retaildetail.be\\\/nl\\\/#\\\/schema\\\/logo\\\/image\\\/\",\"url\":\"https:\\\/\\\/www.retaildetail.be\\\/wp-content\\\/uploads\\\/2022\\\/04\\\/logo.svg\",\"contentUrl\":\"https:\\\/\\\/www.retaildetail.be\\\/wp-content\\\/uploads\\\/2022\\\/04\\\/logo.svg\",\"width\":131,\"height\":70,\"caption\":\"RetailDetail BE\"},\"image\":{\"@id\":\"https:\\\/\\\/www.retaildetail.be\\\/nl\\\/#\\\/schema\\\/logo\\\/image\\\/\"}},{\"@type\":\"Person\",\"@id\":\"https:\\\/\\\/www.retaildetail.be\\\/nl\\\/#\\\/schema\\\/person\\\/ba2d383452a753a3a1ce8cdb349b5fc9\",\"name\":\"dev@grandiz.com\",\"image\":{\"@type\":\"ImageObject\",\"inLanguage\":\"nl-NL\",\"@id\":\"https:\\\/\\\/secure.gravatar.com\\\/avatar\\\/5f53ce9fb6eed4a60e5aaaa712be8773880fa9459d9cac9bc4aa4fdbce3f447f?s=96&d=mm&r=g\",\"url\":\"https:\\\/\\\/secure.gravatar.com\\\/avatar\\\/5f53ce9fb6eed4a60e5aaaa712be8773880fa9459d9cac9bc4aa4fdbce3f447f?s=96&d=mm&r=g\",\"contentUrl\":\"https:\\\/\\\/secure.gravatar.com\\\/avatar\\\/5f53ce9fb6eed4a60e5aaaa712be8773880fa9459d9cac9bc4aa4fdbce3f447f?s=96&d=mm&r=g\",\"caption\":\"dev@grandiz.com\"},\"sameAs\":[\"http:\\\/\\\/preprod.retaildetail.be\"],\"url\":\"https:\\\/\\\/www.retaildetail.be\\\/nl\\\/author\\\/devgrandiz-com\\\/\"}]}<\/script>\n<!-- \/ Yoast SEO plugin. -->","yoast_head_json":{"title":"Beursgang M\u00e9diacit\u00e9 gaat in extremis niet door - RetailDetail BE","robots":{"index":"index","follow":"follow","max-snippet":"max-snippet:-1","max-image-preview":"max-image-preview:large","max-video-preview":"max-video-preview:-1"},"canonical":"https:\/\/www.retaildetail.be\/nl\/news\/algemeen\/beursgang-mediacite-gaat-extremis-niet-door\/","og_locale":"nl_NL","og_type":"article","og_title":"Beursgang M\u00e9diacit\u00e9 gaat in extremis niet door - RetailDetail BE","og_description":"De beursgang van het vastgoedcertificaat M\u00e9diacit\u00e9 werd op de laatste dag van de inschrijvingsperiode afgeblazen. De toestand op de financi\u00eble markten was te ongunstig, aldus de initiatiefnemers. Alle inschrijvingen geannuleerd De vastgoedcertificaten voor de financiering van het gelijknamige winkelcomplex in het centrum van Luik zouden worden geplaatst tegen 97 tot 103 euro per certificaat. De [&hellip;]","og_url":"https:\/\/www.retaildetail.be\/nl\/news\/algemeen\/beursgang-mediacite-gaat-extremis-niet-door\/","og_site_name":"RetailDetail BE","article_published_time":"2011-06-27T07:33:30+00:00","og_image":[{"width":281,"height":147,"url":"https:\/\/i0.wp.com\/www.retaildetail.be\/wp-content\/uploads\/2022\/04\/logo.png?fit=281%2C147&quality=100&strip=all&ssl=1","type":"image\/png"}],"author":"dev@grandiz.com","twitter_card":"summary_large_image","twitter_misc":{"Geschreven door":"dev@grandiz.com","Geschatte leestijd":"1 minuut"},"schema":{"@context":"https:\/\/schema.org","@graph":[{"@type":"NewsArticle","@id":"https:\/\/www.retaildetail.be\/nl\/news\/algemeen\/beursgang-mediacite-gaat-extremis-niet-door\/#article","isPartOf":{"@id":"https:\/\/www.retaildetail.be\/nl\/news\/algemeen\/beursgang-mediacite-gaat-extremis-niet-door\/"},"author":{"name":"dev@grandiz.com","@id":"https:\/\/www.retaildetail.be\/nl\/#\/schema\/person\/ba2d383452a753a3a1ce8cdb349b5fc9"},"headline":"Beursgang M\u00e9diacit\u00e9 gaat in extremis niet door","datePublished":"2011-06-27T07:33:30+00:00","mainEntityOfPage":{"@id":"https:\/\/www.retaildetail.be\/nl\/news\/algemeen\/beursgang-mediacite-gaat-extremis-niet-door\/"},"wordCount":245,"publisher":{"@id":"https:\/\/www.retaildetail.be\/nl\/#organization"},"image":{"@id":"https:\/\/www.retaildetail.be\/nl\/news\/algemeen\/beursgang-mediacite-gaat-extremis-niet-door\/#primaryimage"},"thumbnailUrl":"https:\/\/www.retaildetail.be\/wp-content\/uploads\/2022\/04\/logo.png","articleSection":["Algemeen"],"inLanguage":"nl-NL","copyrightYear":"2011","copyrightHolder":{"@id":"https:\/\/www.retaildetail.be\/#organization"}},{"@type":"WebPage","@id":"https:\/\/www.retaildetail.be\/nl\/news\/algemeen\/beursgang-mediacite-gaat-extremis-niet-door\/","url":"https:\/\/www.retaildetail.be\/nl\/news\/algemeen\/beursgang-mediacite-gaat-extremis-niet-door\/","name":"Beursgang M\u00e9diacit\u00e9 gaat in extremis niet door - RetailDetail BE","isPartOf":{"@id":"https:\/\/www.retaildetail.be\/nl\/#website"},"primaryImageOfPage":{"@id":"https:\/\/www.retaildetail.be\/nl\/news\/algemeen\/beursgang-mediacite-gaat-extremis-niet-door\/#primaryimage"},"image":{"@id":"https:\/\/www.retaildetail.be\/nl\/news\/algemeen\/beursgang-mediacite-gaat-extremis-niet-door\/#primaryimage"},"thumbnailUrl":"https:\/\/www.retaildetail.be\/wp-content\/uploads\/2022\/04\/logo.png","datePublished":"2011-06-27T07:33:30+00:00","breadcrumb":{"@id":"https:\/\/www.retaildetail.be\/nl\/news\/algemeen\/beursgang-mediacite-gaat-extremis-niet-door\/#breadcrumb"},"inLanguage":"nl-NL","potentialAction":[{"@type":"ReadAction","target":["https:\/\/www.retaildetail.be\/nl\/news\/algemeen\/beursgang-mediacite-gaat-extremis-niet-door\/"]}]},{"@type":"ImageObject","inLanguage":"nl-NL","@id":"https:\/\/www.retaildetail.be\/nl\/news\/algemeen\/beursgang-mediacite-gaat-extremis-niet-door\/#primaryimage","url":"https:\/\/www.retaildetail.be\/wp-content\/uploads\/2022\/04\/logo.png","contentUrl":"https:\/\/www.retaildetail.be\/wp-content\/uploads\/2022\/04\/logo.png","width":281,"height":147},{"@type":"BreadcrumbList","@id":"https:\/\/www.retaildetail.be\/nl\/news\/algemeen\/beursgang-mediacite-gaat-extremis-niet-door\/#breadcrumb","itemListElement":[{"@type":"ListItem","position":1,"name":"Home","item":"https:\/\/www.retaildetail.be\/nl\/"},{"@type":"ListItem","position":2,"name":"Beursgang M\u00e9diacit\u00e9 gaat in extremis niet door"}]},{"@type":"WebSite","@id":"https:\/\/www.retaildetail.be\/nl\/#website","url":"https:\/\/www.retaildetail.be\/nl\/","name":"RetailDetail BE","description":"News","publisher":{"@id":"https:\/\/www.retaildetail.be\/nl\/#organization"},"potentialAction":[{"@type":"SearchAction","target":{"@type":"EntryPoint","urlTemplate":"https:\/\/www.retaildetail.be\/nl\/?s={search_term_string}"},"query-input":{"@type":"PropertyValueSpecification","valueRequired":true,"valueName":"search_term_string"}}],"inLanguage":"nl-NL"},{"@type":"Organization","@id":"https:\/\/www.retaildetail.be\/nl\/#organization","name":"RetailDetail BE","url":"https:\/\/www.retaildetail.be\/nl\/","logo":{"@type":"ImageObject","inLanguage":"nl-NL","@id":"https:\/\/www.retaildetail.be\/nl\/#\/schema\/logo\/image\/","url":"https:\/\/www.retaildetail.be\/wp-content\/uploads\/2022\/04\/logo.svg","contentUrl":"https:\/\/www.retaildetail.be\/wp-content\/uploads\/2022\/04\/logo.svg","width":131,"height":70,"caption":"RetailDetail BE"},"image":{"@id":"https:\/\/www.retaildetail.be\/nl\/#\/schema\/logo\/image\/"}},{"@type":"Person","@id":"https:\/\/www.retaildetail.be\/nl\/#\/schema\/person\/ba2d383452a753a3a1ce8cdb349b5fc9","name":"dev@grandiz.com","image":{"@type":"ImageObject","inLanguage":"nl-NL","@id":"https:\/\/secure.gravatar.com\/avatar\/5f53ce9fb6eed4a60e5aaaa712be8773880fa9459d9cac9bc4aa4fdbce3f447f?s=96&d=mm&r=g","url":"https:\/\/secure.gravatar.com\/avatar\/5f53ce9fb6eed4a60e5aaaa712be8773880fa9459d9cac9bc4aa4fdbce3f447f?s=96&d=mm&r=g","contentUrl":"https:\/\/secure.gravatar.com\/avatar\/5f53ce9fb6eed4a60e5aaaa712be8773880fa9459d9cac9bc4aa4fdbce3f447f?s=96&d=mm&r=g","caption":"dev@grandiz.com"},"sameAs":["http:\/\/preprod.retaildetail.be"],"url":"https:\/\/www.retaildetail.be\/nl\/author\/devgrandiz-com\/"}]}},"jetpack_featured_media_url":"https:\/\/www.retaildetail.be\/wp-content\/uploads\/2022\/04\/logo.png","jetpack_sharing_enabled":true,"_links":{"self":[{"href":"https:\/\/www.retaildetail.be\/nl\/wp-json\/wp\/v2\/posts\/667","targetHints":{"allow":["GET"]}}],"collection":[{"href":"https:\/\/www.retaildetail.be\/nl\/wp-json\/wp\/v2\/posts"}],"about":[{"href":"https:\/\/www.retaildetail.be\/nl\/wp-json\/wp\/v2\/types\/post"}],"author":[{"embeddable":true,"href":"https:\/\/www.retaildetail.be\/nl\/wp-json\/wp\/v2\/users\/1"}],"replies":[{"embeddable":true,"href":"https:\/\/www.retaildetail.be\/nl\/wp-json\/wp\/v2\/comments?post=667"}],"version-history":[{"count":0,"href":"https:\/\/www.retaildetail.be\/nl\/wp-json\/wp\/v2\/posts\/667\/revisions"}],"wp:featuredmedia":[{"embeddable":true,"href":"https:\/\/www.retaildetail.be\/nl\/wp-json\/wp\/v2\/media\/84"}],"wp:attachment":[{"href":"https:\/\/www.retaildetail.be\/nl\/wp-json\/wp\/v2\/media?parent=667"}],"wp:term":[{"taxonomy":"category","embeddable":true,"href":"https:\/\/www.retaildetail.be\/nl\/wp-json\/wp\/v2\/categories?post=667"},{"taxonomy":"post_tag","embeddable":true,"href":"https:\/\/www.retaildetail.be\/nl\/wp-json\/wp\/v2\/tags?post=667"},{"taxonomy":"people","embeddable":true,"href":"https:\/\/www.retaildetail.be\/nl\/wp-json\/wp\/v2\/people?post=667"},{"taxonomy":"extra","embeddable":true,"href":"https:\/\/www.retaildetail.be\/nl\/wp-json\/wp\/v2\/extra?post=667"},{"taxonomy":"company","embeddable":true,"href":"https:\/\/www.retaildetail.be\/nl\/wp-json\/wp\/v2\/company?post=667"},{"taxonomy":"topic","embeddable":true,"href":"https:\/\/www.retaildetail.be\/nl\/wp-json\/wp\/v2\/topic?post=667"},{"taxonomy":"region","embeddable":true,"href":"https:\/\/www.retaildetail.be\/nl\/wp-json\/wp\/v2\/region?post=667"}],"curies":[{"name":"wp","href":"https:\/\/api.w.org\/{rel}","templated":true}]}}