{"id":718,"date":"2011-08-05T05:54:41","date_gmt":"2011-08-05T05:54:41","guid":{"rendered":"https:\/\/www.retaildetail.be\/food\/delhaize-heeft-het-aan-de-stok-met-de-varkenshouders\/"},"modified":"2011-08-05T05:54:41","modified_gmt":"2011-08-05T05:54:41","slug":"delhaize-heeft-het-aan-de-stok-met-de-varkenshouders","status":"publish","type":"post","link":"https:\/\/www.retaildetail.be\/nl\/news\/food\/delhaize-heeft-het-aan-de-stok-met-de-varkenshouders\/","title":{"rendered":"Delhaize heeft het aan de stok met de varkenshouders"},"content":{"rendered":"<p><img loading=\"lazy\" decoding=\"async\" style=\"margin-bottom: 10px;margin-right: 10px\" title=\"\" alt=\"\" align=\"left\" width=\"200\" height=\"133\" src=\"\/sites\/default\/files\/spacer.png\" \/>De Vereniging van Varkenshouders Veva en de Boerenbond zijn niet te spreken over de verkoopspraktijken van winkelketen Delhaize. Die zou haar leveranciers van varkensvlees onder druk zetten, en daar dreigt de varkenssector \u2013 die het zo al moeilijk heeft \u2013 de dupe van te worden. Veva herdoopte Delhaize-De Leeuw zelfs in Delhaize-De Hyena.<\/p>\n<h2>\u201cPure guerrilla\u201d<\/h2>\n<p>Volgens de varkenshouders riep Delhaize begin maart al zes leveranciers van varkensvlees samen om hen te vragen een lagere prijs te aanvaarden. In ruil zou de keten grotere hoeveelheden aankopen. De ene leverancier zou een offerte hebben ingediend met een maximale korting van 2%, terwijl anderen verder gingen in functie van toename van volume. Volgens Veva werd degene die niet m\u00e9\u00e9r wilde geven dan 2% een tijdlang overstelpt met bestellingen. De leverancier die bereid was verder te gaan dan 2%, kreeg daarentegen minder bestellingen. <\/p>\n<p>\u00a0<\/p>\n<p>\u201cZodoende werd degene die de grootste korting gaf, moreel verplicht om een nog grotere korting te geven, gaande tot 6%, die na verloop van tijd 7,5% blijkt te zijn. Daarna werden allen die niet op het hoogste kortingspercentage zaten nader geroepen om toch ook mee te doen aan die 6 \u00e0 7,5%. Ongeacht het verschil in kwaliteit, service en stiptheid van leveren. Dit is puur guerrilla!\u201d sneert Veva in een communiqu\u00e9 op zijn website.<\/p>\n<h2>\u201cKwestie van effici\u00ebntie\u201d<\/h2>\n<p><img loading=\"lazy\" decoding=\"async\" style=\"margin-top: 10px;margin-bottom: 10px;margin-left: 10px\" title=\"\" alt=\"\" align=\"right\" width=\"200\" height=\"150\" src=\"\/sites\/default\/files\/spacer.png\" \/>De landbouworganisaties vrezen dat de varkenskwekers uiteindelijk het slachtoffer zullen worden van deze praktijken: \u201cDe lagere prijzen zullen doorgerekend worden aan de boeren, en die komen nu al nauwelijks rond,\u201d zegt Veva. Volgens de Boerenbond legt Delhaize zijn leveranciers zelfs een zwijgplicht op.<\/p>\n<p>\u00a0<\/p>\n<p>Delhaize ziet het natuurlijk anders: \u201cWij vragen enkel kortingen voor het leveren van grote hoeveelheden. Het is effici\u00ebnter om een volle vrachtwagen te leveren, dan \u00e9\u00e9n die niet helemaal vol is\u201d, weerlegt woordvoerder Hans Michiels de kritiek. \u201cDe marktprijs voor de varkenskwekers staat hier helemaal los van.\u201d<\/p>\n<p>\u00a0<\/p>\n<p>De Boerenbond wil alvast zo snel mogelijk een onderhoud met de verantwoordelijken van Delhaize. \u201cAls Delhaize de mond vol heeft over duurzaamheid en eerlijke prijzen, willen we graag horen hoe ze dit rijmen met hun aankooppolitiek\u201d, klinkt het bij de grootste landbouwersorganisatie.<br \/>\n\u00a0<\/p>\n","protected":false},"excerpt":{"rendered":"<p>De Vereniging van Varkenshouders Veva en de Boerenbond zijn niet te spreken over de verkoopspraktijken van winkelketen Delhaize. Die zou haar leveranciers van varkensvlees onder druk zetten, en daar dreigt de varkenssector \u2013 die het zo al moeilijk heeft \u2013 de dupe van te worden. Veva herdoopte Delhaize-De Leeuw zelfs in Delhaize-De Hyena. \u201cPure guerrilla\u201d [&hellip;]<\/p>\n","protected":false},"author":1,"featured_media":84,"comment_status":"closed","ping_status":"closed","sticky":false,"template":"","format":"standard","meta":{"_acf_changed":false,"inline_featured_image":false,"_jetpack_memberships_contains_paid_content":false,"footnotes":""},"categories":[18],"tags":[],"people":[],"extra":[],"company":[],"topic":[],"region":[],"class_list":["post-718","post","type-post","status-publish","format-standard","has-post-thumbnail","hentry","category-food"],"acf":[],"yoast_head":"<!-- This site is optimized with the Yoast SEO plugin v27.3 - https:\/\/yoast.com\/product\/yoast-seo-wordpress\/ -->\n<title>Delhaize heeft het aan de stok met de varkenshouders - RetailDetail BE<\/title>\n<meta name=\"robots\" content=\"index, follow, max-snippet:-1, max-image-preview:large, max-video-preview:-1\" \/>\n<link rel=\"canonical\" href=\"https:\/\/www.retaildetail.be\/nl\/news\/food\/delhaize-heeft-het-aan-de-stok-met-de-varkenshouders\/\" \/>\n<meta property=\"og:locale\" content=\"nl_NL\" \/>\n<meta property=\"og:type\" content=\"article\" \/>\n<meta property=\"og:title\" content=\"Delhaize heeft het aan de stok met de varkenshouders - RetailDetail BE\" \/>\n<meta property=\"og:description\" content=\"De Vereniging van Varkenshouders Veva en de Boerenbond zijn niet te spreken over de verkoopspraktijken van winkelketen Delhaize. Die zou haar leveranciers van varkensvlees onder druk zetten, en daar dreigt de varkenssector \u2013 die het zo al moeilijk heeft \u2013 de dupe van te worden. Veva herdoopte Delhaize-De Leeuw zelfs in Delhaize-De Hyena. \u201cPure guerrilla\u201d [&hellip;]\" \/>\n<meta property=\"og:url\" content=\"https:\/\/www.retaildetail.be\/nl\/news\/food\/delhaize-heeft-het-aan-de-stok-met-de-varkenshouders\/\" \/>\n<meta property=\"og:site_name\" content=\"RetailDetail BE\" \/>\n<meta property=\"article:published_time\" content=\"2011-08-05T05:54:41+00:00\" \/>\n<meta property=\"og:image\" content=\"https:\/\/i0.wp.com\/www.retaildetail.be\/wp-content\/uploads\/2022\/04\/logo.png?fit=281%2C147&quality=100&strip=all&ssl=1\" \/>\n\t<meta property=\"og:image:width\" content=\"281\" \/>\n\t<meta property=\"og:image:height\" content=\"147\" \/>\n\t<meta property=\"og:image:type\" content=\"image\/png\" \/>\n<meta name=\"author\" content=\"dev@grandiz.com\" \/>\n<meta name=\"twitter:card\" content=\"summary_large_image\" \/>\n<meta name=\"twitter:label1\" content=\"Geschreven door\" \/>\n\t<meta name=\"twitter:data1\" content=\"dev@grandiz.com\" \/>\n\t<meta name=\"twitter:label2\" content=\"Geschatte leestijd\" \/>\n\t<meta name=\"twitter:data2\" content=\"2 minuten\" \/>\n<script type=\"application\/ld+json\" class=\"yoast-schema-graph\">{\"@context\":\"https:\\\/\\\/schema.org\",\"@graph\":[{\"@type\":\"NewsArticle\",\"@id\":\"https:\\\/\\\/www.retaildetail.be\\\/nl\\\/news\\\/food\\\/delhaize-heeft-het-aan-de-stok-met-de-varkenshouders\\\/#article\",\"isPartOf\":{\"@id\":\"https:\\\/\\\/www.retaildetail.be\\\/nl\\\/news\\\/food\\\/delhaize-heeft-het-aan-de-stok-met-de-varkenshouders\\\/\"},\"author\":{\"name\":\"dev@grandiz.com\",\"@id\":\"https:\\\/\\\/www.retaildetail.be\\\/nl\\\/#\\\/schema\\\/person\\\/ba2d383452a753a3a1ce8cdb349b5fc9\"},\"headline\":\"Delhaize heeft het aan de stok met de varkenshouders\",\"datePublished\":\"2011-08-05T05:54:41+00:00\",\"mainEntityOfPage\":{\"@id\":\"https:\\\/\\\/www.retaildetail.be\\\/nl\\\/news\\\/food\\\/delhaize-heeft-het-aan-de-stok-met-de-varkenshouders\\\/\"},\"wordCount\":350,\"publisher\":{\"@id\":\"https:\\\/\\\/www.retaildetail.be\\\/nl\\\/#organization\"},\"image\":{\"@id\":\"https:\\\/\\\/www.retaildetail.be\\\/nl\\\/news\\\/food\\\/delhaize-heeft-het-aan-de-stok-met-de-varkenshouders\\\/#primaryimage\"},\"thumbnailUrl\":\"https:\\\/\\\/www.retaildetail.be\\\/wp-content\\\/uploads\\\/2022\\\/04\\\/logo.png\",\"articleSection\":[\"Food\"],\"inLanguage\":\"nl-NL\",\"copyrightYear\":\"2011\",\"copyrightHolder\":{\"@id\":\"https:\\\/\\\/www.retaildetail.be\\\/#organization\"}},{\"@type\":\"WebPage\",\"@id\":\"https:\\\/\\\/www.retaildetail.be\\\/nl\\\/news\\\/food\\\/delhaize-heeft-het-aan-de-stok-met-de-varkenshouders\\\/\",\"url\":\"https:\\\/\\\/www.retaildetail.be\\\/nl\\\/news\\\/food\\\/delhaize-heeft-het-aan-de-stok-met-de-varkenshouders\\\/\",\"name\":\"Delhaize heeft het aan de stok met de varkenshouders - RetailDetail BE\",\"isPartOf\":{\"@id\":\"https:\\\/\\\/www.retaildetail.be\\\/nl\\\/#website\"},\"primaryImageOfPage\":{\"@id\":\"https:\\\/\\\/www.retaildetail.be\\\/nl\\\/news\\\/food\\\/delhaize-heeft-het-aan-de-stok-met-de-varkenshouders\\\/#primaryimage\"},\"image\":{\"@id\":\"https:\\\/\\\/www.retaildetail.be\\\/nl\\\/news\\\/food\\\/delhaize-heeft-het-aan-de-stok-met-de-varkenshouders\\\/#primaryimage\"},\"thumbnailUrl\":\"https:\\\/\\\/www.retaildetail.be\\\/wp-content\\\/uploads\\\/2022\\\/04\\\/logo.png\",\"datePublished\":\"2011-08-05T05:54:41+00:00\",\"breadcrumb\":{\"@id\":\"https:\\\/\\\/www.retaildetail.be\\\/nl\\\/news\\\/food\\\/delhaize-heeft-het-aan-de-stok-met-de-varkenshouders\\\/#breadcrumb\"},\"inLanguage\":\"nl-NL\",\"potentialAction\":[{\"@type\":\"ReadAction\",\"target\":[\"https:\\\/\\\/www.retaildetail.be\\\/nl\\\/news\\\/food\\\/delhaize-heeft-het-aan-de-stok-met-de-varkenshouders\\\/\"]}]},{\"@type\":\"ImageObject\",\"inLanguage\":\"nl-NL\",\"@id\":\"https:\\\/\\\/www.retaildetail.be\\\/nl\\\/news\\\/food\\\/delhaize-heeft-het-aan-de-stok-met-de-varkenshouders\\\/#primaryimage\",\"url\":\"https:\\\/\\\/www.retaildetail.be\\\/wp-content\\\/uploads\\\/2022\\\/04\\\/logo.png\",\"contentUrl\":\"https:\\\/\\\/www.retaildetail.be\\\/wp-content\\\/uploads\\\/2022\\\/04\\\/logo.png\",\"width\":281,\"height\":147},{\"@type\":\"BreadcrumbList\",\"@id\":\"https:\\\/\\\/www.retaildetail.be\\\/nl\\\/news\\\/food\\\/delhaize-heeft-het-aan-de-stok-met-de-varkenshouders\\\/#breadcrumb\",\"itemListElement\":[{\"@type\":\"ListItem\",\"position\":1,\"name\":\"Home\",\"item\":\"https:\\\/\\\/www.retaildetail.be\\\/nl\\\/\"},{\"@type\":\"ListItem\",\"position\":2,\"name\":\"Delhaize heeft het aan de stok met de varkenshouders\"}]},{\"@type\":\"WebSite\",\"@id\":\"https:\\\/\\\/www.retaildetail.be\\\/nl\\\/#website\",\"url\":\"https:\\\/\\\/www.retaildetail.be\\\/nl\\\/\",\"name\":\"RetailDetail BE\",\"description\":\"News\",\"publisher\":{\"@id\":\"https:\\\/\\\/www.retaildetail.be\\\/nl\\\/#organization\"},\"potentialAction\":[{\"@type\":\"SearchAction\",\"target\":{\"@type\":\"EntryPoint\",\"urlTemplate\":\"https:\\\/\\\/www.retaildetail.be\\\/nl\\\/?s={search_term_string}\"},\"query-input\":{\"@type\":\"PropertyValueSpecification\",\"valueRequired\":true,\"valueName\":\"search_term_string\"}}],\"inLanguage\":\"nl-NL\"},{\"@type\":\"Organization\",\"@id\":\"https:\\\/\\\/www.retaildetail.be\\\/nl\\\/#organization\",\"name\":\"RetailDetail BE\",\"url\":\"https:\\\/\\\/www.retaildetail.be\\\/nl\\\/\",\"logo\":{\"@type\":\"ImageObject\",\"inLanguage\":\"nl-NL\",\"@id\":\"https:\\\/\\\/www.retaildetail.be\\\/nl\\\/#\\\/schema\\\/logo\\\/image\\\/\",\"url\":\"https:\\\/\\\/www.retaildetail.be\\\/wp-content\\\/uploads\\\/2022\\\/04\\\/logo.svg\",\"contentUrl\":\"https:\\\/\\\/www.retaildetail.be\\\/wp-content\\\/uploads\\\/2022\\\/04\\\/logo.svg\",\"width\":131,\"height\":70,\"caption\":\"RetailDetail BE\"},\"image\":{\"@id\":\"https:\\\/\\\/www.retaildetail.be\\\/nl\\\/#\\\/schema\\\/logo\\\/image\\\/\"}},{\"@type\":\"Person\",\"@id\":\"https:\\\/\\\/www.retaildetail.be\\\/nl\\\/#\\\/schema\\\/person\\\/ba2d383452a753a3a1ce8cdb349b5fc9\",\"name\":\"dev@grandiz.com\",\"image\":{\"@type\":\"ImageObject\",\"inLanguage\":\"nl-NL\",\"@id\":\"https:\\\/\\\/secure.gravatar.com\\\/avatar\\\/5f53ce9fb6eed4a60e5aaaa712be8773880fa9459d9cac9bc4aa4fdbce3f447f?s=96&d=mm&r=g\",\"url\":\"https:\\\/\\\/secure.gravatar.com\\\/avatar\\\/5f53ce9fb6eed4a60e5aaaa712be8773880fa9459d9cac9bc4aa4fdbce3f447f?s=96&d=mm&r=g\",\"contentUrl\":\"https:\\\/\\\/secure.gravatar.com\\\/avatar\\\/5f53ce9fb6eed4a60e5aaaa712be8773880fa9459d9cac9bc4aa4fdbce3f447f?s=96&d=mm&r=g\",\"caption\":\"dev@grandiz.com\"},\"sameAs\":[\"http:\\\/\\\/preprod.retaildetail.be\"],\"url\":\"https:\\\/\\\/www.retaildetail.be\\\/nl\\\/author\\\/devgrandiz-com\\\/\"}]}<\/script>\n<!-- \/ Yoast SEO plugin. -->","yoast_head_json":{"title":"Delhaize heeft het aan de stok met de varkenshouders - RetailDetail BE","robots":{"index":"index","follow":"follow","max-snippet":"max-snippet:-1","max-image-preview":"max-image-preview:large","max-video-preview":"max-video-preview:-1"},"canonical":"https:\/\/www.retaildetail.be\/nl\/news\/food\/delhaize-heeft-het-aan-de-stok-met-de-varkenshouders\/","og_locale":"nl_NL","og_type":"article","og_title":"Delhaize heeft het aan de stok met de varkenshouders - RetailDetail BE","og_description":"De Vereniging van Varkenshouders Veva en de Boerenbond zijn niet te spreken over de verkoopspraktijken van winkelketen Delhaize. Die zou haar leveranciers van varkensvlees onder druk zetten, en daar dreigt de varkenssector \u2013 die het zo al moeilijk heeft \u2013 de dupe van te worden. Veva herdoopte Delhaize-De Leeuw zelfs in Delhaize-De Hyena. \u201cPure guerrilla\u201d [&hellip;]","og_url":"https:\/\/www.retaildetail.be\/nl\/news\/food\/delhaize-heeft-het-aan-de-stok-met-de-varkenshouders\/","og_site_name":"RetailDetail BE","article_published_time":"2011-08-05T05:54:41+00:00","og_image":[{"width":281,"height":147,"url":"https:\/\/i0.wp.com\/www.retaildetail.be\/wp-content\/uploads\/2022\/04\/logo.png?fit=281%2C147&quality=100&strip=all&ssl=1","type":"image\/png"}],"author":"dev@grandiz.com","twitter_card":"summary_large_image","twitter_misc":{"Geschreven door":"dev@grandiz.com","Geschatte leestijd":"2 minuten"},"schema":{"@context":"https:\/\/schema.org","@graph":[{"@type":"NewsArticle","@id":"https:\/\/www.retaildetail.be\/nl\/news\/food\/delhaize-heeft-het-aan-de-stok-met-de-varkenshouders\/#article","isPartOf":{"@id":"https:\/\/www.retaildetail.be\/nl\/news\/food\/delhaize-heeft-het-aan-de-stok-met-de-varkenshouders\/"},"author":{"name":"dev@grandiz.com","@id":"https:\/\/www.retaildetail.be\/nl\/#\/schema\/person\/ba2d383452a753a3a1ce8cdb349b5fc9"},"headline":"Delhaize heeft het aan de stok met de varkenshouders","datePublished":"2011-08-05T05:54:41+00:00","mainEntityOfPage":{"@id":"https:\/\/www.retaildetail.be\/nl\/news\/food\/delhaize-heeft-het-aan-de-stok-met-de-varkenshouders\/"},"wordCount":350,"publisher":{"@id":"https:\/\/www.retaildetail.be\/nl\/#organization"},"image":{"@id":"https:\/\/www.retaildetail.be\/nl\/news\/food\/delhaize-heeft-het-aan-de-stok-met-de-varkenshouders\/#primaryimage"},"thumbnailUrl":"https:\/\/www.retaildetail.be\/wp-content\/uploads\/2022\/04\/logo.png","articleSection":["Food"],"inLanguage":"nl-NL","copyrightYear":"2011","copyrightHolder":{"@id":"https:\/\/www.retaildetail.be\/#organization"}},{"@type":"WebPage","@id":"https:\/\/www.retaildetail.be\/nl\/news\/food\/delhaize-heeft-het-aan-de-stok-met-de-varkenshouders\/","url":"https:\/\/www.retaildetail.be\/nl\/news\/food\/delhaize-heeft-het-aan-de-stok-met-de-varkenshouders\/","name":"Delhaize heeft het aan de stok met de varkenshouders - RetailDetail BE","isPartOf":{"@id":"https:\/\/www.retaildetail.be\/nl\/#website"},"primaryImageOfPage":{"@id":"https:\/\/www.retaildetail.be\/nl\/news\/food\/delhaize-heeft-het-aan-de-stok-met-de-varkenshouders\/#primaryimage"},"image":{"@id":"https:\/\/www.retaildetail.be\/nl\/news\/food\/delhaize-heeft-het-aan-de-stok-met-de-varkenshouders\/#primaryimage"},"thumbnailUrl":"https:\/\/www.retaildetail.be\/wp-content\/uploads\/2022\/04\/logo.png","datePublished":"2011-08-05T05:54:41+00:00","breadcrumb":{"@id":"https:\/\/www.retaildetail.be\/nl\/news\/food\/delhaize-heeft-het-aan-de-stok-met-de-varkenshouders\/#breadcrumb"},"inLanguage":"nl-NL","potentialAction":[{"@type":"ReadAction","target":["https:\/\/www.retaildetail.be\/nl\/news\/food\/delhaize-heeft-het-aan-de-stok-met-de-varkenshouders\/"]}]},{"@type":"ImageObject","inLanguage":"nl-NL","@id":"https:\/\/www.retaildetail.be\/nl\/news\/food\/delhaize-heeft-het-aan-de-stok-met-de-varkenshouders\/#primaryimage","url":"https:\/\/www.retaildetail.be\/wp-content\/uploads\/2022\/04\/logo.png","contentUrl":"https:\/\/www.retaildetail.be\/wp-content\/uploads\/2022\/04\/logo.png","width":281,"height":147},{"@type":"BreadcrumbList","@id":"https:\/\/www.retaildetail.be\/nl\/news\/food\/delhaize-heeft-het-aan-de-stok-met-de-varkenshouders\/#breadcrumb","itemListElement":[{"@type":"ListItem","position":1,"name":"Home","item":"https:\/\/www.retaildetail.be\/nl\/"},{"@type":"ListItem","position":2,"name":"Delhaize heeft het aan de stok met de varkenshouders"}]},{"@type":"WebSite","@id":"https:\/\/www.retaildetail.be\/nl\/#website","url":"https:\/\/www.retaildetail.be\/nl\/","name":"RetailDetail BE","description":"News","publisher":{"@id":"https:\/\/www.retaildetail.be\/nl\/#organization"},"potentialAction":[{"@type":"SearchAction","target":{"@type":"EntryPoint","urlTemplate":"https:\/\/www.retaildetail.be\/nl\/?s={search_term_string}"},"query-input":{"@type":"PropertyValueSpecification","valueRequired":true,"valueName":"search_term_string"}}],"inLanguage":"nl-NL"},{"@type":"Organization","@id":"https:\/\/www.retaildetail.be\/nl\/#organization","name":"RetailDetail BE","url":"https:\/\/www.retaildetail.be\/nl\/","logo":{"@type":"ImageObject","inLanguage":"nl-NL","@id":"https:\/\/www.retaildetail.be\/nl\/#\/schema\/logo\/image\/","url":"https:\/\/www.retaildetail.be\/wp-content\/uploads\/2022\/04\/logo.svg","contentUrl":"https:\/\/www.retaildetail.be\/wp-content\/uploads\/2022\/04\/logo.svg","width":131,"height":70,"caption":"RetailDetail BE"},"image":{"@id":"https:\/\/www.retaildetail.be\/nl\/#\/schema\/logo\/image\/"}},{"@type":"Person","@id":"https:\/\/www.retaildetail.be\/nl\/#\/schema\/person\/ba2d383452a753a3a1ce8cdb349b5fc9","name":"dev@grandiz.com","image":{"@type":"ImageObject","inLanguage":"nl-NL","@id":"https:\/\/secure.gravatar.com\/avatar\/5f53ce9fb6eed4a60e5aaaa712be8773880fa9459d9cac9bc4aa4fdbce3f447f?s=96&d=mm&r=g","url":"https:\/\/secure.gravatar.com\/avatar\/5f53ce9fb6eed4a60e5aaaa712be8773880fa9459d9cac9bc4aa4fdbce3f447f?s=96&d=mm&r=g","contentUrl":"https:\/\/secure.gravatar.com\/avatar\/5f53ce9fb6eed4a60e5aaaa712be8773880fa9459d9cac9bc4aa4fdbce3f447f?s=96&d=mm&r=g","caption":"dev@grandiz.com"},"sameAs":["http:\/\/preprod.retaildetail.be"],"url":"https:\/\/www.retaildetail.be\/nl\/author\/devgrandiz-com\/"}]}},"jetpack_featured_media_url":"https:\/\/www.retaildetail.be\/wp-content\/uploads\/2022\/04\/logo.png","jetpack_sharing_enabled":true,"_links":{"self":[{"href":"https:\/\/www.retaildetail.be\/nl\/wp-json\/wp\/v2\/posts\/718","targetHints":{"allow":["GET"]}}],"collection":[{"href":"https:\/\/www.retaildetail.be\/nl\/wp-json\/wp\/v2\/posts"}],"about":[{"href":"https:\/\/www.retaildetail.be\/nl\/wp-json\/wp\/v2\/types\/post"}],"author":[{"embeddable":true,"href":"https:\/\/www.retaildetail.be\/nl\/wp-json\/wp\/v2\/users\/1"}],"replies":[{"embeddable":true,"href":"https:\/\/www.retaildetail.be\/nl\/wp-json\/wp\/v2\/comments?post=718"}],"version-history":[{"count":0,"href":"https:\/\/www.retaildetail.be\/nl\/wp-json\/wp\/v2\/posts\/718\/revisions"}],"wp:featuredmedia":[{"embeddable":true,"href":"https:\/\/www.retaildetail.be\/nl\/wp-json\/wp\/v2\/media\/84"}],"wp:attachment":[{"href":"https:\/\/www.retaildetail.be\/nl\/wp-json\/wp\/v2\/media?parent=718"}],"wp:term":[{"taxonomy":"category","embeddable":true,"href":"https:\/\/www.retaildetail.be\/nl\/wp-json\/wp\/v2\/categories?post=718"},{"taxonomy":"post_tag","embeddable":true,"href":"https:\/\/www.retaildetail.be\/nl\/wp-json\/wp\/v2\/tags?post=718"},{"taxonomy":"people","embeddable":true,"href":"https:\/\/www.retaildetail.be\/nl\/wp-json\/wp\/v2\/people?post=718"},{"taxonomy":"extra","embeddable":true,"href":"https:\/\/www.retaildetail.be\/nl\/wp-json\/wp\/v2\/extra?post=718"},{"taxonomy":"company","embeddable":true,"href":"https:\/\/www.retaildetail.be\/nl\/wp-json\/wp\/v2\/company?post=718"},{"taxonomy":"topic","embeddable":true,"href":"https:\/\/www.retaildetail.be\/nl\/wp-json\/wp\/v2\/topic?post=718"},{"taxonomy":"region","embeddable":true,"href":"https:\/\/www.retaildetail.be\/nl\/wp-json\/wp\/v2\/region?post=718"}],"curies":[{"name":"wp","href":"https:\/\/api.w.org\/{rel}","templated":true}]}}