{"id":792,"date":"2011-09-08T07:46:19","date_gmt":"2011-09-08T07:46:19","guid":{"rendered":"https:\/\/www.retaildetail.be\/algemeen\/consument-zal-aankoopgedrag-grondig-wijzigen-door-de-crisis-dixit-kapferer\/"},"modified":"2011-09-08T07:46:19","modified_gmt":"2011-09-08T07:46:19","slug":"consument-zal-aankoopgedrag-grondig-wijzigen-door-de-crisis-dixit-kapferer","status":"publish","type":"post","link":"https:\/\/www.retaildetail.be\/nl\/news\/algemeen\/consument-zal-aankoopgedrag-grondig-wijzigen-door-de-crisis-dixit-kapferer\/","title":{"rendered":"\u201cConsument zal aankoopgedrag grondig wijzigen door de crisis\u201d, dixit Kapferer"},"content":{"rendered":"<p>\u00a0<\/p>\n<p>\u201cWe weten wat ons te wachten staat: de overheden zullen de openbare schulden, die overal de pan zijn uitgerezen, moeten aanpakken. En dat betekent twee dingen: bezuinigen \u00e9n belastingen verhogen. De burger zal dat voelen. Voeg daar nog het fenomeen van de inflatie aan toe &#8211; het leven wordt duurder, vooral een gevolg van de sterke stijging van de energieprijzen &#8211; en u begrijpt dat ook de consument zijn aankoopgedrag zal veranderen.\u201d<\/p>\n<p>\u00a0<\/p>\n<h2>Onze koopkracht gaat er op achteruit.<\/h2>\n<p><strong>J.-N. Kapferer:<\/strong>\u00a0\u201cDus rijst de vraag hoe de gezinnen daar mee zullen omgaan. Want elke euro kan maar \u00e9\u00e9n keer rollen. In periodes van voorspoed is zo goed als alles mogelijk, maar in tijden van crisis wordt alles plots concurrent van alles.<\/p>\n<p>\u00a0<\/p>\n<p>Neem nu een bezoek aan het warenhuis. Als ik niet op mijn centen moet letten, dan koop ik cola en kies ik tussen Coca-Cola en Pepsi, koop ik nog wat chips en kies bijvoorbeeld tussen Lays en Pringles, neem nog wat yoghurt mee en kies dan tussen Danone en Bonne Maman, enzovoort. Maar als ik moet besparen, gaat de keuze eerst tussen ofwel cola ofwel chips ofwel yoghurt\u2026\u201d<\/p>\n<p>\u00a0<\/p>\n<h2>Tenzij de consument systematisch naar goedkopere producten grijpt, bijvoorbeeld de huismerken van de supermarkten.<\/h2>\n<p><strong>J.-N. Kapferer:<\/strong>\u00a0\u201cDat brengt me bij het punt dat ik wil maken. De rekken in de supermarkten puilen uit van de uiteenlopende merken met producten die weliswaar sterk in prijs verschillen maar &#8211; zeker in de voedingssector &#8211; kwalitatief nog amper voor elkaar moeten onderdoen.<\/p>\n<p>Al geldt dat niet alleen voor eten en drinken. Neem de elektronicasector: de iPhone van Apple wordt voor een groot stuk gemaakt met onderdelen van Samsung. En dus kon je er donder op zeggen dat de Koreanen hun eigen goedkopere iPhone-killer op de markt zouden brengen. Tot ongenoegen van Apple, dat met alle mogelijke middelen (sinds kort zelfs via de rechter) de lancering ervan probeert te beletten. Maar of dat ook zal lukken, laat staan hoe lang\u2026\u201d<\/p>\n<p>\u00a0<\/p>\n<h2>Toch wil iedereen die iPhone en blijft Apple \u00e9\u00e9n van d\u00e9 absolute droommerken wereldwijd, mijlenver voor Samsung.<\/h2>\n<p><strong>J.-N. Kapferer:<\/strong>\u00a0\u201cJuist. Wie droomt er niet van Apple. Of van een Ferrari. Ik ook! Maar koop ik die dan ook \u00e9cht? En zal ik die ook kopen in tijden van dalende koopkracht?<\/p>\n<p>\nOverigens is er iets grondig verkeerd met die lijstjes van droommerken. Waarom? Omdat ze gebaseerd zijn op consumentenenqu\u00eates die vertrekken van een verkeerde vraag.\u00a0<em><strong>De consument heeft namelijk een te beperkte kijk op het begrip \u2018merk\u2019.<\/strong><\/em>\u00a0Een beeld dat te veel wordt gedicteerd door de reclame op de televisie.<\/p>\n<p>\u00a0<\/p>\n<p>Keren we even terug naar de supermarkt. Als ik u vraag: noem mij om het even welk merk van yoghurt of pasta. Het hoeft niet eens uw droommerk te zijn. Hoe groot is dan de kans dat u Carrefour of Delhaize antwoordt? Bijna zeker nul! En waarom? Omdat we bij het begrip \u2018merk\u2019 alleen maar denken aan de Danone\u2019s of de Panzani\u2019s van deze wereld, nog lang niet aan de huismerken, distributiemerken, supermarktmerken of hoe u ze ook wil noemen. Nochtans neemt hun marktaandeel jaar na jaar spectaculair toe, wat bewijst dat we ze wel degelijk elke dag kopen.\u201d<\/p>\n<p>\u00a0<\/p>\n<h2>Waar we van dromen is inderdaad niet noodzakelijk wat we ook daadwerkelijk kopen.<\/h2>\n<p><strong>J.-N. Kapferer:<\/strong>\u00a0\u201cDe reclame wil ons laten geloven dat die droom binnen ieders handbereik ligt. En de enqu\u00eates spelen dat spelletje duidelijk mee. De realiteit is echter totaal anders. In tijden van financi\u00eble problemen zal dat alleen maar toenemen!<\/p>\n<p>\u00a0<\/p>\n<p><em><strong>Bij wijze van boutade zou je kunnen zeggen dat Aldi tegenwoordig Apple financiert.<\/strong><\/em>\u00a0Ik bedoel maar: wat we besparen door bij een discounter te gaan kopen, kunnen we opzij leggen om later misschien dan toch die iPhone-droom waar te maken. Velen hebben het ongetwijfeld moeilijk om Coca-Cola te laten vallen, maar dat is veel minder het geval voor melk, pasta, kaas, noem maar op. Ook voor de fabrikanten zelf wordt het wennen en zich aanpassen. Want de concurrentie zal zich steeds minder gaan afspelen tussen de merken zelf, maar meer op een hoger niveau.\u201d<\/p>\n<p>\u00a0<\/p>\n<h2>Wat bedoelt u daarmee?<\/h2>\n<p><strong>J.-N. Kapferer:<\/strong>\u00a0\u201cKijk eens naar wat zich heeft afgespeeld in de luchtvaartsector. Hoe gevestigde brands als Air France, British Airways of Lufthansa plots te maken kregen met geduchte concurrentie van een Ryanair of een Easyjet. Dat zijn geen klassieke concurrenten die je dus via de klassieke wegen kunt gaan bekampen. Nee, dat zijn totaal andere business modellen.<\/p>\n<p>\u00a0<\/p>\n<p>Reizigers die voor die lagekostenmaatschappijen opteren, kiezen niet voor een merk, zij kiezen voor de centen. De lowcostmaatschappijen zeggen dat ook klaar en duidelijk: wij brengen jullie snel en veilig op de bestemming voor een meer dan haalbare prijs. Dat is hetzelfde als zeggen: \u2018verwacht van ons geen luxe, geen droom\u2019.<\/p>\n<p>\u00a0<\/p>\n<p>Of neem nu de sector van de geneesmiddelen. Waarom zou je nog een merkaspirine kopen als de generische variant even veilig en even doeltreffend is maar wel pakken goedkoper?\u00a0<em><strong>Het is mijn vaste overtuiging dat de marktsegmentatie niet langer zal verlopen via de merken, maar op basis van het onderliggende economische model.<\/strong><\/em>\u00a0De crisis zal die trend alleen maar versnellen.\u201d<\/p>\n<p>\u00a0<\/p>\n<h2>Delhaize haalt naar eigen zeggen al ruim de helft van zijn omzet uit zijn huismerken en ook bij de andere distributieketens is de trend duidelijk. Dreigt dat het aanbod niet te verschralen, want huismerken kopi\u00ebren toch vooral de goed verkopende voorbeelden?<\/h2>\n<p><strong>J.-N. Kapferer:<\/strong>\u00a0\u201cTot een aantal jaren geleden zou ik u gelijk hebben gegeven. Intussen is dat echter niet meer het geval. Ten eerste omdat de ketens het niet meer, zoals in het begin, bij \u00e9\u00e9n huismerk houden. Vroeger stond een huismerk voor de goedkoopste prijzen van iets mindere kwaliteit (de zogenaamde \u2018witte producten\u2019, nvdr.). Ondertussen heb je ook een doorsnee kwaliteitslijn (die meestal de naam van de keten draagt, nvdr.) en zelfs toplijnen (bij Delhaize bijvoorbeeld \u2018Taste of Inspirations\u2019, nvdr.).<\/p>\n<p>\u00a0<\/p>\n<p>Bovendien is er niet alleen segmentatie naar prijs-kwaliteit, bij de huismerken zie je ook meer en meer thematisering. Sinds enkele jaren speelt de grootdistributie namelijk een steeds belangrijkere rol in het wegwijs helpen van de consument in andere, alternatieve manieren van leven. Neem nu lokale producten. Vandaag heeft bijna elk groot warenhuis een eigen regionaal gamma. Dat slaagt er zelfs in verdwenen recepten opnieuw tot leven te wekken.<\/p>\n<p>\u00a0<\/p>\n<p>Door de omvang van hun verkoopkanaal kunnen zij de lokale producenten namelijk voldoende afzet garanderen, waardoor die laatsten groei kunnen neerzetten die ze op eigen kracht nooit zouden kunnen realiseren. Hetzelfde geldt voor de bioproducten. Kent u \u00e9\u00e9n succesvol internationaal biomerk? Ik ook niet. Nochtans is bio aan een ferme opmars bezig wereldwijd. De supermarktsector kan die rol alleen maar spelen omdat de consumenten intussen al zoveel vertrouwen hebben in het huismerk van die ketens. De slagkracht van die ketens zorgt er ook voor dat nieuwe trends meteen veel gemakkelijker en massaler aanslaan dan wanneer een multinational dat zou proberen. De macht is langzaam maar zeker verschoven.\u201d<\/p>\n<p>\u00a0<\/p>\n<h2>Als ik u zo hoor, lijkt het einde van de grote merken nabij.<\/h2>\n<p><strong>J.-N. Kapferer:<\/strong>\u00a0\u201cZo ver zijn we nog lang niet. Onlangs vertelde een uitbater me dat de supermarkt had besloten om het aandeel huismerken van 40 naar 45 procent op te drijven nadat ze hadden vastgesteld dat hun verkoop was gestegen sinds ze meer referenties van hun huismerk en minder van de grote merken in de rekken hadden geplaatst. Dat mag dan al kloppen voor sommige producten, voor andere is dat totaal niet het geval.<\/p>\n<p>\u00a0<\/p>\n<p>Neem nu persoonlijke hygi\u00ebne, shampoos bijvoorbeeld: het aandeel eigen huismerken opdrijven ten nadele van de gekende waarden als Nivea of Els\u00e8ve bleek een averechts effect te hebben. Blijkbaar gaat de voorkeur van de meeste dames nog altijd uit naar de grote merken.<\/p>\n<p>\u00a0<\/p>\n<p>Kortom, de oplossing is niet m\u00e9\u00e9r huismerken en minder topmerken,\u00a0<strong><em>de oplossing ligt in een gedegen analyse van de voorkeuren van de consument<\/em><\/strong>, gebaseerd op diens re\u00eble aankooppatroon. Vandaar het toenemende belang van de geautomatiseerde kasregisters en vooral van de getrouwheidskaarten. Op voorwaarde dat die cijfergegevens goed worden geanalyseerd, want vandaag wordt die schat aan informatie nog altijd veel te weinig benut.\u201d<\/p>\n<p>\u00a0<\/p>\n<h2>Wat rest er de grote merken dan nog?<\/h2>\n<p><strong>J.-N. Kapferer:<\/strong>\u00a0\u201cDie moeten doen waar ze goed in zijn en altijd goed in geweest zijn: innovatief en creatief uit de hoek komen. Producten bedenken waar de consument nog nooit aan heeft gedacht. En die vervolgens op de markt brengen. Want als iedereen hetzelfde aanbiedt, dan rest er maar \u00e9\u00e9n optie om het verschil te maken: concurreren op de prijs. En dan hebben de grote merken bij voorbaat de strijd verloren.<\/p>\n<p>\u00a0<\/p>\n<p>Enkel wanneer ze \u00e9cht het verschil kunnen maken, kunnen ze ook hun meerprijs verantwoorden en zal de consument ook bereid zijn die meerprijs te betalen, zonder morren.\u00a0<strong><em>Dat vereist wel een totaal ander business model, eentje waarbij het initiatief niet langer aan de vraagzijde ligt maar aan de aanbodzijde.<\/em><\/strong>\u201d<\/p>\n<p>\u00a0<\/p>\n<h2>Kunt u dat eens concreet maken? Of is dat nog science-fiction?<\/h2>\n<p><strong>J.-N. Kapferer:<\/strong>\u00a0\u201cHet is al realiteit. Kijk maar naar wat Apple heeft gedaan met zijn iPod. Dat is niet zomaar een veredelde versie van de discman van destijds. Dat is een totaal ander businessmodel, een heel andere manier van omgaan met muziek. En dat al van bij de aankoop ervan: geen fysieke drager meer, geen fysiek winkelpunt meer. Het is totaal nieuw businessmodel en een typevoorbeeld van een dienst waar de consument zelfs niet naar kon vragen\u2026 omdat hij gewoon niet vermoedde dat die ooit zou bestaan. Maar die we vandaag niet meer kunnen missen. En, geef toe, het heeft Apple geen windeieren gelegd. Het is intussen al het grootste bedrijf wereldwijd qua beurswaarde, groter dan oliegigant Exxon Mobil.\u201d<\/p>\n<p>\u00a0<\/p>\n<h2>Maar dat betekent wel investeren in onderzoek en ontwikkeling. In tijden van crisis is dat niet meteen een geruststellende boodschap\u2026<\/h2>\n<p><strong>J.-N. Kapferer:<\/strong>\u00a0\u201cJe hoort mij niet zeggen dat het makkelijk is. Maar het is de enige weg in de postmaterialistische Westerse wereld waarin we intussen leven, een wereld waar stilaan het plafond is bereikt.\u00a0<em><strong>We staan echt aan de vooravond van een grote verandering.<\/strong><\/em>\u00a0En elke verandering gaat gepaard met onzekerheid, die angst inboezemt. Zeker bij zakenlui die hun beslissingen tot nu toe volledig lieten afhangen door cijfermatige prognoses en forecasts.\u201d<\/p>\n<p>\u00a0<\/p>\n<p><img decoding=\"async\" alt=\"\" src=\"\/sites\/default\/files\/spacer.png\" style=\"float:left;height:133px;margin-bottom:10px;margin-right:10px;margin-top:10px;width:200px\" title=\"\" \/><br \/>\nWie Kapferer in levende lijve wil horen, krijgt de allerlaatste kans om zich in te schrijven voor\u00a0<strong><a href=\"http:\/\/www.pubmarket.be\/staging\/retaildetail\/11_181009_Uitnodiging_Retail_Dynamics\/uitnodiging\/NL\/index.html\" target=\"_blank\" title=\"\" rel=\"noopener\"><span style=\"color:#cc0000\"><u>Het Grote Merkendebat<\/u><\/span><\/a><\/strong>\u00a0van RetailDetail morgen (9 september).\u00a0<strong><span style=\"color:#cc0000\">Opgelet<\/span><\/strong><span style=\"color:#cc0000\">: nog slechts een paar plaatsen beschikbaar.<\/span><br \/>\nKostprijs: 195 euro (excl. BTW) &#8211; inschrijven kan via\u00a0<a href=\"mailto:jorg@retaildetail.be\"><span style=\"color:#cc0000\"><u>jorg@retaildetail.be<\/u><\/span><\/a><\/p>\n<p>\u00a0<\/p>\n<p>Een\u00a0verkorte versie van dit interview verscheen in Trends van 8 september 2011.<br \/>\n\u00a0<\/p>\n","protected":false},"excerpt":{"rendered":"<p>\u00a0 \u201cWe weten wat ons te wachten staat: de overheden zullen de openbare schulden, die overal de pan zijn uitgerezen, moeten aanpakken. En dat betekent twee dingen: bezuinigen \u00e9n belastingen verhogen. De burger zal dat voelen. Voeg daar nog het fenomeen van de inflatie aan toe &#8211; het leven wordt duurder, vooral een gevolg van [&hellip;]<\/p>\n","protected":false},"author":1,"featured_media":84,"comment_status":"closed","ping_status":"closed","sticky":false,"template":"","format":"standard","meta":{"_acf_changed":false,"inline_featured_image":false,"_jetpack_memberships_contains_paid_content":false,"footnotes":""},"categories":[15],"tags":[],"people":[],"extra":[],"company":[],"topic":[],"region":[],"class_list":["post-792","post","type-post","status-publish","format-standard","has-post-thumbnail","hentry","category-algemeen"],"acf":[],"yoast_head":"<!-- This site is optimized with the Yoast SEO plugin v27.3 - https:\/\/yoast.com\/product\/yoast-seo-wordpress\/ -->\n<title>\u201cConsument zal aankoopgedrag grondig wijzigen door de crisis\u201d, dixit Kapferer - RetailDetail BE<\/title>\n<meta name=\"robots\" content=\"index, follow, max-snippet:-1, max-image-preview:large, max-video-preview:-1\" \/>\n<link rel=\"canonical\" href=\"https:\/\/www.retaildetail.be\/nl\/news\/algemeen\/consument-zal-aankoopgedrag-grondig-wijzigen-door-de-crisis-dixit-kapferer\/\" \/>\n<meta property=\"og:locale\" content=\"nl_NL\" \/>\n<meta property=\"og:type\" content=\"article\" \/>\n<meta property=\"og:title\" content=\"\u201cConsument zal aankoopgedrag grondig wijzigen door de crisis\u201d, dixit Kapferer - RetailDetail BE\" \/>\n<meta property=\"og:description\" content=\"\u00a0 \u201cWe weten wat ons te wachten staat: de overheden zullen de openbare schulden, die overal de pan zijn uitgerezen, moeten aanpakken. En dat betekent twee dingen: bezuinigen \u00e9n belastingen verhogen. De burger zal dat voelen. Voeg daar nog het fenomeen van de inflatie aan toe &#8211; het leven wordt duurder, vooral een gevolg van [&hellip;]\" \/>\n<meta property=\"og:url\" content=\"https:\/\/www.retaildetail.be\/nl\/news\/algemeen\/consument-zal-aankoopgedrag-grondig-wijzigen-door-de-crisis-dixit-kapferer\/\" \/>\n<meta property=\"og:site_name\" content=\"RetailDetail BE\" \/>\n<meta property=\"article:published_time\" content=\"2011-09-08T07:46:19+00:00\" \/>\n<meta property=\"og:image\" content=\"https:\/\/i0.wp.com\/www.retaildetail.be\/wp-content\/uploads\/2022\/04\/logo.png?fit=281%2C147&quality=100&strip=all&ssl=1\" \/>\n\t<meta property=\"og:image:width\" content=\"281\" \/>\n\t<meta property=\"og:image:height\" content=\"147\" \/>\n\t<meta property=\"og:image:type\" content=\"image\/png\" \/>\n<meta name=\"author\" content=\"dev@grandiz.com\" \/>\n<meta name=\"twitter:card\" content=\"summary_large_image\" \/>\n<meta name=\"twitter:label1\" content=\"Geschreven door\" \/>\n\t<meta name=\"twitter:data1\" content=\"dev@grandiz.com\" \/>\n\t<meta name=\"twitter:label2\" content=\"Geschatte leestijd\" \/>\n\t<meta name=\"twitter:data2\" content=\"9 minuten\" \/>\n<script type=\"application\/ld+json\" class=\"yoast-schema-graph\">{\"@context\":\"https:\\\/\\\/schema.org\",\"@graph\":[{\"@type\":\"NewsArticle\",\"@id\":\"https:\\\/\\\/www.retaildetail.be\\\/nl\\\/news\\\/algemeen\\\/consument-zal-aankoopgedrag-grondig-wijzigen-door-de-crisis-dixit-kapferer\\\/#article\",\"isPartOf\":{\"@id\":\"https:\\\/\\\/www.retaildetail.be\\\/nl\\\/news\\\/algemeen\\\/consument-zal-aankoopgedrag-grondig-wijzigen-door-de-crisis-dixit-kapferer\\\/\"},\"author\":{\"name\":\"dev@grandiz.com\",\"@id\":\"https:\\\/\\\/www.retaildetail.be\\\/nl\\\/#\\\/schema\\\/person\\\/ba2d383452a753a3a1ce8cdb349b5fc9\"},\"headline\":\"\u201cConsument zal aankoopgedrag grondig wijzigen door de crisis\u201d, dixit Kapferer\",\"datePublished\":\"2011-09-08T07:46:19+00:00\",\"mainEntityOfPage\":{\"@id\":\"https:\\\/\\\/www.retaildetail.be\\\/nl\\\/news\\\/algemeen\\\/consument-zal-aankoopgedrag-grondig-wijzigen-door-de-crisis-dixit-kapferer\\\/\"},\"wordCount\":1757,\"publisher\":{\"@id\":\"https:\\\/\\\/www.retaildetail.be\\\/nl\\\/#organization\"},\"image\":{\"@id\":\"https:\\\/\\\/www.retaildetail.be\\\/nl\\\/news\\\/algemeen\\\/consument-zal-aankoopgedrag-grondig-wijzigen-door-de-crisis-dixit-kapferer\\\/#primaryimage\"},\"thumbnailUrl\":\"https:\\\/\\\/www.retaildetail.be\\\/wp-content\\\/uploads\\\/2022\\\/04\\\/logo.png\",\"articleSection\":[\"Algemeen\"],\"inLanguage\":\"nl-NL\",\"copyrightYear\":\"2011\",\"copyrightHolder\":{\"@id\":\"https:\\\/\\\/www.retaildetail.be\\\/#organization\"}},{\"@type\":\"WebPage\",\"@id\":\"https:\\\/\\\/www.retaildetail.be\\\/nl\\\/news\\\/algemeen\\\/consument-zal-aankoopgedrag-grondig-wijzigen-door-de-crisis-dixit-kapferer\\\/\",\"url\":\"https:\\\/\\\/www.retaildetail.be\\\/nl\\\/news\\\/algemeen\\\/consument-zal-aankoopgedrag-grondig-wijzigen-door-de-crisis-dixit-kapferer\\\/\",\"name\":\"\u201cConsument zal aankoopgedrag grondig wijzigen door de crisis\u201d, dixit Kapferer - RetailDetail BE\",\"isPartOf\":{\"@id\":\"https:\\\/\\\/www.retaildetail.be\\\/nl\\\/#website\"},\"primaryImageOfPage\":{\"@id\":\"https:\\\/\\\/www.retaildetail.be\\\/nl\\\/news\\\/algemeen\\\/consument-zal-aankoopgedrag-grondig-wijzigen-door-de-crisis-dixit-kapferer\\\/#primaryimage\"},\"image\":{\"@id\":\"https:\\\/\\\/www.retaildetail.be\\\/nl\\\/news\\\/algemeen\\\/consument-zal-aankoopgedrag-grondig-wijzigen-door-de-crisis-dixit-kapferer\\\/#primaryimage\"},\"thumbnailUrl\":\"https:\\\/\\\/www.retaildetail.be\\\/wp-content\\\/uploads\\\/2022\\\/04\\\/logo.png\",\"datePublished\":\"2011-09-08T07:46:19+00:00\",\"breadcrumb\":{\"@id\":\"https:\\\/\\\/www.retaildetail.be\\\/nl\\\/news\\\/algemeen\\\/consument-zal-aankoopgedrag-grondig-wijzigen-door-de-crisis-dixit-kapferer\\\/#breadcrumb\"},\"inLanguage\":\"nl-NL\",\"potentialAction\":[{\"@type\":\"ReadAction\",\"target\":[\"https:\\\/\\\/www.retaildetail.be\\\/nl\\\/news\\\/algemeen\\\/consument-zal-aankoopgedrag-grondig-wijzigen-door-de-crisis-dixit-kapferer\\\/\"]}]},{\"@type\":\"ImageObject\",\"inLanguage\":\"nl-NL\",\"@id\":\"https:\\\/\\\/www.retaildetail.be\\\/nl\\\/news\\\/algemeen\\\/consument-zal-aankoopgedrag-grondig-wijzigen-door-de-crisis-dixit-kapferer\\\/#primaryimage\",\"url\":\"https:\\\/\\\/www.retaildetail.be\\\/wp-content\\\/uploads\\\/2022\\\/04\\\/logo.png\",\"contentUrl\":\"https:\\\/\\\/www.retaildetail.be\\\/wp-content\\\/uploads\\\/2022\\\/04\\\/logo.png\",\"width\":281,\"height\":147},{\"@type\":\"BreadcrumbList\",\"@id\":\"https:\\\/\\\/www.retaildetail.be\\\/nl\\\/news\\\/algemeen\\\/consument-zal-aankoopgedrag-grondig-wijzigen-door-de-crisis-dixit-kapferer\\\/#breadcrumb\",\"itemListElement\":[{\"@type\":\"ListItem\",\"position\":1,\"name\":\"Home\",\"item\":\"https:\\\/\\\/www.retaildetail.be\\\/nl\\\/\"},{\"@type\":\"ListItem\",\"position\":2,\"name\":\"\u201cConsument zal aankoopgedrag grondig wijzigen door de crisis\u201d, dixit Kapferer\"}]},{\"@type\":\"WebSite\",\"@id\":\"https:\\\/\\\/www.retaildetail.be\\\/nl\\\/#website\",\"url\":\"https:\\\/\\\/www.retaildetail.be\\\/nl\\\/\",\"name\":\"RetailDetail BE\",\"description\":\"News\",\"publisher\":{\"@id\":\"https:\\\/\\\/www.retaildetail.be\\\/nl\\\/#organization\"},\"potentialAction\":[{\"@type\":\"SearchAction\",\"target\":{\"@type\":\"EntryPoint\",\"urlTemplate\":\"https:\\\/\\\/www.retaildetail.be\\\/nl\\\/?s={search_term_string}\"},\"query-input\":{\"@type\":\"PropertyValueSpecification\",\"valueRequired\":true,\"valueName\":\"search_term_string\"}}],\"inLanguage\":\"nl-NL\"},{\"@type\":\"Organization\",\"@id\":\"https:\\\/\\\/www.retaildetail.be\\\/nl\\\/#organization\",\"name\":\"RetailDetail BE\",\"url\":\"https:\\\/\\\/www.retaildetail.be\\\/nl\\\/\",\"logo\":{\"@type\":\"ImageObject\",\"inLanguage\":\"nl-NL\",\"@id\":\"https:\\\/\\\/www.retaildetail.be\\\/nl\\\/#\\\/schema\\\/logo\\\/image\\\/\",\"url\":\"https:\\\/\\\/www.retaildetail.be\\\/wp-content\\\/uploads\\\/2022\\\/04\\\/logo.svg\",\"contentUrl\":\"https:\\\/\\\/www.retaildetail.be\\\/wp-content\\\/uploads\\\/2022\\\/04\\\/logo.svg\",\"width\":131,\"height\":70,\"caption\":\"RetailDetail BE\"},\"image\":{\"@id\":\"https:\\\/\\\/www.retaildetail.be\\\/nl\\\/#\\\/schema\\\/logo\\\/image\\\/\"}},{\"@type\":\"Person\",\"@id\":\"https:\\\/\\\/www.retaildetail.be\\\/nl\\\/#\\\/schema\\\/person\\\/ba2d383452a753a3a1ce8cdb349b5fc9\",\"name\":\"dev@grandiz.com\",\"image\":{\"@type\":\"ImageObject\",\"inLanguage\":\"nl-NL\",\"@id\":\"https:\\\/\\\/secure.gravatar.com\\\/avatar\\\/5f53ce9fb6eed4a60e5aaaa712be8773880fa9459d9cac9bc4aa4fdbce3f447f?s=96&d=mm&r=g\",\"url\":\"https:\\\/\\\/secure.gravatar.com\\\/avatar\\\/5f53ce9fb6eed4a60e5aaaa712be8773880fa9459d9cac9bc4aa4fdbce3f447f?s=96&d=mm&r=g\",\"contentUrl\":\"https:\\\/\\\/secure.gravatar.com\\\/avatar\\\/5f53ce9fb6eed4a60e5aaaa712be8773880fa9459d9cac9bc4aa4fdbce3f447f?s=96&d=mm&r=g\",\"caption\":\"dev@grandiz.com\"},\"sameAs\":[\"http:\\\/\\\/preprod.retaildetail.be\"],\"url\":\"https:\\\/\\\/www.retaildetail.be\\\/nl\\\/author\\\/devgrandiz-com\\\/\"}]}<\/script>\n<!-- \/ Yoast SEO plugin. -->","yoast_head_json":{"title":"\u201cConsument zal aankoopgedrag grondig wijzigen door de crisis\u201d, dixit Kapferer - RetailDetail BE","robots":{"index":"index","follow":"follow","max-snippet":"max-snippet:-1","max-image-preview":"max-image-preview:large","max-video-preview":"max-video-preview:-1"},"canonical":"https:\/\/www.retaildetail.be\/nl\/news\/algemeen\/consument-zal-aankoopgedrag-grondig-wijzigen-door-de-crisis-dixit-kapferer\/","og_locale":"nl_NL","og_type":"article","og_title":"\u201cConsument zal aankoopgedrag grondig wijzigen door de crisis\u201d, dixit Kapferer - RetailDetail BE","og_description":"\u00a0 \u201cWe weten wat ons te wachten staat: de overheden zullen de openbare schulden, die overal de pan zijn uitgerezen, moeten aanpakken. En dat betekent twee dingen: bezuinigen \u00e9n belastingen verhogen. De burger zal dat voelen. Voeg daar nog het fenomeen van de inflatie aan toe &#8211; het leven wordt duurder, vooral een gevolg van [&hellip;]","og_url":"https:\/\/www.retaildetail.be\/nl\/news\/algemeen\/consument-zal-aankoopgedrag-grondig-wijzigen-door-de-crisis-dixit-kapferer\/","og_site_name":"RetailDetail BE","article_published_time":"2011-09-08T07:46:19+00:00","og_image":[{"width":281,"height":147,"url":"https:\/\/i0.wp.com\/www.retaildetail.be\/wp-content\/uploads\/2022\/04\/logo.png?fit=281%2C147&quality=100&strip=all&ssl=1","type":"image\/png"}],"author":"dev@grandiz.com","twitter_card":"summary_large_image","twitter_misc":{"Geschreven door":"dev@grandiz.com","Geschatte leestijd":"9 minuten"},"schema":{"@context":"https:\/\/schema.org","@graph":[{"@type":"NewsArticle","@id":"https:\/\/www.retaildetail.be\/nl\/news\/algemeen\/consument-zal-aankoopgedrag-grondig-wijzigen-door-de-crisis-dixit-kapferer\/#article","isPartOf":{"@id":"https:\/\/www.retaildetail.be\/nl\/news\/algemeen\/consument-zal-aankoopgedrag-grondig-wijzigen-door-de-crisis-dixit-kapferer\/"},"author":{"name":"dev@grandiz.com","@id":"https:\/\/www.retaildetail.be\/nl\/#\/schema\/person\/ba2d383452a753a3a1ce8cdb349b5fc9"},"headline":"\u201cConsument zal aankoopgedrag grondig wijzigen door de crisis\u201d, dixit Kapferer","datePublished":"2011-09-08T07:46:19+00:00","mainEntityOfPage":{"@id":"https:\/\/www.retaildetail.be\/nl\/news\/algemeen\/consument-zal-aankoopgedrag-grondig-wijzigen-door-de-crisis-dixit-kapferer\/"},"wordCount":1757,"publisher":{"@id":"https:\/\/www.retaildetail.be\/nl\/#organization"},"image":{"@id":"https:\/\/www.retaildetail.be\/nl\/news\/algemeen\/consument-zal-aankoopgedrag-grondig-wijzigen-door-de-crisis-dixit-kapferer\/#primaryimage"},"thumbnailUrl":"https:\/\/www.retaildetail.be\/wp-content\/uploads\/2022\/04\/logo.png","articleSection":["Algemeen"],"inLanguage":"nl-NL","copyrightYear":"2011","copyrightHolder":{"@id":"https:\/\/www.retaildetail.be\/#organization"}},{"@type":"WebPage","@id":"https:\/\/www.retaildetail.be\/nl\/news\/algemeen\/consument-zal-aankoopgedrag-grondig-wijzigen-door-de-crisis-dixit-kapferer\/","url":"https:\/\/www.retaildetail.be\/nl\/news\/algemeen\/consument-zal-aankoopgedrag-grondig-wijzigen-door-de-crisis-dixit-kapferer\/","name":"\u201cConsument zal aankoopgedrag grondig wijzigen door de crisis\u201d, dixit Kapferer - RetailDetail BE","isPartOf":{"@id":"https:\/\/www.retaildetail.be\/nl\/#website"},"primaryImageOfPage":{"@id":"https:\/\/www.retaildetail.be\/nl\/news\/algemeen\/consument-zal-aankoopgedrag-grondig-wijzigen-door-de-crisis-dixit-kapferer\/#primaryimage"},"image":{"@id":"https:\/\/www.retaildetail.be\/nl\/news\/algemeen\/consument-zal-aankoopgedrag-grondig-wijzigen-door-de-crisis-dixit-kapferer\/#primaryimage"},"thumbnailUrl":"https:\/\/www.retaildetail.be\/wp-content\/uploads\/2022\/04\/logo.png","datePublished":"2011-09-08T07:46:19+00:00","breadcrumb":{"@id":"https:\/\/www.retaildetail.be\/nl\/news\/algemeen\/consument-zal-aankoopgedrag-grondig-wijzigen-door-de-crisis-dixit-kapferer\/#breadcrumb"},"inLanguage":"nl-NL","potentialAction":[{"@type":"ReadAction","target":["https:\/\/www.retaildetail.be\/nl\/news\/algemeen\/consument-zal-aankoopgedrag-grondig-wijzigen-door-de-crisis-dixit-kapferer\/"]}]},{"@type":"ImageObject","inLanguage":"nl-NL","@id":"https:\/\/www.retaildetail.be\/nl\/news\/algemeen\/consument-zal-aankoopgedrag-grondig-wijzigen-door-de-crisis-dixit-kapferer\/#primaryimage","url":"https:\/\/www.retaildetail.be\/wp-content\/uploads\/2022\/04\/logo.png","contentUrl":"https:\/\/www.retaildetail.be\/wp-content\/uploads\/2022\/04\/logo.png","width":281,"height":147},{"@type":"BreadcrumbList","@id":"https:\/\/www.retaildetail.be\/nl\/news\/algemeen\/consument-zal-aankoopgedrag-grondig-wijzigen-door-de-crisis-dixit-kapferer\/#breadcrumb","itemListElement":[{"@type":"ListItem","position":1,"name":"Home","item":"https:\/\/www.retaildetail.be\/nl\/"},{"@type":"ListItem","position":2,"name":"\u201cConsument zal aankoopgedrag grondig wijzigen door de crisis\u201d, dixit Kapferer"}]},{"@type":"WebSite","@id":"https:\/\/www.retaildetail.be\/nl\/#website","url":"https:\/\/www.retaildetail.be\/nl\/","name":"RetailDetail BE","description":"News","publisher":{"@id":"https:\/\/www.retaildetail.be\/nl\/#organization"},"potentialAction":[{"@type":"SearchAction","target":{"@type":"EntryPoint","urlTemplate":"https:\/\/www.retaildetail.be\/nl\/?s={search_term_string}"},"query-input":{"@type":"PropertyValueSpecification","valueRequired":true,"valueName":"search_term_string"}}],"inLanguage":"nl-NL"},{"@type":"Organization","@id":"https:\/\/www.retaildetail.be\/nl\/#organization","name":"RetailDetail BE","url":"https:\/\/www.retaildetail.be\/nl\/","logo":{"@type":"ImageObject","inLanguage":"nl-NL","@id":"https:\/\/www.retaildetail.be\/nl\/#\/schema\/logo\/image\/","url":"https:\/\/www.retaildetail.be\/wp-content\/uploads\/2022\/04\/logo.svg","contentUrl":"https:\/\/www.retaildetail.be\/wp-content\/uploads\/2022\/04\/logo.svg","width":131,"height":70,"caption":"RetailDetail BE"},"image":{"@id":"https:\/\/www.retaildetail.be\/nl\/#\/schema\/logo\/image\/"}},{"@type":"Person","@id":"https:\/\/www.retaildetail.be\/nl\/#\/schema\/person\/ba2d383452a753a3a1ce8cdb349b5fc9","name":"dev@grandiz.com","image":{"@type":"ImageObject","inLanguage":"nl-NL","@id":"https:\/\/secure.gravatar.com\/avatar\/5f53ce9fb6eed4a60e5aaaa712be8773880fa9459d9cac9bc4aa4fdbce3f447f?s=96&d=mm&r=g","url":"https:\/\/secure.gravatar.com\/avatar\/5f53ce9fb6eed4a60e5aaaa712be8773880fa9459d9cac9bc4aa4fdbce3f447f?s=96&d=mm&r=g","contentUrl":"https:\/\/secure.gravatar.com\/avatar\/5f53ce9fb6eed4a60e5aaaa712be8773880fa9459d9cac9bc4aa4fdbce3f447f?s=96&d=mm&r=g","caption":"dev@grandiz.com"},"sameAs":["http:\/\/preprod.retaildetail.be"],"url":"https:\/\/www.retaildetail.be\/nl\/author\/devgrandiz-com\/"}]}},"jetpack_featured_media_url":"https:\/\/www.retaildetail.be\/wp-content\/uploads\/2022\/04\/logo.png","jetpack_sharing_enabled":true,"_links":{"self":[{"href":"https:\/\/www.retaildetail.be\/nl\/wp-json\/wp\/v2\/posts\/792","targetHints":{"allow":["GET"]}}],"collection":[{"href":"https:\/\/www.retaildetail.be\/nl\/wp-json\/wp\/v2\/posts"}],"about":[{"href":"https:\/\/www.retaildetail.be\/nl\/wp-json\/wp\/v2\/types\/post"}],"author":[{"embeddable":true,"href":"https:\/\/www.retaildetail.be\/nl\/wp-json\/wp\/v2\/users\/1"}],"replies":[{"embeddable":true,"href":"https:\/\/www.retaildetail.be\/nl\/wp-json\/wp\/v2\/comments?post=792"}],"version-history":[{"count":0,"href":"https:\/\/www.retaildetail.be\/nl\/wp-json\/wp\/v2\/posts\/792\/revisions"}],"wp:featuredmedia":[{"embeddable":true,"href":"https:\/\/www.retaildetail.be\/nl\/wp-json\/wp\/v2\/media\/84"}],"wp:attachment":[{"href":"https:\/\/www.retaildetail.be\/nl\/wp-json\/wp\/v2\/media?parent=792"}],"wp:term":[{"taxonomy":"category","embeddable":true,"href":"https:\/\/www.retaildetail.be\/nl\/wp-json\/wp\/v2\/categories?post=792"},{"taxonomy":"post_tag","embeddable":true,"href":"https:\/\/www.retaildetail.be\/nl\/wp-json\/wp\/v2\/tags?post=792"},{"taxonomy":"people","embeddable":true,"href":"https:\/\/www.retaildetail.be\/nl\/wp-json\/wp\/v2\/people?post=792"},{"taxonomy":"extra","embeddable":true,"href":"https:\/\/www.retaildetail.be\/nl\/wp-json\/wp\/v2\/extra?post=792"},{"taxonomy":"company","embeddable":true,"href":"https:\/\/www.retaildetail.be\/nl\/wp-json\/wp\/v2\/company?post=792"},{"taxonomy":"topic","embeddable":true,"href":"https:\/\/www.retaildetail.be\/nl\/wp-json\/wp\/v2\/topic?post=792"},{"taxonomy":"region","embeddable":true,"href":"https:\/\/www.retaildetail.be\/nl\/wp-json\/wp\/v2\/region?post=792"}],"curies":[{"name":"wp","href":"https:\/\/api.w.org\/{rel}","templated":true}]}}