{"id":82889,"date":"2023-08-24T14:40:43","date_gmt":"2023-08-24T12:40:43","guid":{"rendered":"https:\/\/www.retaildetail.be\/?p=82889"},"modified":"2023-08-24T15:21:52","modified_gmt":"2023-08-24T13:21:52","slug":"tonnen-marketinginspiratie-voor-retailers-dit-is-de-retail-marketing-day-2023","status":"publish","type":"post","link":"https:\/\/www.retaildetail.be\/nl\/news\/algemeen\/tonnen-marketinginspiratie-voor-retailers-dit-is-de-retail-marketing-day-2023\/","title":{"rendered":"Tonnen marketinginspiratie voor retailers: dit is de Retail Marketing Day 2023"},"content":{"rendered":"\n<p>Retailmarketingprofessionals noteren 21&nbsp;september met stip in hun agenda: de Retail Marketing Day van RetailDetail garandeert tonnen inspiratie, beste praktijken en verhelderende inzichten. In turbulente tijden staat de klant meer dan ooit centraal.<\/p>\n\n\n\n<h2 class=\"wp-block-heading\">Essentieel in crisistijd<\/h2>\n\n\n\n<p>Inflatie, geopolitieke onzekerheid, dalend consumentenvertrouwen\u2026 Alles inzetten op de korte termijn dan maar, en de marketinginvesteringen <em>on hold<\/em>? Dat zou niet al te slim zijn. De sprekers op de Retail Marketing Day illustreren hoe essentieel marketing wel is in crisistijden. En onze dagvoorzitter, retailprofessor Gino Van Ossel (<strong>Vlerick Business School<\/strong>), kadert waarom.<\/p>\n\n\n\n<p>Tegels! Natuursteen! Parket! Heel het land kent het liedje van <strong>Impermo<\/strong>, de tegelspecialist die op weg is naar nationale dekking met twintig showrooms. Zeg nu nog eens dat vloeren niet sexy zijn. Slimme marketing met impact, dat is waar commercieel directeur Diether Claeys voor gaat. Met een meedogenloze focus op ROI \u00e9n op eenvoud. Maar: er is verandering op til. \u201cWe moeten onszelf heruitvinden. We gaan inspireren eerder dan indoctrineren\u201d. Intrigerend?<\/p>\n\n\n\n<p>Zijn boekhandels oubollig? Vergeet het maar. In een boekenmarkt die sterk afhankelijk is van bestsellers spelen <strong>Standaard Boekhandel<\/strong> en <strong>Club<\/strong> sneller in op trends, zoals <em>Young Adult<\/em>-literatuur, met dank aan TikTok. Het winkelconcept gaat op de schop en slim gebruik van klantendata moet de verkoop een zetje geven. Hoe? Dat vertelt Manu Rutsaert, algemeen directeur van Club.<\/p>\n\n\n\n<h2 class=\"wp-block-heading\">Snelheid maken<\/h2>\n\n\n\n<p>Wie een groeiende markt wil inpalmen, moet snelheid maken. In drie jaar tijd deed Thomas Nouws zijn geesteskind <strong>Jacob\u2019s Conceptstore<\/strong> uitgroeien van \u00e9\u00e9n naar 24&nbsp;vestigingen in Belgi\u00eb. <a href=\"https:\/\/www.retaildetail.be\/nl\/news\/vrije-tijd\/jacobs-concept-store-op-weg-naar-parijs-en-de-rest-van-de-wereld\/\" target=\"_blank\" rel=\"noopener\">Binnenkort opent de eerste buitenlandse winkel, in Parijs<\/a>, en daarna volgt de rest van de wereld. Het succesrecept? Een wel heel bijzonder businessmodel\u2026<\/p>\n\n\n\n<p><strong>Lunch Garden<\/strong> moest lang herstellen van de van de coronacrisis, die immers zwaar op de horecasector inhakte. De weg naar boven is nu weer ingezet, bevestigt CEO Ann Biebuyck: klanten terugwinnen doet de restaurantketen onder andere met een aangepaste kaart die focust op klassiekers en kindermenu\u2019s, en met spaaracties.<\/p>\n\n\n\n<h2 class=\"wp-block-heading\">Inclusief en divers<\/h2>\n\n\n\n<p>Op tien jaar tijd groeide <strong>Kruidvat<\/strong> in Belgi\u00eb van&nbsp;184 naar 294&nbsp;winkels. E\u00e9n van de aandachtspunten voor de keten: inclusiviteit en diversiteit in het aanbod. In&nbsp;2022 richtte de keten Kruidvat Inclusion Council op, een onafhankelijke groep experts die helpt om te zorgen dat de producten \u00e9cht voor iedereen zijn. Een topic dat ook andere retailers zal inspireren, belooft marketingmanager Lotje Wijnstra.<\/p>\n\n\n\n<p>Over \u201cRetailtainment\u201d zal Anne Gubbelmans van <strong>Deloitte<\/strong> het hebben: de winkelervaring evolueert naar \u2018fygitale winkels\u2019 die technologische oplossingen en visuele merchandising integreren om een ervaringsgerichte, gepersonaliseerde winkelervaring te cre\u00ebren.<\/p>\n\n\n\n<p>H\u00e9t buzzword van het jaar is zonder twijfel \u201cgeneratieve kunstmatige intelligentie\u201d. Maar wat kan AI betekenen voor retailers? Heel wat, als we <em>retail industry advisor<\/em> Manas Bharadwaj van <strong>Microsoft<\/strong> mogen geloven. Denk aan de analyse van klantgedrag en -voorkeuren om een gepersonaliseerde klantervaring te optimaliseren. Een nieuwe wereld gaat open\u2026<\/p>\n\n\n\n<p>Ook op zoek naar marketinginspiratie? Niet aarzelen dan! De Retail Marketing Day van RetailDetail vindt plaats op 21 september in Antwerpen. Reserveer snel uw ticket via onderstaande link.<\/p>\n\n\n\n<div class=\"wp-block-buttons is-layout-flex wp-block-buttons-is-layout-flex\">\n<div class=\"wp-block-button\"><a class=\"wp-block-button__link has-vivid-red-background-color has-background\" href=\"https:\/\/www.retaildetail.be\/nl\/retail-events\/retaildetail-day\/\">Ja! Ik boek een ticket voor de Retail Marketing Day<\/a><\/div>\n<\/div>\n","protected":false},"excerpt":{"rendered":"<p>Retailmarketingprofessionals noteren 21 september met stip in hun agenda: de Retail Marketing Day van RetailDetail garandeert tonnen inspiratie, beste praktijken en verhelderende inzichten. In turbulente tijden staat de klant meer dan ooit centraal. <\/p>\n","protected":false},"author":3,"featured_media":82891,"comment_status":"closed","ping_status":"closed","sticky":false,"template":"","format":"standard","meta":{"_acf_changed":false,"inline_featured_image":false,"_jetpack_memberships_contains_paid_content":false,"footnotes":""},"categories":[15],"tags":[],"people":[],"extra":[],"company":[],"topic":[488,774],"region":[],"class_list":["post-82889","post","type-post","status-publish","format-standard","has-post-thumbnail","hentry","category-algemeen","topic-marketing","topic-retaildetail-day"],"acf":[],"yoast_head":"<!-- This site is optimized with the Yoast SEO plugin v27.3 - https:\/\/yoast.com\/product\/yoast-seo-wordpress\/ -->\n<title>Tonnen marketinginspiratie voor retailers: dit is de Retail Marketing Day 2023 - RetailDetail BE<\/title>\n<meta name=\"description\" content=\"Retailmarketingprofessionals noteren 21 september in hun agenda: de Retail Marketing Day van RetailDetail garandeert tonnen inspiratie.\" \/>\n<meta name=\"robots\" content=\"index, follow, max-snippet:-1, max-image-preview:large, max-video-preview:-1\" \/>\n<link rel=\"canonical\" href=\"https:\/\/www.retaildetail.be\/nl\/news\/algemeen\/tonnen-marketinginspiratie-voor-retailers-dit-is-de-retail-marketing-day-2023\/\" \/>\n<meta property=\"og:locale\" content=\"nl_NL\" \/>\n<meta property=\"og:type\" content=\"article\" \/>\n<meta property=\"og:title\" content=\"Tonnen marketinginspiratie voor retailers: dit is de Retail Marketing Day 2023 - RetailDetail BE\" \/>\n<meta property=\"og:description\" content=\"Retailmarketingprofessionals noteren 21 september in hun agenda: de Retail Marketing Day van RetailDetail garandeert tonnen inspiratie.\" \/>\n<meta property=\"og:url\" content=\"https:\/\/www.retaildetail.be\/nl\/news\/algemeen\/tonnen-marketinginspiratie-voor-retailers-dit-is-de-retail-marketing-day-2023\/\" \/>\n<meta property=\"og:site_name\" content=\"RetailDetail BE\" \/>\n<meta property=\"article:published_time\" content=\"2023-08-24T12:40:43+00:00\" \/>\n<meta property=\"article:modified_time\" content=\"2023-08-24T13:21:52+00:00\" \/>\n<meta property=\"og:image\" content=\"https:\/\/www.retaildetail.be\/wp-content\/uploads\/2023\/08\/Retail-Marketing-Day-inspiratie.jpg\" \/>\n\t<meta property=\"og:image:width\" content=\"1027\" \/>\n\t<meta property=\"og:image:height\" content=\"712\" \/>\n\t<meta property=\"og:image:type\" content=\"image\/jpeg\" \/>\n<meta name=\"author\" content=\"Stefan Van Rompaey\" \/>\n<meta name=\"twitter:card\" content=\"summary_large_image\" \/>\n<meta name=\"twitter:label1\" content=\"Geschreven door\" \/>\n\t<meta name=\"twitter:data1\" content=\"Stefan Van Rompaey\" \/>\n\t<meta name=\"twitter:label2\" content=\"Geschatte leestijd\" \/>\n\t<meta name=\"twitter:data2\" content=\"3 minuten\" \/>\n<script type=\"application\/ld+json\" class=\"yoast-schema-graph\">{\"@context\":\"https:\\\/\\\/schema.org\",\"@graph\":[{\"@type\":\"NewsArticle\",\"@id\":\"https:\\\/\\\/www.retaildetail.be\\\/nl\\\/news\\\/algemeen\\\/tonnen-marketinginspiratie-voor-retailers-dit-is-de-retail-marketing-day-2023\\\/#article\",\"isPartOf\":{\"@id\":\"https:\\\/\\\/www.retaildetail.be\\\/nl\\\/news\\\/algemeen\\\/tonnen-marketinginspiratie-voor-retailers-dit-is-de-retail-marketing-day-2023\\\/\"},\"author\":{\"name\":\"Stefan Van Rompaey\",\"@id\":\"https:\\\/\\\/www.retaildetail.be\\\/nl\\\/#\\\/schema\\\/person\\\/51aec6069c4416aa2f68b2e4ff3455df\"},\"headline\":\"Tonnen marketinginspiratie voor retailers: dit is de Retail Marketing Day 2023\",\"datePublished\":\"2023-08-24T12:40:43+00:00\",\"dateModified\":\"2023-08-24T13:21:52+00:00\",\"mainEntityOfPage\":{\"@id\":\"https:\\\/\\\/www.retaildetail.be\\\/nl\\\/news\\\/algemeen\\\/tonnen-marketinginspiratie-voor-retailers-dit-is-de-retail-marketing-day-2023\\\/\"},\"wordCount\":515,\"publisher\":{\"@id\":\"https:\\\/\\\/www.retaildetail.be\\\/nl\\\/#organization\"},\"image\":{\"@id\":\"https:\\\/\\\/www.retaildetail.be\\\/nl\\\/news\\\/algemeen\\\/tonnen-marketinginspiratie-voor-retailers-dit-is-de-retail-marketing-day-2023\\\/#primaryimage\"},\"thumbnailUrl\":\"https:\\\/\\\/www.retaildetail.be\\\/wp-content\\\/uploads\\\/2023\\\/08\\\/Retail-Marketing-Day-inspiratie.jpg\",\"articleSection\":[\"Algemeen\"],\"inLanguage\":\"nl-NL\",\"copyrightYear\":\"2023\",\"copyrightHolder\":{\"@id\":\"https:\\\/\\\/www.retaildetail.be\\\/#organization\"}},{\"@type\":\"WebPage\",\"@id\":\"https:\\\/\\\/www.retaildetail.be\\\/nl\\\/news\\\/algemeen\\\/tonnen-marketinginspiratie-voor-retailers-dit-is-de-retail-marketing-day-2023\\\/\",\"url\":\"https:\\\/\\\/www.retaildetail.be\\\/nl\\\/news\\\/algemeen\\\/tonnen-marketinginspiratie-voor-retailers-dit-is-de-retail-marketing-day-2023\\\/\",\"name\":\"Tonnen marketinginspiratie voor retailers: dit is de Retail Marketing Day 2023 - RetailDetail BE\",\"isPartOf\":{\"@id\":\"https:\\\/\\\/www.retaildetail.be\\\/nl\\\/#website\"},\"primaryImageOfPage\":{\"@id\":\"https:\\\/\\\/www.retaildetail.be\\\/nl\\\/news\\\/algemeen\\\/tonnen-marketinginspiratie-voor-retailers-dit-is-de-retail-marketing-day-2023\\\/#primaryimage\"},\"image\":{\"@id\":\"https:\\\/\\\/www.retaildetail.be\\\/nl\\\/news\\\/algemeen\\\/tonnen-marketinginspiratie-voor-retailers-dit-is-de-retail-marketing-day-2023\\\/#primaryimage\"},\"thumbnailUrl\":\"https:\\\/\\\/www.retaildetail.be\\\/wp-content\\\/uploads\\\/2023\\\/08\\\/Retail-Marketing-Day-inspiratie.jpg\",\"datePublished\":\"2023-08-24T12:40:43+00:00\",\"dateModified\":\"2023-08-24T13:21:52+00:00\",\"description\":\"Retailmarketingprofessionals noteren 21 september in hun agenda: de Retail Marketing Day van RetailDetail garandeert tonnen inspiratie.\",\"breadcrumb\":{\"@id\":\"https:\\\/\\\/www.retaildetail.be\\\/nl\\\/news\\\/algemeen\\\/tonnen-marketinginspiratie-voor-retailers-dit-is-de-retail-marketing-day-2023\\\/#breadcrumb\"},\"inLanguage\":\"nl-NL\",\"potentialAction\":[{\"@type\":\"ReadAction\",\"target\":[\"https:\\\/\\\/www.retaildetail.be\\\/nl\\\/news\\\/algemeen\\\/tonnen-marketinginspiratie-voor-retailers-dit-is-de-retail-marketing-day-2023\\\/\"]}]},{\"@type\":\"ImageObject\",\"inLanguage\":\"nl-NL\",\"@id\":\"https:\\\/\\\/www.retaildetail.be\\\/nl\\\/news\\\/algemeen\\\/tonnen-marketinginspiratie-voor-retailers-dit-is-de-retail-marketing-day-2023\\\/#primaryimage\",\"url\":\"https:\\\/\\\/www.retaildetail.be\\\/wp-content\\\/uploads\\\/2023\\\/08\\\/Retail-Marketing-Day-inspiratie.jpg\",\"contentUrl\":\"https:\\\/\\\/www.retaildetail.be\\\/wp-content\\\/uploads\\\/2023\\\/08\\\/Retail-Marketing-Day-inspiratie.jpg\",\"width\":1027,\"height\":712},{\"@type\":\"BreadcrumbList\",\"@id\":\"https:\\\/\\\/www.retaildetail.be\\\/nl\\\/news\\\/algemeen\\\/tonnen-marketinginspiratie-voor-retailers-dit-is-de-retail-marketing-day-2023\\\/#breadcrumb\",\"itemListElement\":[{\"@type\":\"ListItem\",\"position\":1,\"name\":\"Home\",\"item\":\"https:\\\/\\\/www.retaildetail.be\\\/nl\\\/\"},{\"@type\":\"ListItem\",\"position\":2,\"name\":\"Tonnen marketinginspiratie voor retailers: dit is de Retail Marketing Day 2023\"}]},{\"@type\":\"WebSite\",\"@id\":\"https:\\\/\\\/www.retaildetail.be\\\/nl\\\/#website\",\"url\":\"https:\\\/\\\/www.retaildetail.be\\\/nl\\\/\",\"name\":\"RetailDetail BE\",\"description\":\"News\",\"publisher\":{\"@id\":\"https:\\\/\\\/www.retaildetail.be\\\/nl\\\/#organization\"},\"potentialAction\":[{\"@type\":\"SearchAction\",\"target\":{\"@type\":\"EntryPoint\",\"urlTemplate\":\"https:\\\/\\\/www.retaildetail.be\\\/nl\\\/?s={search_term_string}\"},\"query-input\":{\"@type\":\"PropertyValueSpecification\",\"valueRequired\":true,\"valueName\":\"search_term_string\"}}],\"inLanguage\":\"nl-NL\"},{\"@type\":\"Organization\",\"@id\":\"https:\\\/\\\/www.retaildetail.be\\\/nl\\\/#organization\",\"name\":\"RetailDetail BE\",\"url\":\"https:\\\/\\\/www.retaildetail.be\\\/nl\\\/\",\"logo\":{\"@type\":\"ImageObject\",\"inLanguage\":\"nl-NL\",\"@id\":\"https:\\\/\\\/www.retaildetail.be\\\/nl\\\/#\\\/schema\\\/logo\\\/image\\\/\",\"url\":\"https:\\\/\\\/www.retaildetail.be\\\/wp-content\\\/uploads\\\/2022\\\/04\\\/logo.svg\",\"contentUrl\":\"https:\\\/\\\/www.retaildetail.be\\\/wp-content\\\/uploads\\\/2022\\\/04\\\/logo.svg\",\"width\":131,\"height\":70,\"caption\":\"RetailDetail BE\"},\"image\":{\"@id\":\"https:\\\/\\\/www.retaildetail.be\\\/nl\\\/#\\\/schema\\\/logo\\\/image\\\/\"}},{\"@type\":\"Person\",\"@id\":\"https:\\\/\\\/www.retaildetail.be\\\/nl\\\/#\\\/schema\\\/person\\\/51aec6069c4416aa2f68b2e4ff3455df\",\"name\":\"Stefan Van Rompaey\",\"image\":{\"@type\":\"ImageObject\",\"inLanguage\":\"nl-NL\",\"@id\":\"https:\\\/\\\/secure.gravatar.com\\\/avatar\\\/fbbb4a80a0f109888b2a5ab8ae255617499ecde533749b3ab2fa6c23b5d65dac?s=96&d=mm&r=g\",\"url\":\"https:\\\/\\\/secure.gravatar.com\\\/avatar\\\/fbbb4a80a0f109888b2a5ab8ae255617499ecde533749b3ab2fa6c23b5d65dac?s=96&d=mm&r=g\",\"contentUrl\":\"https:\\\/\\\/secure.gravatar.com\\\/avatar\\\/fbbb4a80a0f109888b2a5ab8ae255617499ecde533749b3ab2fa6c23b5d65dac?s=96&d=mm&r=g\",\"caption\":\"Stefan Van Rompaey\"},\"url\":\"https:\\\/\\\/www.retaildetail.be\\\/nl\\\/author\\\/stefanvanrompaey\\\/\"}]}<\/script>\n<!-- \/ Yoast SEO plugin. -->","yoast_head_json":{"title":"Tonnen marketinginspiratie voor retailers: dit is de Retail Marketing Day 2023 - RetailDetail BE","description":"Retailmarketingprofessionals noteren 21 september in hun agenda: de Retail Marketing Day van RetailDetail garandeert tonnen inspiratie.","robots":{"index":"index","follow":"follow","max-snippet":"max-snippet:-1","max-image-preview":"max-image-preview:large","max-video-preview":"max-video-preview:-1"},"canonical":"https:\/\/www.retaildetail.be\/nl\/news\/algemeen\/tonnen-marketinginspiratie-voor-retailers-dit-is-de-retail-marketing-day-2023\/","og_locale":"nl_NL","og_type":"article","og_title":"Tonnen marketinginspiratie voor retailers: dit is de Retail Marketing Day 2023 - RetailDetail BE","og_description":"Retailmarketingprofessionals noteren 21 september in hun agenda: de Retail Marketing Day van RetailDetail garandeert tonnen inspiratie.","og_url":"https:\/\/www.retaildetail.be\/nl\/news\/algemeen\/tonnen-marketinginspiratie-voor-retailers-dit-is-de-retail-marketing-day-2023\/","og_site_name":"RetailDetail BE","article_published_time":"2023-08-24T12:40:43+00:00","article_modified_time":"2023-08-24T13:21:52+00:00","og_image":[{"width":1027,"height":712,"url":"https:\/\/www.retaildetail.be\/wp-content\/uploads\/2023\/08\/Retail-Marketing-Day-inspiratie.jpg","type":"image\/jpeg"}],"author":"Stefan Van Rompaey","twitter_card":"summary_large_image","twitter_misc":{"Geschreven door":"Stefan Van Rompaey","Geschatte leestijd":"3 minuten"},"schema":{"@context":"https:\/\/schema.org","@graph":[{"@type":"NewsArticle","@id":"https:\/\/www.retaildetail.be\/nl\/news\/algemeen\/tonnen-marketinginspiratie-voor-retailers-dit-is-de-retail-marketing-day-2023\/#article","isPartOf":{"@id":"https:\/\/www.retaildetail.be\/nl\/news\/algemeen\/tonnen-marketinginspiratie-voor-retailers-dit-is-de-retail-marketing-day-2023\/"},"author":{"name":"Stefan Van Rompaey","@id":"https:\/\/www.retaildetail.be\/nl\/#\/schema\/person\/51aec6069c4416aa2f68b2e4ff3455df"},"headline":"Tonnen marketinginspiratie voor retailers: dit is de Retail Marketing Day 2023","datePublished":"2023-08-24T12:40:43+00:00","dateModified":"2023-08-24T13:21:52+00:00","mainEntityOfPage":{"@id":"https:\/\/www.retaildetail.be\/nl\/news\/algemeen\/tonnen-marketinginspiratie-voor-retailers-dit-is-de-retail-marketing-day-2023\/"},"wordCount":515,"publisher":{"@id":"https:\/\/www.retaildetail.be\/nl\/#organization"},"image":{"@id":"https:\/\/www.retaildetail.be\/nl\/news\/algemeen\/tonnen-marketinginspiratie-voor-retailers-dit-is-de-retail-marketing-day-2023\/#primaryimage"},"thumbnailUrl":"https:\/\/www.retaildetail.be\/wp-content\/uploads\/2023\/08\/Retail-Marketing-Day-inspiratie.jpg","articleSection":["Algemeen"],"inLanguage":"nl-NL","copyrightYear":"2023","copyrightHolder":{"@id":"https:\/\/www.retaildetail.be\/#organization"}},{"@type":"WebPage","@id":"https:\/\/www.retaildetail.be\/nl\/news\/algemeen\/tonnen-marketinginspiratie-voor-retailers-dit-is-de-retail-marketing-day-2023\/","url":"https:\/\/www.retaildetail.be\/nl\/news\/algemeen\/tonnen-marketinginspiratie-voor-retailers-dit-is-de-retail-marketing-day-2023\/","name":"Tonnen marketinginspiratie voor retailers: dit is de Retail Marketing Day 2023 - RetailDetail BE","isPartOf":{"@id":"https:\/\/www.retaildetail.be\/nl\/#website"},"primaryImageOfPage":{"@id":"https:\/\/www.retaildetail.be\/nl\/news\/algemeen\/tonnen-marketinginspiratie-voor-retailers-dit-is-de-retail-marketing-day-2023\/#primaryimage"},"image":{"@id":"https:\/\/www.retaildetail.be\/nl\/news\/algemeen\/tonnen-marketinginspiratie-voor-retailers-dit-is-de-retail-marketing-day-2023\/#primaryimage"},"thumbnailUrl":"https:\/\/www.retaildetail.be\/wp-content\/uploads\/2023\/08\/Retail-Marketing-Day-inspiratie.jpg","datePublished":"2023-08-24T12:40:43+00:00","dateModified":"2023-08-24T13:21:52+00:00","description":"Retailmarketingprofessionals noteren 21 september in hun agenda: de Retail Marketing Day van RetailDetail garandeert tonnen inspiratie.","breadcrumb":{"@id":"https:\/\/www.retaildetail.be\/nl\/news\/algemeen\/tonnen-marketinginspiratie-voor-retailers-dit-is-de-retail-marketing-day-2023\/#breadcrumb"},"inLanguage":"nl-NL","potentialAction":[{"@type":"ReadAction","target":["https:\/\/www.retaildetail.be\/nl\/news\/algemeen\/tonnen-marketinginspiratie-voor-retailers-dit-is-de-retail-marketing-day-2023\/"]}]},{"@type":"ImageObject","inLanguage":"nl-NL","@id":"https:\/\/www.retaildetail.be\/nl\/news\/algemeen\/tonnen-marketinginspiratie-voor-retailers-dit-is-de-retail-marketing-day-2023\/#primaryimage","url":"https:\/\/www.retaildetail.be\/wp-content\/uploads\/2023\/08\/Retail-Marketing-Day-inspiratie.jpg","contentUrl":"https:\/\/www.retaildetail.be\/wp-content\/uploads\/2023\/08\/Retail-Marketing-Day-inspiratie.jpg","width":1027,"height":712},{"@type":"BreadcrumbList","@id":"https:\/\/www.retaildetail.be\/nl\/news\/algemeen\/tonnen-marketinginspiratie-voor-retailers-dit-is-de-retail-marketing-day-2023\/#breadcrumb","itemListElement":[{"@type":"ListItem","position":1,"name":"Home","item":"https:\/\/www.retaildetail.be\/nl\/"},{"@type":"ListItem","position":2,"name":"Tonnen marketinginspiratie voor retailers: dit is de Retail Marketing Day 2023"}]},{"@type":"WebSite","@id":"https:\/\/www.retaildetail.be\/nl\/#website","url":"https:\/\/www.retaildetail.be\/nl\/","name":"RetailDetail BE","description":"News","publisher":{"@id":"https:\/\/www.retaildetail.be\/nl\/#organization"},"potentialAction":[{"@type":"SearchAction","target":{"@type":"EntryPoint","urlTemplate":"https:\/\/www.retaildetail.be\/nl\/?s={search_term_string}"},"query-input":{"@type":"PropertyValueSpecification","valueRequired":true,"valueName":"search_term_string"}}],"inLanguage":"nl-NL"},{"@type":"Organization","@id":"https:\/\/www.retaildetail.be\/nl\/#organization","name":"RetailDetail BE","url":"https:\/\/www.retaildetail.be\/nl\/","logo":{"@type":"ImageObject","inLanguage":"nl-NL","@id":"https:\/\/www.retaildetail.be\/nl\/#\/schema\/logo\/image\/","url":"https:\/\/www.retaildetail.be\/wp-content\/uploads\/2022\/04\/logo.svg","contentUrl":"https:\/\/www.retaildetail.be\/wp-content\/uploads\/2022\/04\/logo.svg","width":131,"height":70,"caption":"RetailDetail BE"},"image":{"@id":"https:\/\/www.retaildetail.be\/nl\/#\/schema\/logo\/image\/"}},{"@type":"Person","@id":"https:\/\/www.retaildetail.be\/nl\/#\/schema\/person\/51aec6069c4416aa2f68b2e4ff3455df","name":"Stefan Van Rompaey","image":{"@type":"ImageObject","inLanguage":"nl-NL","@id":"https:\/\/secure.gravatar.com\/avatar\/fbbb4a80a0f109888b2a5ab8ae255617499ecde533749b3ab2fa6c23b5d65dac?s=96&d=mm&r=g","url":"https:\/\/secure.gravatar.com\/avatar\/fbbb4a80a0f109888b2a5ab8ae255617499ecde533749b3ab2fa6c23b5d65dac?s=96&d=mm&r=g","contentUrl":"https:\/\/secure.gravatar.com\/avatar\/fbbb4a80a0f109888b2a5ab8ae255617499ecde533749b3ab2fa6c23b5d65dac?s=96&d=mm&r=g","caption":"Stefan Van Rompaey"},"url":"https:\/\/www.retaildetail.be\/nl\/author\/stefanvanrompaey\/"}]}},"jetpack_featured_media_url":"https:\/\/www.retaildetail.be\/wp-content\/uploads\/2023\/08\/Retail-Marketing-Day-inspiratie.jpg","jetpack_sharing_enabled":true,"_links":{"self":[{"href":"https:\/\/www.retaildetail.be\/nl\/wp-json\/wp\/v2\/posts\/82889","targetHints":{"allow":["GET"]}}],"collection":[{"href":"https:\/\/www.retaildetail.be\/nl\/wp-json\/wp\/v2\/posts"}],"about":[{"href":"https:\/\/www.retaildetail.be\/nl\/wp-json\/wp\/v2\/types\/post"}],"author":[{"embeddable":true,"href":"https:\/\/www.retaildetail.be\/nl\/wp-json\/wp\/v2\/users\/3"}],"replies":[{"embeddable":true,"href":"https:\/\/www.retaildetail.be\/nl\/wp-json\/wp\/v2\/comments?post=82889"}],"version-history":[{"count":4,"href":"https:\/\/www.retaildetail.be\/nl\/wp-json\/wp\/v2\/posts\/82889\/revisions"}],"predecessor-version":[{"id":82906,"href":"https:\/\/www.retaildetail.be\/nl\/wp-json\/wp\/v2\/posts\/82889\/revisions\/82906"}],"wp:featuredmedia":[{"embeddable":true,"href":"https:\/\/www.retaildetail.be\/nl\/wp-json\/wp\/v2\/media\/82891"}],"wp:attachment":[{"href":"https:\/\/www.retaildetail.be\/nl\/wp-json\/wp\/v2\/media?parent=82889"}],"wp:term":[{"taxonomy":"category","embeddable":true,"href":"https:\/\/www.retaildetail.be\/nl\/wp-json\/wp\/v2\/categories?post=82889"},{"taxonomy":"post_tag","embeddable":true,"href":"https:\/\/www.retaildetail.be\/nl\/wp-json\/wp\/v2\/tags?post=82889"},{"taxonomy":"people","embeddable":true,"href":"https:\/\/www.retaildetail.be\/nl\/wp-json\/wp\/v2\/people?post=82889"},{"taxonomy":"extra","embeddable":true,"href":"https:\/\/www.retaildetail.be\/nl\/wp-json\/wp\/v2\/extra?post=82889"},{"taxonomy":"company","embeddable":true,"href":"https:\/\/www.retaildetail.be\/nl\/wp-json\/wp\/v2\/company?post=82889"},{"taxonomy":"topic","embeddable":true,"href":"https:\/\/www.retaildetail.be\/nl\/wp-json\/wp\/v2\/topic?post=82889"},{"taxonomy":"region","embeddable":true,"href":"https:\/\/www.retaildetail.be\/nl\/wp-json\/wp\/v2\/region?post=82889"}],"curies":[{"name":"wp","href":"https:\/\/api.w.org\/{rel}","templated":true}]}}