{"id":848,"date":"2011-10-06T05:11:08","date_gmt":"2011-10-06T05:11:08","guid":{"rendered":"https:\/\/www.retaildetail.be\/wonen\/ikea-catalogus-inspiratiebron-van-belgisch-nederlandse-kortfilm\/"},"modified":"2011-10-06T05:11:08","modified_gmt":"2011-10-06T05:11:08","slug":"ikea-catalogus-inspiratiebron-van-belgisch-nederlandse-kortfilm","status":"publish","type":"post","link":"https:\/\/www.retaildetail.be\/nl\/news\/wonen\/ikea-catalogus-inspiratiebron-van-belgisch-nederlandse-kortfilm\/","title":{"rendered":"IKEA-catalogus inspiratiebron van Belgisch-Nederlandse kortfilm"},"content":{"rendered":"<p>\u00a0<\/p>\n<h2>\n<br class=\"Apple-interchange-newline\" \/><br \/>\n48 Hour Film Project<\/h2>\n<p>De kortfilm \u2018Pagina 23\u2019 werd gemaakt tijdens het 48 Hour Film Project, waarbij de deelnemers worden uitgedaagd om in 48 uur een kortfilm te bedenken, te filmen en te monteren. De enige richtlijnen die ze krijgen zijn een personage, een genre, een voorwerp en \u00e9\u00e9n zin dialoog. Dit jaar gingen ruim 500 filmmakers in Utrecht de uitdaging aan. Het resultaat mocht er zijn: &#8216;Pagina 23&#8217; won \u00e9n de prijs voor Beste Film \u00e9n de Publieksprijs \u00e9n de hoofdprijs voor de montage.<\/p>\n<h2>&#8216;Pagina 23&#8217;<\/h2>\n<p>Er bestaan talloze voorbeelden van films die de reclame be\u00efnvloeden, maar de makers van de kortfilm \u201cPagina 23\u201d gingen andersom tewerk: zij zochten en vonden inspiratie in de Ikea-catalogus. \u2018Pagina 23\u2019 is een kortfilm van Jeroen Houben, Tim Arts en Stefan van den Boogaard. Jeroen Houben (1987) werkt in Amsterdam als freelance regisseur en producer, terwijl de andere twee voor een reclamebureau in Brussel werken.\u00a0<\/p>\n<p>{vimeo}29574763{\/vimeo}<\/p>\n","protected":false},"excerpt":{"rendered":"<p>\u00a0 48 Hour Film Project De kortfilm \u2018Pagina 23\u2019 werd gemaakt tijdens het 48 Hour Film Project, waarbij de deelnemers worden uitgedaagd om in 48 uur een kortfilm te bedenken, te filmen en te monteren. De enige richtlijnen die ze krijgen zijn een personage, een genre, een voorwerp en \u00e9\u00e9n zin dialoog. Dit jaar gingen [&hellip;]<\/p>\n","protected":false},"author":1,"featured_media":84,"comment_status":"closed","ping_status":"closed","sticky":false,"template":"","format":"standard","meta":{"_acf_changed":false,"inline_featured_image":false,"_jetpack_memberships_contains_paid_content":false,"footnotes":""},"categories":[21],"tags":[],"people":[],"extra":[],"company":[],"topic":[],"region":[],"class_list":["post-848","post","type-post","status-publish","format-standard","has-post-thumbnail","hentry","category-wonen"],"acf":[],"yoast_head":"<!-- This site is optimized with the Yoast SEO plugin v27.3 - https:\/\/yoast.com\/product\/yoast-seo-wordpress\/ -->\n<title>IKEA-catalogus inspiratiebron van Belgisch-Nederlandse kortfilm - RetailDetail BE<\/title>\n<meta name=\"robots\" content=\"index, follow, max-snippet:-1, max-image-preview:large, max-video-preview:-1\" \/>\n<link rel=\"canonical\" href=\"https:\/\/www.retaildetail.be\/nl\/news\/wonen\/ikea-catalogus-inspiratiebron-van-belgisch-nederlandse-kortfilm\/\" \/>\n<meta property=\"og:locale\" content=\"nl_NL\" \/>\n<meta property=\"og:type\" content=\"article\" \/>\n<meta property=\"og:title\" content=\"IKEA-catalogus inspiratiebron van Belgisch-Nederlandse kortfilm - RetailDetail BE\" \/>\n<meta property=\"og:description\" content=\"\u00a0 48 Hour Film Project De kortfilm \u2018Pagina 23\u2019 werd gemaakt tijdens het 48 Hour Film Project, waarbij de deelnemers worden uitgedaagd om in 48 uur een kortfilm te bedenken, te filmen en te monteren. De enige richtlijnen die ze krijgen zijn een personage, een genre, een voorwerp en \u00e9\u00e9n zin dialoog. Dit jaar gingen [&hellip;]\" \/>\n<meta property=\"og:url\" content=\"https:\/\/www.retaildetail.be\/nl\/news\/wonen\/ikea-catalogus-inspiratiebron-van-belgisch-nederlandse-kortfilm\/\" \/>\n<meta property=\"og:site_name\" content=\"RetailDetail BE\" \/>\n<meta property=\"article:published_time\" content=\"2011-10-06T05:11:08+00:00\" \/>\n<meta property=\"og:image\" content=\"https:\/\/i0.wp.com\/www.retaildetail.be\/wp-content\/uploads\/2022\/04\/logo.png?fit=281%2C147&quality=100&strip=all&ssl=1\" \/>\n\t<meta property=\"og:image:width\" content=\"281\" \/>\n\t<meta property=\"og:image:height\" content=\"147\" \/>\n\t<meta property=\"og:image:type\" content=\"image\/png\" \/>\n<meta name=\"author\" content=\"dev@grandiz.com\" \/>\n<meta name=\"twitter:card\" content=\"summary_large_image\" \/>\n<meta name=\"twitter:label1\" content=\"Geschreven door\" \/>\n\t<meta name=\"twitter:data1\" content=\"dev@grandiz.com\" \/>\n\t<meta name=\"twitter:label2\" content=\"Geschatte leestijd\" \/>\n\t<meta name=\"twitter:data2\" content=\"1 minuut\" \/>\n<script type=\"application\/ld+json\" class=\"yoast-schema-graph\">{\"@context\":\"https:\\\/\\\/schema.org\",\"@graph\":[{\"@type\":\"NewsArticle\",\"@id\":\"https:\\\/\\\/www.retaildetail.be\\\/nl\\\/news\\\/wonen\\\/ikea-catalogus-inspiratiebron-van-belgisch-nederlandse-kortfilm\\\/#article\",\"isPartOf\":{\"@id\":\"https:\\\/\\\/www.retaildetail.be\\\/nl\\\/news\\\/wonen\\\/ikea-catalogus-inspiratiebron-van-belgisch-nederlandse-kortfilm\\\/\"},\"author\":{\"name\":\"dev@grandiz.com\",\"@id\":\"https:\\\/\\\/www.retaildetail.be\\\/nl\\\/#\\\/schema\\\/person\\\/ba2d383452a753a3a1ce8cdb349b5fc9\"},\"headline\":\"IKEA-catalogus inspiratiebron van Belgisch-Nederlandse kortfilm\",\"datePublished\":\"2011-10-06T05:11:08+00:00\",\"mainEntityOfPage\":{\"@id\":\"https:\\\/\\\/www.retaildetail.be\\\/nl\\\/news\\\/wonen\\\/ikea-catalogus-inspiratiebron-van-belgisch-nederlandse-kortfilm\\\/\"},\"wordCount\":150,\"publisher\":{\"@id\":\"https:\\\/\\\/www.retaildetail.be\\\/nl\\\/#organization\"},\"image\":{\"@id\":\"https:\\\/\\\/www.retaildetail.be\\\/nl\\\/news\\\/wonen\\\/ikea-catalogus-inspiratiebron-van-belgisch-nederlandse-kortfilm\\\/#primaryimage\"},\"thumbnailUrl\":\"https:\\\/\\\/www.retaildetail.be\\\/wp-content\\\/uploads\\\/2022\\\/04\\\/logo.png\",\"articleSection\":[\"Wonen\"],\"inLanguage\":\"nl-NL\",\"copyrightYear\":\"2011\",\"copyrightHolder\":{\"@id\":\"https:\\\/\\\/www.retaildetail.be\\\/#organization\"}},{\"@type\":\"WebPage\",\"@id\":\"https:\\\/\\\/www.retaildetail.be\\\/nl\\\/news\\\/wonen\\\/ikea-catalogus-inspiratiebron-van-belgisch-nederlandse-kortfilm\\\/\",\"url\":\"https:\\\/\\\/www.retaildetail.be\\\/nl\\\/news\\\/wonen\\\/ikea-catalogus-inspiratiebron-van-belgisch-nederlandse-kortfilm\\\/\",\"name\":\"IKEA-catalogus inspiratiebron van Belgisch-Nederlandse kortfilm - RetailDetail BE\",\"isPartOf\":{\"@id\":\"https:\\\/\\\/www.retaildetail.be\\\/nl\\\/#website\"},\"primaryImageOfPage\":{\"@id\":\"https:\\\/\\\/www.retaildetail.be\\\/nl\\\/news\\\/wonen\\\/ikea-catalogus-inspiratiebron-van-belgisch-nederlandse-kortfilm\\\/#primaryimage\"},\"image\":{\"@id\":\"https:\\\/\\\/www.retaildetail.be\\\/nl\\\/news\\\/wonen\\\/ikea-catalogus-inspiratiebron-van-belgisch-nederlandse-kortfilm\\\/#primaryimage\"},\"thumbnailUrl\":\"https:\\\/\\\/www.retaildetail.be\\\/wp-content\\\/uploads\\\/2022\\\/04\\\/logo.png\",\"datePublished\":\"2011-10-06T05:11:08+00:00\",\"breadcrumb\":{\"@id\":\"https:\\\/\\\/www.retaildetail.be\\\/nl\\\/news\\\/wonen\\\/ikea-catalogus-inspiratiebron-van-belgisch-nederlandse-kortfilm\\\/#breadcrumb\"},\"inLanguage\":\"nl-NL\",\"potentialAction\":[{\"@type\":\"ReadAction\",\"target\":[\"https:\\\/\\\/www.retaildetail.be\\\/nl\\\/news\\\/wonen\\\/ikea-catalogus-inspiratiebron-van-belgisch-nederlandse-kortfilm\\\/\"]}]},{\"@type\":\"ImageObject\",\"inLanguage\":\"nl-NL\",\"@id\":\"https:\\\/\\\/www.retaildetail.be\\\/nl\\\/news\\\/wonen\\\/ikea-catalogus-inspiratiebron-van-belgisch-nederlandse-kortfilm\\\/#primaryimage\",\"url\":\"https:\\\/\\\/www.retaildetail.be\\\/wp-content\\\/uploads\\\/2022\\\/04\\\/logo.png\",\"contentUrl\":\"https:\\\/\\\/www.retaildetail.be\\\/wp-content\\\/uploads\\\/2022\\\/04\\\/logo.png\",\"width\":281,\"height\":147},{\"@type\":\"BreadcrumbList\",\"@id\":\"https:\\\/\\\/www.retaildetail.be\\\/nl\\\/news\\\/wonen\\\/ikea-catalogus-inspiratiebron-van-belgisch-nederlandse-kortfilm\\\/#breadcrumb\",\"itemListElement\":[{\"@type\":\"ListItem\",\"position\":1,\"name\":\"Home\",\"item\":\"https:\\\/\\\/www.retaildetail.be\\\/nl\\\/\"},{\"@type\":\"ListItem\",\"position\":2,\"name\":\"IKEA-catalogus inspiratiebron van Belgisch-Nederlandse kortfilm\"}]},{\"@type\":\"WebSite\",\"@id\":\"https:\\\/\\\/www.retaildetail.be\\\/nl\\\/#website\",\"url\":\"https:\\\/\\\/www.retaildetail.be\\\/nl\\\/\",\"name\":\"RetailDetail BE\",\"description\":\"News\",\"publisher\":{\"@id\":\"https:\\\/\\\/www.retaildetail.be\\\/nl\\\/#organization\"},\"potentialAction\":[{\"@type\":\"SearchAction\",\"target\":{\"@type\":\"EntryPoint\",\"urlTemplate\":\"https:\\\/\\\/www.retaildetail.be\\\/nl\\\/?s={search_term_string}\"},\"query-input\":{\"@type\":\"PropertyValueSpecification\",\"valueRequired\":true,\"valueName\":\"search_term_string\"}}],\"inLanguage\":\"nl-NL\"},{\"@type\":\"Organization\",\"@id\":\"https:\\\/\\\/www.retaildetail.be\\\/nl\\\/#organization\",\"name\":\"RetailDetail BE\",\"url\":\"https:\\\/\\\/www.retaildetail.be\\\/nl\\\/\",\"logo\":{\"@type\":\"ImageObject\",\"inLanguage\":\"nl-NL\",\"@id\":\"https:\\\/\\\/www.retaildetail.be\\\/nl\\\/#\\\/schema\\\/logo\\\/image\\\/\",\"url\":\"https:\\\/\\\/www.retaildetail.be\\\/wp-content\\\/uploads\\\/2022\\\/04\\\/logo.svg\",\"contentUrl\":\"https:\\\/\\\/www.retaildetail.be\\\/wp-content\\\/uploads\\\/2022\\\/04\\\/logo.svg\",\"width\":131,\"height\":70,\"caption\":\"RetailDetail BE\"},\"image\":{\"@id\":\"https:\\\/\\\/www.retaildetail.be\\\/nl\\\/#\\\/schema\\\/logo\\\/image\\\/\"}},{\"@type\":\"Person\",\"@id\":\"https:\\\/\\\/www.retaildetail.be\\\/nl\\\/#\\\/schema\\\/person\\\/ba2d383452a753a3a1ce8cdb349b5fc9\",\"name\":\"dev@grandiz.com\",\"image\":{\"@type\":\"ImageObject\",\"inLanguage\":\"nl-NL\",\"@id\":\"https:\\\/\\\/secure.gravatar.com\\\/avatar\\\/5f53ce9fb6eed4a60e5aaaa712be8773880fa9459d9cac9bc4aa4fdbce3f447f?s=96&d=mm&r=g\",\"url\":\"https:\\\/\\\/secure.gravatar.com\\\/avatar\\\/5f53ce9fb6eed4a60e5aaaa712be8773880fa9459d9cac9bc4aa4fdbce3f447f?s=96&d=mm&r=g\",\"contentUrl\":\"https:\\\/\\\/secure.gravatar.com\\\/avatar\\\/5f53ce9fb6eed4a60e5aaaa712be8773880fa9459d9cac9bc4aa4fdbce3f447f?s=96&d=mm&r=g\",\"caption\":\"dev@grandiz.com\"},\"sameAs\":[\"http:\\\/\\\/preprod.retaildetail.be\"],\"url\":\"https:\\\/\\\/www.retaildetail.be\\\/nl\\\/author\\\/devgrandiz-com\\\/\"}]}<\/script>\n<!-- \/ Yoast SEO plugin. -->","yoast_head_json":{"title":"IKEA-catalogus inspiratiebron van Belgisch-Nederlandse kortfilm - RetailDetail BE","robots":{"index":"index","follow":"follow","max-snippet":"max-snippet:-1","max-image-preview":"max-image-preview:large","max-video-preview":"max-video-preview:-1"},"canonical":"https:\/\/www.retaildetail.be\/nl\/news\/wonen\/ikea-catalogus-inspiratiebron-van-belgisch-nederlandse-kortfilm\/","og_locale":"nl_NL","og_type":"article","og_title":"IKEA-catalogus inspiratiebron van Belgisch-Nederlandse kortfilm - RetailDetail BE","og_description":"\u00a0 48 Hour Film Project De kortfilm \u2018Pagina 23\u2019 werd gemaakt tijdens het 48 Hour Film Project, waarbij de deelnemers worden uitgedaagd om in 48 uur een kortfilm te bedenken, te filmen en te monteren. De enige richtlijnen die ze krijgen zijn een personage, een genre, een voorwerp en \u00e9\u00e9n zin dialoog. Dit jaar gingen [&hellip;]","og_url":"https:\/\/www.retaildetail.be\/nl\/news\/wonen\/ikea-catalogus-inspiratiebron-van-belgisch-nederlandse-kortfilm\/","og_site_name":"RetailDetail BE","article_published_time":"2011-10-06T05:11:08+00:00","og_image":[{"width":281,"height":147,"url":"https:\/\/i0.wp.com\/www.retaildetail.be\/wp-content\/uploads\/2022\/04\/logo.png?fit=281%2C147&quality=100&strip=all&ssl=1","type":"image\/png"}],"author":"dev@grandiz.com","twitter_card":"summary_large_image","twitter_misc":{"Geschreven door":"dev@grandiz.com","Geschatte leestijd":"1 minuut"},"schema":{"@context":"https:\/\/schema.org","@graph":[{"@type":"NewsArticle","@id":"https:\/\/www.retaildetail.be\/nl\/news\/wonen\/ikea-catalogus-inspiratiebron-van-belgisch-nederlandse-kortfilm\/#article","isPartOf":{"@id":"https:\/\/www.retaildetail.be\/nl\/news\/wonen\/ikea-catalogus-inspiratiebron-van-belgisch-nederlandse-kortfilm\/"},"author":{"name":"dev@grandiz.com","@id":"https:\/\/www.retaildetail.be\/nl\/#\/schema\/person\/ba2d383452a753a3a1ce8cdb349b5fc9"},"headline":"IKEA-catalogus inspiratiebron van Belgisch-Nederlandse kortfilm","datePublished":"2011-10-06T05:11:08+00:00","mainEntityOfPage":{"@id":"https:\/\/www.retaildetail.be\/nl\/news\/wonen\/ikea-catalogus-inspiratiebron-van-belgisch-nederlandse-kortfilm\/"},"wordCount":150,"publisher":{"@id":"https:\/\/www.retaildetail.be\/nl\/#organization"},"image":{"@id":"https:\/\/www.retaildetail.be\/nl\/news\/wonen\/ikea-catalogus-inspiratiebron-van-belgisch-nederlandse-kortfilm\/#primaryimage"},"thumbnailUrl":"https:\/\/www.retaildetail.be\/wp-content\/uploads\/2022\/04\/logo.png","articleSection":["Wonen"],"inLanguage":"nl-NL","copyrightYear":"2011","copyrightHolder":{"@id":"https:\/\/www.retaildetail.be\/#organization"}},{"@type":"WebPage","@id":"https:\/\/www.retaildetail.be\/nl\/news\/wonen\/ikea-catalogus-inspiratiebron-van-belgisch-nederlandse-kortfilm\/","url":"https:\/\/www.retaildetail.be\/nl\/news\/wonen\/ikea-catalogus-inspiratiebron-van-belgisch-nederlandse-kortfilm\/","name":"IKEA-catalogus inspiratiebron van Belgisch-Nederlandse kortfilm - RetailDetail BE","isPartOf":{"@id":"https:\/\/www.retaildetail.be\/nl\/#website"},"primaryImageOfPage":{"@id":"https:\/\/www.retaildetail.be\/nl\/news\/wonen\/ikea-catalogus-inspiratiebron-van-belgisch-nederlandse-kortfilm\/#primaryimage"},"image":{"@id":"https:\/\/www.retaildetail.be\/nl\/news\/wonen\/ikea-catalogus-inspiratiebron-van-belgisch-nederlandse-kortfilm\/#primaryimage"},"thumbnailUrl":"https:\/\/www.retaildetail.be\/wp-content\/uploads\/2022\/04\/logo.png","datePublished":"2011-10-06T05:11:08+00:00","breadcrumb":{"@id":"https:\/\/www.retaildetail.be\/nl\/news\/wonen\/ikea-catalogus-inspiratiebron-van-belgisch-nederlandse-kortfilm\/#breadcrumb"},"inLanguage":"nl-NL","potentialAction":[{"@type":"ReadAction","target":["https:\/\/www.retaildetail.be\/nl\/news\/wonen\/ikea-catalogus-inspiratiebron-van-belgisch-nederlandse-kortfilm\/"]}]},{"@type":"ImageObject","inLanguage":"nl-NL","@id":"https:\/\/www.retaildetail.be\/nl\/news\/wonen\/ikea-catalogus-inspiratiebron-van-belgisch-nederlandse-kortfilm\/#primaryimage","url":"https:\/\/www.retaildetail.be\/wp-content\/uploads\/2022\/04\/logo.png","contentUrl":"https:\/\/www.retaildetail.be\/wp-content\/uploads\/2022\/04\/logo.png","width":281,"height":147},{"@type":"BreadcrumbList","@id":"https:\/\/www.retaildetail.be\/nl\/news\/wonen\/ikea-catalogus-inspiratiebron-van-belgisch-nederlandse-kortfilm\/#breadcrumb","itemListElement":[{"@type":"ListItem","position":1,"name":"Home","item":"https:\/\/www.retaildetail.be\/nl\/"},{"@type":"ListItem","position":2,"name":"IKEA-catalogus inspiratiebron van Belgisch-Nederlandse kortfilm"}]},{"@type":"WebSite","@id":"https:\/\/www.retaildetail.be\/nl\/#website","url":"https:\/\/www.retaildetail.be\/nl\/","name":"RetailDetail BE","description":"News","publisher":{"@id":"https:\/\/www.retaildetail.be\/nl\/#organization"},"potentialAction":[{"@type":"SearchAction","target":{"@type":"EntryPoint","urlTemplate":"https:\/\/www.retaildetail.be\/nl\/?s={search_term_string}"},"query-input":{"@type":"PropertyValueSpecification","valueRequired":true,"valueName":"search_term_string"}}],"inLanguage":"nl-NL"},{"@type":"Organization","@id":"https:\/\/www.retaildetail.be\/nl\/#organization","name":"RetailDetail BE","url":"https:\/\/www.retaildetail.be\/nl\/","logo":{"@type":"ImageObject","inLanguage":"nl-NL","@id":"https:\/\/www.retaildetail.be\/nl\/#\/schema\/logo\/image\/","url":"https:\/\/www.retaildetail.be\/wp-content\/uploads\/2022\/04\/logo.svg","contentUrl":"https:\/\/www.retaildetail.be\/wp-content\/uploads\/2022\/04\/logo.svg","width":131,"height":70,"caption":"RetailDetail BE"},"image":{"@id":"https:\/\/www.retaildetail.be\/nl\/#\/schema\/logo\/image\/"}},{"@type":"Person","@id":"https:\/\/www.retaildetail.be\/nl\/#\/schema\/person\/ba2d383452a753a3a1ce8cdb349b5fc9","name":"dev@grandiz.com","image":{"@type":"ImageObject","inLanguage":"nl-NL","@id":"https:\/\/secure.gravatar.com\/avatar\/5f53ce9fb6eed4a60e5aaaa712be8773880fa9459d9cac9bc4aa4fdbce3f447f?s=96&d=mm&r=g","url":"https:\/\/secure.gravatar.com\/avatar\/5f53ce9fb6eed4a60e5aaaa712be8773880fa9459d9cac9bc4aa4fdbce3f447f?s=96&d=mm&r=g","contentUrl":"https:\/\/secure.gravatar.com\/avatar\/5f53ce9fb6eed4a60e5aaaa712be8773880fa9459d9cac9bc4aa4fdbce3f447f?s=96&d=mm&r=g","caption":"dev@grandiz.com"},"sameAs":["http:\/\/preprod.retaildetail.be"],"url":"https:\/\/www.retaildetail.be\/nl\/author\/devgrandiz-com\/"}]}},"jetpack_featured_media_url":"https:\/\/www.retaildetail.be\/wp-content\/uploads\/2022\/04\/logo.png","jetpack_sharing_enabled":true,"_links":{"self":[{"href":"https:\/\/www.retaildetail.be\/nl\/wp-json\/wp\/v2\/posts\/848","targetHints":{"allow":["GET"]}}],"collection":[{"href":"https:\/\/www.retaildetail.be\/nl\/wp-json\/wp\/v2\/posts"}],"about":[{"href":"https:\/\/www.retaildetail.be\/nl\/wp-json\/wp\/v2\/types\/post"}],"author":[{"embeddable":true,"href":"https:\/\/www.retaildetail.be\/nl\/wp-json\/wp\/v2\/users\/1"}],"replies":[{"embeddable":true,"href":"https:\/\/www.retaildetail.be\/nl\/wp-json\/wp\/v2\/comments?post=848"}],"version-history":[{"count":0,"href":"https:\/\/www.retaildetail.be\/nl\/wp-json\/wp\/v2\/posts\/848\/revisions"}],"wp:featuredmedia":[{"embeddable":true,"href":"https:\/\/www.retaildetail.be\/nl\/wp-json\/wp\/v2\/media\/84"}],"wp:attachment":[{"href":"https:\/\/www.retaildetail.be\/nl\/wp-json\/wp\/v2\/media?parent=848"}],"wp:term":[{"taxonomy":"category","embeddable":true,"href":"https:\/\/www.retaildetail.be\/nl\/wp-json\/wp\/v2\/categories?post=848"},{"taxonomy":"post_tag","embeddable":true,"href":"https:\/\/www.retaildetail.be\/nl\/wp-json\/wp\/v2\/tags?post=848"},{"taxonomy":"people","embeddable":true,"href":"https:\/\/www.retaildetail.be\/nl\/wp-json\/wp\/v2\/people?post=848"},{"taxonomy":"extra","embeddable":true,"href":"https:\/\/www.retaildetail.be\/nl\/wp-json\/wp\/v2\/extra?post=848"},{"taxonomy":"company","embeddable":true,"href":"https:\/\/www.retaildetail.be\/nl\/wp-json\/wp\/v2\/company?post=848"},{"taxonomy":"topic","embeddable":true,"href":"https:\/\/www.retaildetail.be\/nl\/wp-json\/wp\/v2\/topic?post=848"},{"taxonomy":"region","embeddable":true,"href":"https:\/\/www.retaildetail.be\/nl\/wp-json\/wp\/v2\/region?post=848"}],"curies":[{"name":"wp","href":"https:\/\/api.w.org\/{rel}","templated":true}]}}