{"id":893,"date":"2011-10-18T07:35:38","date_gmt":"2011-10-18T07:35:38","guid":{"rendered":"https:\/\/www.retaildetail.be\/algemeen\/belgische-retailers-optimistisch-en-ambitieus-ondanks-crisis\/"},"modified":"2011-10-18T07:35:38","modified_gmt":"2011-10-18T07:35:38","slug":"belgische-retailers-optimistisch-en-ambitieus-ondanks-crisis","status":"publish","type":"post","link":"https:\/\/www.retaildetail.be\/nl\/news\/algemeen\/belgische-retailers-optimistisch-en-ambitieus-ondanks-crisis\/","title":{"rendered":"Belgische retailers optimistisch en ambitieus ondanks crisis"},"content":{"rendered":"<p><img loading=\"lazy\" decoding=\"async\" style=\"margin-bottom: 10px;margin-right: 10px\" alt=\"Nieuwstraat Brussel\" title=\"Nieuwstraat Brussel\" src=\"\/sites\/default\/files\/spacer.png\" height=\"133\" width=\"200\" align=\"left\" \/>Voor het vijfde jaar op rij hield <strong>CB Richard Ellis (CBRE)<\/strong>, de grootste professionele vastgoedconsultant in ons land, een grote retailenqu\u00eate, waaraan  130\u00a0nationale en internationale winkelketens met vestigingen in ons land  deelnamen. De enqu\u00eate werd gehouden in de maanden juli, augustus en september, in volle eurocrisis en tegen een achtergrond van dalend consumentenvertrouwen. Niettemin zijn en blijven de winkelketens in ons land optimistisch en ambitieus.<\/p>\n<h2>4 ketens op 5 kijken uit naar extra vestigingen<\/h2>\n<p>De meeste winkelketens in Belgi\u00eb blijven zoeken naar expansiemogelijkheden: 78% zegt op zoek te zijn naar extra verkooppunten. Dat is iets meer dan in 2010, toen 75% aan expansie dacht. Voedingsketens en warenhuizen zijn met 91% het actiefst op zoek, maar ook de huis- en tuinketens (88%) zijn opvallend ambitieus. Enseignes die kleding en schoeisel verkopen (74%) en de sport- en vrijetijdsketens (73%) koesteren iets minder grote ambities.<\/p>\n<p>\nDe Belgische winkelketens kijken voornamelijk naar de grotere en middelgrote winkelsteden, waar ze vaak al \u00e9\u00e9n of meerdere verkooppunten hebben. Voor de kleinere steden is de interesse veel minder minder groot.<\/p>\n<h2>Vraag naar meer oppervlakte op binnenstedelijke toplocaties<\/h2>\n<p><img loading=\"lazy\" decoding=\"async\" style=\"margin-top: 10px;margin-bottom: 10px;margin-left: 10px\" alt=\"Forever 21\" title=\"Forever 21\" src=\"\/sites\/default\/files\/spacer.png\" height=\"133\" width=\"200\" align=\"right\" \/>E\u00e9n winkelketen op vijf zoekt grotere winkelpanden. Bij de voedingketens en supermarkten is dat zelfs \u00e9\u00e9n op drie. De retailers in kwestie willen een breder assortiment plaatsen, meer klanten in de winkel ontvangen en een groter winkelcomfort bieden. De weinige ketens die opteren voor kleinere winkels doen dat vaak wegens de te hoge huurprijzen op toplocaties.<\/p>\n<p>\n\u201cOpvallend is de vraag naar grotere winkeloppervlakken op <strong>binnenstedelijke toplocaties<\/strong>\u201d, zegt Patrick Tacq, hoofd Retail bij CBRE. \u201cEen belangrijk aantal bestaande en nieuwe enseignes opereert bij voorkeur met vestigingen van 2.000\u00a0m\u00b2 of meer. Denk maar aan Primark, Forever21, Marks &amp; Spencer, maar ook H&amp;M. Dergelijke grote winkelpanden zijn slechts beperkt voorhanden op de toplocaties. Bijgevolg wordt voor dit soort winkels een lichte stijging van de huurprijzen geobserveerd.\u201d<\/p>\n<h2>Het blijft drummen voor de beste locaties<\/h2>\n<p>Het merendeel van de retailers meent dat Belgi\u00eb voldoende vierkante meters winkelruimte telt. Ze verwachten dan ook geen al te grote problemen bij het vinden van geschikte panden. Toch maakt \u00e9\u00e9n op de vier ketens zich zorgen over het buitenstedelijke winkelaanbod: door de regionalisering van het winkelbeleid en door recente richtlijnen is de uitbreiding van het winkelaanbod aan strengere voorwaarden verbonden. De overheid wil zo verdere lintbebouwing tegengaan en de stadscentra beschermen.<\/p>\n<p>\nVolgens de retailers zijn er momenteel beduidend meer uitbreidingsmogelijkheden te vinden dan tevoren. \u201cNochtans staat het aantal nieuwe winkelontwikkelingen voor de komende jaren op een absoluut minimum,\u201d zegt Patrick Tacq. Een gevolg van \u201cde onzekere economie, de moeilijke financieringsvoorwaarden en het strengere stedenbouwkundig beleid. Wel zijn her en der bestaande panden vrijgekomen, maar deze zijn niet vaak gelegen op de absolute toplocaties. Op de beste winkellocaties blijft het vooralsnog drummen om een winkel te kunnen openen.\u201d <\/p>\n<p>\nRuim 40% van de Belgische winkelketens sluit een stijging van de huurprijzen voor winkelvastgoed de komende 12\u00a0maanden dan ook niet uit &#8211; dat zijn er beduidend meer dan vorig jaar. Toch ziet 54% de huurprijzen eerder stabiliseren.<\/p>\n<h2>Drie ketens op vijf zien tekenen van koopkrachtdaling<\/h2>\n<p><img loading=\"lazy\" decoding=\"async\" style=\"margin-top: 10px;margin-bottom: 10px;margin-right: 10px\" alt=\"Winkelstraat Brussel\" title=\"Winkelstraat Brussel\" src=\"\/sites\/default\/files\/spacer.png\" height=\"133\" width=\"177\" align=\"left\" \/>Net geen 60% van de retailers merkt een <strong>daling van de koopkracht<\/strong> onder hun klanten als gevolg van de moeizame economische tijden. Vooral de sport- en vrijetijdsketens hebben het lastig: van hen ondervindt zelfs drie op de vier de koopkrachtdaling aan den lijve.<\/p>\n<p>\nDe gedaalde koopkracht uit zich voornamelijk in minder impulsieve aankopen, vooral van modeartikelen en huis- en tuinbenodigdheden. Verder lijkt de Belg te besparen op voeding en koopt hij minder regelmatig sportartikelen. Maar de Belg lijkt niet bereid om in te boeten op kwaliteit: hooguit \u00e9\u00e9n retailer op tien merkt een verschuiving naar goedkopere alternatieven.<\/p>\n<p>\nGedaalde koopkracht of niet, toch verwachten de Belgische winkelketens dat hun omzet de komende 12\u00a0maanden zal stijgen. In het huis- en tuinsegment geldt dat zelfs voor drie van de vier ketens. Notoire uitzondering: de sportketens, bij wie \u00e9\u00e9n op de drie slechtere cijfers vreest.<\/p>\n<h2>Antwerpen favoriete winkelstad, Brussel meest rendabele<\/h2>\n<p>Voor het vijfde jaar op rij hebben de winkelketens <strong>Antwerpen<\/strong> tot hun favoriete winkelstad uitgeroepen. Brussel staat als vanouds op de tweede plaats, maar wordt wel aangeduid als meest rendabele stad van het land.<\/p>\n<p>\nToch stipt een aantal ketens Brussel en Antwerpen aan als \u201cminst rendabel\u201d, wat erop kan wijzen dat de huurprijzen voor de ketens in kwestie stilaan onbetaalbaar worden. \u201cEen aantal retailers zou bijgevolg uit de boot vallen als de huurprijzen daar zouden blijven stijgen. Die bedragen momenteel 1.700 euro\/m\u00b2\/jaar in Antwerpen en 1.600 euro\/m\u00b2 in Brussel voor panden van 200 m\u00b2\u201d, aldus Patrick Tacq van CBRE.<\/p>\n<p><img loading=\"lazy\" decoding=\"async\" style=\"margin-top: 10px;margin-bottom: 10px;margin-left: 10px\" alt=\"Kortrijk\" title=\"Kortrijk\" src=\"\/sites\/default\/files\/spacer.png\" height=\"133\" width=\"200\" align=\"right\" \/><strong>Woluwe Shoppin<\/strong>g herovert zijn eerste plaats als favoriet shoppingcenter bij de retailers en laat Wijnegem achter zich, zij het met slechts enkele stemmen verschil. Het Waasland Shopping Center in Sint-Niklaas komt traditioneel op de derde plaats, maar ook K in Kortrijk en L\u2019Esplanade in Louvain-La-Neuve scoren goed.<\/p>\n<p>\nDe winkelketens geven Antwerpen, Gent, Luik, Kortrijk en Leuven een pluim voor de positieve evolutie van hun winkelbeleid. Van Brussel, Luik, Charleroi, Turnhout en Sint-Niklaas verwachten ze op dat vlak dan weer extra inspanningen.<\/p>\n<h2>Ook winkelketens \u201cpro\u201d behoud solden- en sperperiode<\/h2>\n<p>Dat de kleinere handelaars en hun beroepsorganisaties Unizo en NSZ het niet begrepen hebben op inbreuken op de soldenwetgeving door bepaalde ketens was reeds geweten. Daardoor is de perceptie ontstaan dat elke keten de <a href=\"nl\/belgie\/b-fashion\/item\/13125-europese-commissie-vecht-belgische-sperperiode-aan-bij-europees-hof\" title=\"\">sperperiode liever kwijt dan rijk<\/a> is. Niets is minder waar, zo blijkt uit de CBRE-winkelketenenqu\u00eate: ook de grotere ketens in Belgi\u00eb erkennen het nut van de solden- en de voorafgaande sperperiode en wensen die te behouden. Van de modeketens sprak zelfs driekwart zich uit v\u00f3\u00f3r de wettelijk geregelde soldenperiode en 67% vindt dat ook de sperperiode moet blijven bestaan.<\/p>\n","protected":false},"excerpt":{"rendered":"<p>Voor het vijfde jaar op rij hield CB Richard Ellis (CBRE), de grootste professionele vastgoedconsultant in ons land, een grote retailenqu\u00eate, waaraan 130\u00a0nationale en internationale winkelketens met vestigingen in ons land deelnamen. De enqu\u00eate werd gehouden in de maanden juli, augustus en september, in volle eurocrisis en tegen een achtergrond van dalend consumentenvertrouwen. Niettemin zijn [&hellip;]<\/p>\n","protected":false},"author":1,"featured_media":84,"comment_status":"closed","ping_status":"closed","sticky":false,"template":"","format":"standard","meta":{"_acf_changed":false,"inline_featured_image":false,"_jetpack_memberships_contains_paid_content":false,"footnotes":""},"categories":[15],"tags":[],"people":[],"extra":[],"company":[],"topic":[],"region":[],"class_list":["post-893","post","type-post","status-publish","format-standard","has-post-thumbnail","hentry","category-algemeen"],"acf":[],"yoast_head":"<!-- This site is optimized with the Yoast SEO plugin v27.3 - https:\/\/yoast.com\/product\/yoast-seo-wordpress\/ -->\n<title>Belgische retailers optimistisch en ambitieus ondanks crisis - RetailDetail BE<\/title>\n<meta name=\"robots\" content=\"index, follow, max-snippet:-1, max-image-preview:large, max-video-preview:-1\" \/>\n<link rel=\"canonical\" href=\"https:\/\/www.retaildetail.be\/nl\/news\/algemeen\/belgische-retailers-optimistisch-en-ambitieus-ondanks-crisis\/\" \/>\n<meta property=\"og:locale\" content=\"nl_NL\" \/>\n<meta property=\"og:type\" content=\"article\" \/>\n<meta property=\"og:title\" content=\"Belgische retailers optimistisch en ambitieus ondanks crisis - RetailDetail BE\" \/>\n<meta property=\"og:description\" content=\"Voor het vijfde jaar op rij hield CB Richard Ellis (CBRE), de grootste professionele vastgoedconsultant in ons land, een grote retailenqu\u00eate, waaraan 130\u00a0nationale en internationale winkelketens met vestigingen in ons land deelnamen. De enqu\u00eate werd gehouden in de maanden juli, augustus en september, in volle eurocrisis en tegen een achtergrond van dalend consumentenvertrouwen. Niettemin zijn [&hellip;]\" \/>\n<meta property=\"og:url\" content=\"https:\/\/www.retaildetail.be\/nl\/news\/algemeen\/belgische-retailers-optimistisch-en-ambitieus-ondanks-crisis\/\" \/>\n<meta property=\"og:site_name\" content=\"RetailDetail BE\" \/>\n<meta property=\"article:published_time\" content=\"2011-10-18T07:35:38+00:00\" \/>\n<meta property=\"og:image\" content=\"https:\/\/i0.wp.com\/www.retaildetail.be\/wp-content\/uploads\/2022\/04\/logo.png?fit=281%2C147&quality=100&strip=all&ssl=1\" \/>\n\t<meta property=\"og:image:width\" content=\"281\" \/>\n\t<meta property=\"og:image:height\" content=\"147\" \/>\n\t<meta property=\"og:image:type\" content=\"image\/png\" \/>\n<meta name=\"author\" content=\"dev@grandiz.com\" \/>\n<meta name=\"twitter:card\" content=\"summary_large_image\" \/>\n<meta name=\"twitter:label1\" content=\"Geschreven door\" \/>\n\t<meta name=\"twitter:data1\" content=\"dev@grandiz.com\" \/>\n\t<meta name=\"twitter:label2\" content=\"Geschatte leestijd\" \/>\n\t<meta name=\"twitter:data2\" content=\"5 minuten\" \/>\n<script type=\"application\/ld+json\" class=\"yoast-schema-graph\">{\"@context\":\"https:\\\/\\\/schema.org\",\"@graph\":[{\"@type\":\"NewsArticle\",\"@id\":\"https:\\\/\\\/www.retaildetail.be\\\/nl\\\/news\\\/algemeen\\\/belgische-retailers-optimistisch-en-ambitieus-ondanks-crisis\\\/#article\",\"isPartOf\":{\"@id\":\"https:\\\/\\\/www.retaildetail.be\\\/nl\\\/news\\\/algemeen\\\/belgische-retailers-optimistisch-en-ambitieus-ondanks-crisis\\\/\"},\"author\":{\"name\":\"dev@grandiz.com\",\"@id\":\"https:\\\/\\\/www.retaildetail.be\\\/nl\\\/#\\\/schema\\\/person\\\/ba2d383452a753a3a1ce8cdb349b5fc9\"},\"headline\":\"Belgische retailers optimistisch en ambitieus ondanks crisis\",\"datePublished\":\"2011-10-18T07:35:38+00:00\",\"mainEntityOfPage\":{\"@id\":\"https:\\\/\\\/www.retaildetail.be\\\/nl\\\/news\\\/algemeen\\\/belgische-retailers-optimistisch-en-ambitieus-ondanks-crisis\\\/\"},\"wordCount\":932,\"publisher\":{\"@id\":\"https:\\\/\\\/www.retaildetail.be\\\/nl\\\/#organization\"},\"image\":{\"@id\":\"https:\\\/\\\/www.retaildetail.be\\\/nl\\\/news\\\/algemeen\\\/belgische-retailers-optimistisch-en-ambitieus-ondanks-crisis\\\/#primaryimage\"},\"thumbnailUrl\":\"https:\\\/\\\/www.retaildetail.be\\\/wp-content\\\/uploads\\\/2022\\\/04\\\/logo.png\",\"articleSection\":[\"Algemeen\"],\"inLanguage\":\"nl-NL\",\"copyrightYear\":\"2011\",\"copyrightHolder\":{\"@id\":\"https:\\\/\\\/www.retaildetail.be\\\/#organization\"}},{\"@type\":\"WebPage\",\"@id\":\"https:\\\/\\\/www.retaildetail.be\\\/nl\\\/news\\\/algemeen\\\/belgische-retailers-optimistisch-en-ambitieus-ondanks-crisis\\\/\",\"url\":\"https:\\\/\\\/www.retaildetail.be\\\/nl\\\/news\\\/algemeen\\\/belgische-retailers-optimistisch-en-ambitieus-ondanks-crisis\\\/\",\"name\":\"Belgische retailers optimistisch en ambitieus ondanks crisis - RetailDetail BE\",\"isPartOf\":{\"@id\":\"https:\\\/\\\/www.retaildetail.be\\\/nl\\\/#website\"},\"primaryImageOfPage\":{\"@id\":\"https:\\\/\\\/www.retaildetail.be\\\/nl\\\/news\\\/algemeen\\\/belgische-retailers-optimistisch-en-ambitieus-ondanks-crisis\\\/#primaryimage\"},\"image\":{\"@id\":\"https:\\\/\\\/www.retaildetail.be\\\/nl\\\/news\\\/algemeen\\\/belgische-retailers-optimistisch-en-ambitieus-ondanks-crisis\\\/#primaryimage\"},\"thumbnailUrl\":\"https:\\\/\\\/www.retaildetail.be\\\/wp-content\\\/uploads\\\/2022\\\/04\\\/logo.png\",\"datePublished\":\"2011-10-18T07:35:38+00:00\",\"breadcrumb\":{\"@id\":\"https:\\\/\\\/www.retaildetail.be\\\/nl\\\/news\\\/algemeen\\\/belgische-retailers-optimistisch-en-ambitieus-ondanks-crisis\\\/#breadcrumb\"},\"inLanguage\":\"nl-NL\",\"potentialAction\":[{\"@type\":\"ReadAction\",\"target\":[\"https:\\\/\\\/www.retaildetail.be\\\/nl\\\/news\\\/algemeen\\\/belgische-retailers-optimistisch-en-ambitieus-ondanks-crisis\\\/\"]}]},{\"@type\":\"ImageObject\",\"inLanguage\":\"nl-NL\",\"@id\":\"https:\\\/\\\/www.retaildetail.be\\\/nl\\\/news\\\/algemeen\\\/belgische-retailers-optimistisch-en-ambitieus-ondanks-crisis\\\/#primaryimage\",\"url\":\"https:\\\/\\\/www.retaildetail.be\\\/wp-content\\\/uploads\\\/2022\\\/04\\\/logo.png\",\"contentUrl\":\"https:\\\/\\\/www.retaildetail.be\\\/wp-content\\\/uploads\\\/2022\\\/04\\\/logo.png\",\"width\":281,\"height\":147},{\"@type\":\"BreadcrumbList\",\"@id\":\"https:\\\/\\\/www.retaildetail.be\\\/nl\\\/news\\\/algemeen\\\/belgische-retailers-optimistisch-en-ambitieus-ondanks-crisis\\\/#breadcrumb\",\"itemListElement\":[{\"@type\":\"ListItem\",\"position\":1,\"name\":\"Home\",\"item\":\"https:\\\/\\\/www.retaildetail.be\\\/nl\\\/\"},{\"@type\":\"ListItem\",\"position\":2,\"name\":\"Belgische retailers optimistisch en ambitieus ondanks crisis\"}]},{\"@type\":\"WebSite\",\"@id\":\"https:\\\/\\\/www.retaildetail.be\\\/nl\\\/#website\",\"url\":\"https:\\\/\\\/www.retaildetail.be\\\/nl\\\/\",\"name\":\"RetailDetail BE\",\"description\":\"News\",\"publisher\":{\"@id\":\"https:\\\/\\\/www.retaildetail.be\\\/nl\\\/#organization\"},\"potentialAction\":[{\"@type\":\"SearchAction\",\"target\":{\"@type\":\"EntryPoint\",\"urlTemplate\":\"https:\\\/\\\/www.retaildetail.be\\\/nl\\\/?s={search_term_string}\"},\"query-input\":{\"@type\":\"PropertyValueSpecification\",\"valueRequired\":true,\"valueName\":\"search_term_string\"}}],\"inLanguage\":\"nl-NL\"},{\"@type\":\"Organization\",\"@id\":\"https:\\\/\\\/www.retaildetail.be\\\/nl\\\/#organization\",\"name\":\"RetailDetail BE\",\"url\":\"https:\\\/\\\/www.retaildetail.be\\\/nl\\\/\",\"logo\":{\"@type\":\"ImageObject\",\"inLanguage\":\"nl-NL\",\"@id\":\"https:\\\/\\\/www.retaildetail.be\\\/nl\\\/#\\\/schema\\\/logo\\\/image\\\/\",\"url\":\"https:\\\/\\\/www.retaildetail.be\\\/wp-content\\\/uploads\\\/2022\\\/04\\\/logo.svg\",\"contentUrl\":\"https:\\\/\\\/www.retaildetail.be\\\/wp-content\\\/uploads\\\/2022\\\/04\\\/logo.svg\",\"width\":131,\"height\":70,\"caption\":\"RetailDetail BE\"},\"image\":{\"@id\":\"https:\\\/\\\/www.retaildetail.be\\\/nl\\\/#\\\/schema\\\/logo\\\/image\\\/\"}},{\"@type\":\"Person\",\"@id\":\"https:\\\/\\\/www.retaildetail.be\\\/nl\\\/#\\\/schema\\\/person\\\/ba2d383452a753a3a1ce8cdb349b5fc9\",\"name\":\"dev@grandiz.com\",\"image\":{\"@type\":\"ImageObject\",\"inLanguage\":\"nl-NL\",\"@id\":\"https:\\\/\\\/secure.gravatar.com\\\/avatar\\\/5f53ce9fb6eed4a60e5aaaa712be8773880fa9459d9cac9bc4aa4fdbce3f447f?s=96&d=mm&r=g\",\"url\":\"https:\\\/\\\/secure.gravatar.com\\\/avatar\\\/5f53ce9fb6eed4a60e5aaaa712be8773880fa9459d9cac9bc4aa4fdbce3f447f?s=96&d=mm&r=g\",\"contentUrl\":\"https:\\\/\\\/secure.gravatar.com\\\/avatar\\\/5f53ce9fb6eed4a60e5aaaa712be8773880fa9459d9cac9bc4aa4fdbce3f447f?s=96&d=mm&r=g\",\"caption\":\"dev@grandiz.com\"},\"sameAs\":[\"http:\\\/\\\/preprod.retaildetail.be\"],\"url\":\"https:\\\/\\\/www.retaildetail.be\\\/nl\\\/author\\\/devgrandiz-com\\\/\"}]}<\/script>\n<!-- \/ Yoast SEO plugin. -->","yoast_head_json":{"title":"Belgische retailers optimistisch en ambitieus ondanks crisis - RetailDetail BE","robots":{"index":"index","follow":"follow","max-snippet":"max-snippet:-1","max-image-preview":"max-image-preview:large","max-video-preview":"max-video-preview:-1"},"canonical":"https:\/\/www.retaildetail.be\/nl\/news\/algemeen\/belgische-retailers-optimistisch-en-ambitieus-ondanks-crisis\/","og_locale":"nl_NL","og_type":"article","og_title":"Belgische retailers optimistisch en ambitieus ondanks crisis - RetailDetail BE","og_description":"Voor het vijfde jaar op rij hield CB Richard Ellis (CBRE), de grootste professionele vastgoedconsultant in ons land, een grote retailenqu\u00eate, waaraan 130\u00a0nationale en internationale winkelketens met vestigingen in ons land deelnamen. De enqu\u00eate werd gehouden in de maanden juli, augustus en september, in volle eurocrisis en tegen een achtergrond van dalend consumentenvertrouwen. Niettemin zijn [&hellip;]","og_url":"https:\/\/www.retaildetail.be\/nl\/news\/algemeen\/belgische-retailers-optimistisch-en-ambitieus-ondanks-crisis\/","og_site_name":"RetailDetail BE","article_published_time":"2011-10-18T07:35:38+00:00","og_image":[{"width":281,"height":147,"url":"https:\/\/i0.wp.com\/www.retaildetail.be\/wp-content\/uploads\/2022\/04\/logo.png?fit=281%2C147&quality=100&strip=all&ssl=1","type":"image\/png"}],"author":"dev@grandiz.com","twitter_card":"summary_large_image","twitter_misc":{"Geschreven door":"dev@grandiz.com","Geschatte leestijd":"5 minuten"},"schema":{"@context":"https:\/\/schema.org","@graph":[{"@type":"NewsArticle","@id":"https:\/\/www.retaildetail.be\/nl\/news\/algemeen\/belgische-retailers-optimistisch-en-ambitieus-ondanks-crisis\/#article","isPartOf":{"@id":"https:\/\/www.retaildetail.be\/nl\/news\/algemeen\/belgische-retailers-optimistisch-en-ambitieus-ondanks-crisis\/"},"author":{"name":"dev@grandiz.com","@id":"https:\/\/www.retaildetail.be\/nl\/#\/schema\/person\/ba2d383452a753a3a1ce8cdb349b5fc9"},"headline":"Belgische retailers optimistisch en ambitieus ondanks crisis","datePublished":"2011-10-18T07:35:38+00:00","mainEntityOfPage":{"@id":"https:\/\/www.retaildetail.be\/nl\/news\/algemeen\/belgische-retailers-optimistisch-en-ambitieus-ondanks-crisis\/"},"wordCount":932,"publisher":{"@id":"https:\/\/www.retaildetail.be\/nl\/#organization"},"image":{"@id":"https:\/\/www.retaildetail.be\/nl\/news\/algemeen\/belgische-retailers-optimistisch-en-ambitieus-ondanks-crisis\/#primaryimage"},"thumbnailUrl":"https:\/\/www.retaildetail.be\/wp-content\/uploads\/2022\/04\/logo.png","articleSection":["Algemeen"],"inLanguage":"nl-NL","copyrightYear":"2011","copyrightHolder":{"@id":"https:\/\/www.retaildetail.be\/#organization"}},{"@type":"WebPage","@id":"https:\/\/www.retaildetail.be\/nl\/news\/algemeen\/belgische-retailers-optimistisch-en-ambitieus-ondanks-crisis\/","url":"https:\/\/www.retaildetail.be\/nl\/news\/algemeen\/belgische-retailers-optimistisch-en-ambitieus-ondanks-crisis\/","name":"Belgische retailers optimistisch en ambitieus ondanks crisis - RetailDetail BE","isPartOf":{"@id":"https:\/\/www.retaildetail.be\/nl\/#website"},"primaryImageOfPage":{"@id":"https:\/\/www.retaildetail.be\/nl\/news\/algemeen\/belgische-retailers-optimistisch-en-ambitieus-ondanks-crisis\/#primaryimage"},"image":{"@id":"https:\/\/www.retaildetail.be\/nl\/news\/algemeen\/belgische-retailers-optimistisch-en-ambitieus-ondanks-crisis\/#primaryimage"},"thumbnailUrl":"https:\/\/www.retaildetail.be\/wp-content\/uploads\/2022\/04\/logo.png","datePublished":"2011-10-18T07:35:38+00:00","breadcrumb":{"@id":"https:\/\/www.retaildetail.be\/nl\/news\/algemeen\/belgische-retailers-optimistisch-en-ambitieus-ondanks-crisis\/#breadcrumb"},"inLanguage":"nl-NL","potentialAction":[{"@type":"ReadAction","target":["https:\/\/www.retaildetail.be\/nl\/news\/algemeen\/belgische-retailers-optimistisch-en-ambitieus-ondanks-crisis\/"]}]},{"@type":"ImageObject","inLanguage":"nl-NL","@id":"https:\/\/www.retaildetail.be\/nl\/news\/algemeen\/belgische-retailers-optimistisch-en-ambitieus-ondanks-crisis\/#primaryimage","url":"https:\/\/www.retaildetail.be\/wp-content\/uploads\/2022\/04\/logo.png","contentUrl":"https:\/\/www.retaildetail.be\/wp-content\/uploads\/2022\/04\/logo.png","width":281,"height":147},{"@type":"BreadcrumbList","@id":"https:\/\/www.retaildetail.be\/nl\/news\/algemeen\/belgische-retailers-optimistisch-en-ambitieus-ondanks-crisis\/#breadcrumb","itemListElement":[{"@type":"ListItem","position":1,"name":"Home","item":"https:\/\/www.retaildetail.be\/nl\/"},{"@type":"ListItem","position":2,"name":"Belgische retailers optimistisch en ambitieus ondanks crisis"}]},{"@type":"WebSite","@id":"https:\/\/www.retaildetail.be\/nl\/#website","url":"https:\/\/www.retaildetail.be\/nl\/","name":"RetailDetail BE","description":"News","publisher":{"@id":"https:\/\/www.retaildetail.be\/nl\/#organization"},"potentialAction":[{"@type":"SearchAction","target":{"@type":"EntryPoint","urlTemplate":"https:\/\/www.retaildetail.be\/nl\/?s={search_term_string}"},"query-input":{"@type":"PropertyValueSpecification","valueRequired":true,"valueName":"search_term_string"}}],"inLanguage":"nl-NL"},{"@type":"Organization","@id":"https:\/\/www.retaildetail.be\/nl\/#organization","name":"RetailDetail BE","url":"https:\/\/www.retaildetail.be\/nl\/","logo":{"@type":"ImageObject","inLanguage":"nl-NL","@id":"https:\/\/www.retaildetail.be\/nl\/#\/schema\/logo\/image\/","url":"https:\/\/www.retaildetail.be\/wp-content\/uploads\/2022\/04\/logo.svg","contentUrl":"https:\/\/www.retaildetail.be\/wp-content\/uploads\/2022\/04\/logo.svg","width":131,"height":70,"caption":"RetailDetail BE"},"image":{"@id":"https:\/\/www.retaildetail.be\/nl\/#\/schema\/logo\/image\/"}},{"@type":"Person","@id":"https:\/\/www.retaildetail.be\/nl\/#\/schema\/person\/ba2d383452a753a3a1ce8cdb349b5fc9","name":"dev@grandiz.com","image":{"@type":"ImageObject","inLanguage":"nl-NL","@id":"https:\/\/secure.gravatar.com\/avatar\/5f53ce9fb6eed4a60e5aaaa712be8773880fa9459d9cac9bc4aa4fdbce3f447f?s=96&d=mm&r=g","url":"https:\/\/secure.gravatar.com\/avatar\/5f53ce9fb6eed4a60e5aaaa712be8773880fa9459d9cac9bc4aa4fdbce3f447f?s=96&d=mm&r=g","contentUrl":"https:\/\/secure.gravatar.com\/avatar\/5f53ce9fb6eed4a60e5aaaa712be8773880fa9459d9cac9bc4aa4fdbce3f447f?s=96&d=mm&r=g","caption":"dev@grandiz.com"},"sameAs":["http:\/\/preprod.retaildetail.be"],"url":"https:\/\/www.retaildetail.be\/nl\/author\/devgrandiz-com\/"}]}},"jetpack_featured_media_url":"https:\/\/www.retaildetail.be\/wp-content\/uploads\/2022\/04\/logo.png","jetpack_sharing_enabled":true,"_links":{"self":[{"href":"https:\/\/www.retaildetail.be\/nl\/wp-json\/wp\/v2\/posts\/893","targetHints":{"allow":["GET"]}}],"collection":[{"href":"https:\/\/www.retaildetail.be\/nl\/wp-json\/wp\/v2\/posts"}],"about":[{"href":"https:\/\/www.retaildetail.be\/nl\/wp-json\/wp\/v2\/types\/post"}],"author":[{"embeddable":true,"href":"https:\/\/www.retaildetail.be\/nl\/wp-json\/wp\/v2\/users\/1"}],"replies":[{"embeddable":true,"href":"https:\/\/www.retaildetail.be\/nl\/wp-json\/wp\/v2\/comments?post=893"}],"version-history":[{"count":0,"href":"https:\/\/www.retaildetail.be\/nl\/wp-json\/wp\/v2\/posts\/893\/revisions"}],"wp:featuredmedia":[{"embeddable":true,"href":"https:\/\/www.retaildetail.be\/nl\/wp-json\/wp\/v2\/media\/84"}],"wp:attachment":[{"href":"https:\/\/www.retaildetail.be\/nl\/wp-json\/wp\/v2\/media?parent=893"}],"wp:term":[{"taxonomy":"category","embeddable":true,"href":"https:\/\/www.retaildetail.be\/nl\/wp-json\/wp\/v2\/categories?post=893"},{"taxonomy":"post_tag","embeddable":true,"href":"https:\/\/www.retaildetail.be\/nl\/wp-json\/wp\/v2\/tags?post=893"},{"taxonomy":"people","embeddable":true,"href":"https:\/\/www.retaildetail.be\/nl\/wp-json\/wp\/v2\/people?post=893"},{"taxonomy":"extra","embeddable":true,"href":"https:\/\/www.retaildetail.be\/nl\/wp-json\/wp\/v2\/extra?post=893"},{"taxonomy":"company","embeddable":true,"href":"https:\/\/www.retaildetail.be\/nl\/wp-json\/wp\/v2\/company?post=893"},{"taxonomy":"topic","embeddable":true,"href":"https:\/\/www.retaildetail.be\/nl\/wp-json\/wp\/v2\/topic?post=893"},{"taxonomy":"region","embeddable":true,"href":"https:\/\/www.retaildetail.be\/nl\/wp-json\/wp\/v2\/region?post=893"}],"curies":[{"name":"wp","href":"https:\/\/api.w.org\/{rel}","templated":true}]}}