{"id":959,"date":"2011-11-03T09:22:20","date_gmt":"2011-11-03T09:22:20","guid":{"rendered":"https:\/\/www.retaildetail.be\/food\/belgische-colruyts-bestormd-voor-westvleteren-xii\/"},"modified":"2011-11-03T09:22:20","modified_gmt":"2011-11-03T09:22:20","slug":"belgische-colruyts-bestormd-voor-westvleteren-xii","status":"publish","type":"post","link":"https:\/\/www.retaildetail.be\/nl\/news\/food\/belgische-colruyts-bestormd-voor-westvleteren-xii\/","title":{"rendered":"Belgische Colruyts bestormd voor Westvleteren XII"},"content":{"rendered":"<p><img loading=\"lazy\" decoding=\"async\" style=\"margin-bottom: 10px;margin-right: 10px\" alt=\"\" title=\"\" src=\"\/sites\/default\/files\/spacer.png\" height=\"133\" width=\"200\" align=\"left\" \/>De speciale verkoopactie van Westvleteren in de Belgische <strong>Colruyt<\/strong>winkels was een schot in de roos. Heel wat filialen zagen al lang voor openingstijd enorme wachtrijen ontstaan en ook aan de kassa&#8217;s was het aanschuiven en (voor)dringen. <\/p>\n<h2>93.000 boxen de deur uit <\/h2>\n<p>De discountketen bood 93.000 \u201cbouwsteenboxen\u201d van Westvleteren XII aan voor 25 euro: telkens zes flesjes met het beroemde <strong>Westvleteren 12<\/strong> en twee passende trappistenglazen. De opbrengst gaat haar de <a href=\"nl\/belgie\/food\/item\/13234-westvleteren-12-voor-%C3%A9%C3%A9n-keer-te-koop-in-colruyt\" title=\"\" target=\"_blank\" rel=\"noopener\">renovatie van de Sint-Sixtusabdij<\/a>, die een paar jaar geleden getroffen werd door een grondverzakking. <\/p>\n<p>\u00a0<\/p>\n<p>Het is de eerste keer dat de paters gebruik maken van zo&#8217;n groot verkoopkanaal: normaal gezien is het \u201cbeste bier ter wereld\u201d enkel te koop in de abdij zelf en in het ontmoetingscentrum daar recht tegenover. Onder bierliefhebbers is Westvleteren beroemd om zijn excellente bieren, maar berucht omwille van het <strong>kleine brouwvolume<\/strong> dat de paters hanteren. Nu hadden de paters echter niet genoeg aan hun gebruikelijke brouwvolume en draaiden ze een jaar lang extra brouwbeurten om deze actie te kunnen waarmaken. <\/p>\n<h2>Stormloop op winkels<\/h2>\n<p><img loading=\"lazy\" decoding=\"async\" style=\"margin-bottom: 10px;margin-left: 10px\" alt=\"\" title=\"\" src=\"\/sites\/default\/files\/spacer.png\" height=\"133\" width=\"200\" align=\"right\" \/>De respons was dan ook enorm: gisteren kochten liefhebbers massaal De Standaard, Knack of Le Vif omwille van de bijgevoegde bon \u2013 elke bon gaf vervolgens het recht om \u00e9\u00e9n box te kopen. In theorie was er ook een limiet van \u00e9\u00e9n bon per persoon, maar die werd volgens deredactie.be alvast niet overal gerespecteerd. <\/p>\n<p>\u00a0<\/p>\n<p>Vandaag was het succes nog veel duidelijker: aan sommige vestigingen stonden ruim voor openingstijd tientallen mensen te dringen en de stormloop die ontstond toen de deuren opengingen, had veel weg van een paniekerige kudde gnoes of een eerste soldendag. Hier en daar was de voorraad na een paar minuten op en moesten zelfs vroege vogels teleurgesteld afdruipen. Onze redactie, die uiteraard enkel uit journalistieke nieuwsgierigheid ter plaatse was, had gelukkig meer succes.<\/p>\n<h2>(update): Waarom Colruyt? <\/h2>\n<p>In een interview met Radio1 legde <strong>Piet Jaspaert<\/strong> (verantwoordelijke voor de marketingcampagne) uit waarom de broeders voor Colruyt kozen. &#8220;We moeten er geen doekjes om winden. Colruyt neemt de hele <strong>distributie volledig gratis<\/strong> voor zijn rekening.&#8221; Andere realistische mogelijkheden waren er niet volgens hem: &#8220;Als je de 93.000 bakken aan de abdijpoort gaat verkopen, zit half West-Vlaanderen vast.&#8221; De boxen over alle supermarkten verdelen &#8211; en dus niet enkel Colruyt &#8211; was ook &#8220;praktisch niet mogelijk&#8221;.\u00a0<\/p>\n<p>\u00a0<\/p>\n<p>Jaspaert verzekerde wel dat de actie \u00e9\u00e9nmalig is en dat de charme van het legendarisch onbereikbare bier niet verloren zal gaan. De paters mogen immers volgens hun leefregels <strong>niet meer brouwen dan nodig<\/strong> is om in hun levensonderhoud te voorzien, dus dit is een zeer uitzonderlijke omstandigheid. &#8220;Bovendien is het zeker niet zo dat nu zomaar iedereen aan Westvleteren kan geraken&#8221;, zei hij nog: &#8216;amper&#8217; 93.000 mensen konden nu een &#8220;limited edition&#8221; kopen. De boxen zijn alleszins &#8216;limited&#8217; genoeg om ze voor woekerprijzen te kunnen doorverkopen, blijkt meteen alweer uit Ebay.\u00a0<\/p>\n","protected":false},"excerpt":{"rendered":"<p>De speciale verkoopactie van Westvleteren in de Belgische Colruytwinkels was een schot in de roos. Heel wat filialen zagen al lang voor openingstijd enorme wachtrijen ontstaan en ook aan de kassa&#8217;s was het aanschuiven en (voor)dringen. 93.000 boxen de deur uit De discountketen bood 93.000 \u201cbouwsteenboxen\u201d van Westvleteren XII aan voor 25 euro: telkens zes [&hellip;]<\/p>\n","protected":false},"author":1,"featured_media":84,"comment_status":"closed","ping_status":"closed","sticky":false,"template":"","format":"standard","meta":{"_acf_changed":false,"inline_featured_image":false,"_jetpack_memberships_contains_paid_content":false,"footnotes":""},"categories":[18],"tags":[],"people":[],"extra":[],"company":[],"topic":[],"region":[],"class_list":["post-959","post","type-post","status-publish","format-standard","has-post-thumbnail","hentry","category-food"],"acf":[],"yoast_head":"<!-- This site is optimized with the Yoast SEO plugin v27.3 - https:\/\/yoast.com\/product\/yoast-seo-wordpress\/ -->\n<title>Belgische Colruyts bestormd voor Westvleteren XII - RetailDetail BE<\/title>\n<meta name=\"robots\" content=\"index, follow, max-snippet:-1, max-image-preview:large, max-video-preview:-1\" \/>\n<link rel=\"canonical\" href=\"https:\/\/www.retaildetail.be\/nl\/news\/food\/belgische-colruyts-bestormd-voor-westvleteren-xii\/\" \/>\n<meta property=\"og:locale\" content=\"nl_NL\" \/>\n<meta property=\"og:type\" content=\"article\" \/>\n<meta property=\"og:title\" content=\"Belgische Colruyts bestormd voor Westvleteren XII - RetailDetail BE\" \/>\n<meta property=\"og:description\" content=\"De speciale verkoopactie van Westvleteren in de Belgische Colruytwinkels was een schot in de roos. Heel wat filialen zagen al lang voor openingstijd enorme wachtrijen ontstaan en ook aan de kassa&#8217;s was het aanschuiven en (voor)dringen. 93.000 boxen de deur uit De discountketen bood 93.000 \u201cbouwsteenboxen\u201d van Westvleteren XII aan voor 25 euro: telkens zes [&hellip;]\" \/>\n<meta property=\"og:url\" content=\"https:\/\/www.retaildetail.be\/nl\/news\/food\/belgische-colruyts-bestormd-voor-westvleteren-xii\/\" \/>\n<meta property=\"og:site_name\" content=\"RetailDetail BE\" \/>\n<meta property=\"article:published_time\" content=\"2011-11-03T09:22:20+00:00\" \/>\n<meta property=\"og:image\" content=\"https:\/\/i0.wp.com\/www.retaildetail.be\/wp-content\/uploads\/2022\/04\/logo.png?fit=281%2C147&quality=100&strip=all&ssl=1\" \/>\n\t<meta property=\"og:image:width\" content=\"281\" \/>\n\t<meta property=\"og:image:height\" content=\"147\" \/>\n\t<meta property=\"og:image:type\" content=\"image\/png\" \/>\n<meta name=\"author\" content=\"dev@grandiz.com\" \/>\n<meta name=\"twitter:card\" content=\"summary_large_image\" \/>\n<meta name=\"twitter:label1\" content=\"Geschreven door\" \/>\n\t<meta name=\"twitter:data1\" content=\"dev@grandiz.com\" \/>\n\t<meta name=\"twitter:label2\" content=\"Geschatte leestijd\" \/>\n\t<meta name=\"twitter:data2\" content=\"2 minuten\" \/>\n<script type=\"application\/ld+json\" class=\"yoast-schema-graph\">{\"@context\":\"https:\\\/\\\/schema.org\",\"@graph\":[{\"@type\":\"NewsArticle\",\"@id\":\"https:\\\/\\\/www.retaildetail.be\\\/nl\\\/news\\\/food\\\/belgische-colruyts-bestormd-voor-westvleteren-xii\\\/#article\",\"isPartOf\":{\"@id\":\"https:\\\/\\\/www.retaildetail.be\\\/nl\\\/news\\\/food\\\/belgische-colruyts-bestormd-voor-westvleteren-xii\\\/\"},\"author\":{\"name\":\"dev@grandiz.com\",\"@id\":\"https:\\\/\\\/www.retaildetail.be\\\/nl\\\/#\\\/schema\\\/person\\\/ba2d383452a753a3a1ce8cdb349b5fc9\"},\"headline\":\"Belgische Colruyts bestormd voor Westvleteren XII\",\"datePublished\":\"2011-11-03T09:22:20+00:00\",\"mainEntityOfPage\":{\"@id\":\"https:\\\/\\\/www.retaildetail.be\\\/nl\\\/news\\\/food\\\/belgische-colruyts-bestormd-voor-westvleteren-xii\\\/\"},\"wordCount\":467,\"publisher\":{\"@id\":\"https:\\\/\\\/www.retaildetail.be\\\/nl\\\/#organization\"},\"image\":{\"@id\":\"https:\\\/\\\/www.retaildetail.be\\\/nl\\\/news\\\/food\\\/belgische-colruyts-bestormd-voor-westvleteren-xii\\\/#primaryimage\"},\"thumbnailUrl\":\"https:\\\/\\\/www.retaildetail.be\\\/wp-content\\\/uploads\\\/2022\\\/04\\\/logo.png\",\"articleSection\":[\"Food\"],\"inLanguage\":\"nl-NL\",\"copyrightYear\":\"2011\",\"copyrightHolder\":{\"@id\":\"https:\\\/\\\/www.retaildetail.be\\\/#organization\"}},{\"@type\":\"WebPage\",\"@id\":\"https:\\\/\\\/www.retaildetail.be\\\/nl\\\/news\\\/food\\\/belgische-colruyts-bestormd-voor-westvleteren-xii\\\/\",\"url\":\"https:\\\/\\\/www.retaildetail.be\\\/nl\\\/news\\\/food\\\/belgische-colruyts-bestormd-voor-westvleteren-xii\\\/\",\"name\":\"Belgische Colruyts bestormd voor Westvleteren XII - RetailDetail BE\",\"isPartOf\":{\"@id\":\"https:\\\/\\\/www.retaildetail.be\\\/nl\\\/#website\"},\"primaryImageOfPage\":{\"@id\":\"https:\\\/\\\/www.retaildetail.be\\\/nl\\\/news\\\/food\\\/belgische-colruyts-bestormd-voor-westvleteren-xii\\\/#primaryimage\"},\"image\":{\"@id\":\"https:\\\/\\\/www.retaildetail.be\\\/nl\\\/news\\\/food\\\/belgische-colruyts-bestormd-voor-westvleteren-xii\\\/#primaryimage\"},\"thumbnailUrl\":\"https:\\\/\\\/www.retaildetail.be\\\/wp-content\\\/uploads\\\/2022\\\/04\\\/logo.png\",\"datePublished\":\"2011-11-03T09:22:20+00:00\",\"breadcrumb\":{\"@id\":\"https:\\\/\\\/www.retaildetail.be\\\/nl\\\/news\\\/food\\\/belgische-colruyts-bestormd-voor-westvleteren-xii\\\/#breadcrumb\"},\"inLanguage\":\"nl-NL\",\"potentialAction\":[{\"@type\":\"ReadAction\",\"target\":[\"https:\\\/\\\/www.retaildetail.be\\\/nl\\\/news\\\/food\\\/belgische-colruyts-bestormd-voor-westvleteren-xii\\\/\"]}]},{\"@type\":\"ImageObject\",\"inLanguage\":\"nl-NL\",\"@id\":\"https:\\\/\\\/www.retaildetail.be\\\/nl\\\/news\\\/food\\\/belgische-colruyts-bestormd-voor-westvleteren-xii\\\/#primaryimage\",\"url\":\"https:\\\/\\\/www.retaildetail.be\\\/wp-content\\\/uploads\\\/2022\\\/04\\\/logo.png\",\"contentUrl\":\"https:\\\/\\\/www.retaildetail.be\\\/wp-content\\\/uploads\\\/2022\\\/04\\\/logo.png\",\"width\":281,\"height\":147},{\"@type\":\"BreadcrumbList\",\"@id\":\"https:\\\/\\\/www.retaildetail.be\\\/nl\\\/news\\\/food\\\/belgische-colruyts-bestormd-voor-westvleteren-xii\\\/#breadcrumb\",\"itemListElement\":[{\"@type\":\"ListItem\",\"position\":1,\"name\":\"Home\",\"item\":\"https:\\\/\\\/www.retaildetail.be\\\/nl\\\/\"},{\"@type\":\"ListItem\",\"position\":2,\"name\":\"Belgische Colruyts bestormd voor Westvleteren XII\"}]},{\"@type\":\"WebSite\",\"@id\":\"https:\\\/\\\/www.retaildetail.be\\\/nl\\\/#website\",\"url\":\"https:\\\/\\\/www.retaildetail.be\\\/nl\\\/\",\"name\":\"RetailDetail BE\",\"description\":\"News\",\"publisher\":{\"@id\":\"https:\\\/\\\/www.retaildetail.be\\\/nl\\\/#organization\"},\"potentialAction\":[{\"@type\":\"SearchAction\",\"target\":{\"@type\":\"EntryPoint\",\"urlTemplate\":\"https:\\\/\\\/www.retaildetail.be\\\/nl\\\/?s={search_term_string}\"},\"query-input\":{\"@type\":\"PropertyValueSpecification\",\"valueRequired\":true,\"valueName\":\"search_term_string\"}}],\"inLanguage\":\"nl-NL\"},{\"@type\":\"Organization\",\"@id\":\"https:\\\/\\\/www.retaildetail.be\\\/nl\\\/#organization\",\"name\":\"RetailDetail BE\",\"url\":\"https:\\\/\\\/www.retaildetail.be\\\/nl\\\/\",\"logo\":{\"@type\":\"ImageObject\",\"inLanguage\":\"nl-NL\",\"@id\":\"https:\\\/\\\/www.retaildetail.be\\\/nl\\\/#\\\/schema\\\/logo\\\/image\\\/\",\"url\":\"https:\\\/\\\/www.retaildetail.be\\\/wp-content\\\/uploads\\\/2022\\\/04\\\/logo.svg\",\"contentUrl\":\"https:\\\/\\\/www.retaildetail.be\\\/wp-content\\\/uploads\\\/2022\\\/04\\\/logo.svg\",\"width\":131,\"height\":70,\"caption\":\"RetailDetail BE\"},\"image\":{\"@id\":\"https:\\\/\\\/www.retaildetail.be\\\/nl\\\/#\\\/schema\\\/logo\\\/image\\\/\"}},{\"@type\":\"Person\",\"@id\":\"https:\\\/\\\/www.retaildetail.be\\\/nl\\\/#\\\/schema\\\/person\\\/ba2d383452a753a3a1ce8cdb349b5fc9\",\"name\":\"dev@grandiz.com\",\"image\":{\"@type\":\"ImageObject\",\"inLanguage\":\"nl-NL\",\"@id\":\"https:\\\/\\\/secure.gravatar.com\\\/avatar\\\/5f53ce9fb6eed4a60e5aaaa712be8773880fa9459d9cac9bc4aa4fdbce3f447f?s=96&d=mm&r=g\",\"url\":\"https:\\\/\\\/secure.gravatar.com\\\/avatar\\\/5f53ce9fb6eed4a60e5aaaa712be8773880fa9459d9cac9bc4aa4fdbce3f447f?s=96&d=mm&r=g\",\"contentUrl\":\"https:\\\/\\\/secure.gravatar.com\\\/avatar\\\/5f53ce9fb6eed4a60e5aaaa712be8773880fa9459d9cac9bc4aa4fdbce3f447f?s=96&d=mm&r=g\",\"caption\":\"dev@grandiz.com\"},\"sameAs\":[\"http:\\\/\\\/preprod.retaildetail.be\"],\"url\":\"https:\\\/\\\/www.retaildetail.be\\\/nl\\\/author\\\/devgrandiz-com\\\/\"}]}<\/script>\n<!-- \/ Yoast SEO plugin. -->","yoast_head_json":{"title":"Belgische Colruyts bestormd voor Westvleteren XII - RetailDetail BE","robots":{"index":"index","follow":"follow","max-snippet":"max-snippet:-1","max-image-preview":"max-image-preview:large","max-video-preview":"max-video-preview:-1"},"canonical":"https:\/\/www.retaildetail.be\/nl\/news\/food\/belgische-colruyts-bestormd-voor-westvleteren-xii\/","og_locale":"nl_NL","og_type":"article","og_title":"Belgische Colruyts bestormd voor Westvleteren XII - RetailDetail BE","og_description":"De speciale verkoopactie van Westvleteren in de Belgische Colruytwinkels was een schot in de roos. Heel wat filialen zagen al lang voor openingstijd enorme wachtrijen ontstaan en ook aan de kassa&#8217;s was het aanschuiven en (voor)dringen. 93.000 boxen de deur uit De discountketen bood 93.000 \u201cbouwsteenboxen\u201d van Westvleteren XII aan voor 25 euro: telkens zes [&hellip;]","og_url":"https:\/\/www.retaildetail.be\/nl\/news\/food\/belgische-colruyts-bestormd-voor-westvleteren-xii\/","og_site_name":"RetailDetail BE","article_published_time":"2011-11-03T09:22:20+00:00","og_image":[{"width":281,"height":147,"url":"https:\/\/i0.wp.com\/www.retaildetail.be\/wp-content\/uploads\/2022\/04\/logo.png?fit=281%2C147&quality=100&strip=all&ssl=1","type":"image\/png"}],"author":"dev@grandiz.com","twitter_card":"summary_large_image","twitter_misc":{"Geschreven door":"dev@grandiz.com","Geschatte leestijd":"2 minuten"},"schema":{"@context":"https:\/\/schema.org","@graph":[{"@type":"NewsArticle","@id":"https:\/\/www.retaildetail.be\/nl\/news\/food\/belgische-colruyts-bestormd-voor-westvleteren-xii\/#article","isPartOf":{"@id":"https:\/\/www.retaildetail.be\/nl\/news\/food\/belgische-colruyts-bestormd-voor-westvleteren-xii\/"},"author":{"name":"dev@grandiz.com","@id":"https:\/\/www.retaildetail.be\/nl\/#\/schema\/person\/ba2d383452a753a3a1ce8cdb349b5fc9"},"headline":"Belgische Colruyts bestormd voor Westvleteren XII","datePublished":"2011-11-03T09:22:20+00:00","mainEntityOfPage":{"@id":"https:\/\/www.retaildetail.be\/nl\/news\/food\/belgische-colruyts-bestormd-voor-westvleteren-xii\/"},"wordCount":467,"publisher":{"@id":"https:\/\/www.retaildetail.be\/nl\/#organization"},"image":{"@id":"https:\/\/www.retaildetail.be\/nl\/news\/food\/belgische-colruyts-bestormd-voor-westvleteren-xii\/#primaryimage"},"thumbnailUrl":"https:\/\/www.retaildetail.be\/wp-content\/uploads\/2022\/04\/logo.png","articleSection":["Food"],"inLanguage":"nl-NL","copyrightYear":"2011","copyrightHolder":{"@id":"https:\/\/www.retaildetail.be\/#organization"}},{"@type":"WebPage","@id":"https:\/\/www.retaildetail.be\/nl\/news\/food\/belgische-colruyts-bestormd-voor-westvleteren-xii\/","url":"https:\/\/www.retaildetail.be\/nl\/news\/food\/belgische-colruyts-bestormd-voor-westvleteren-xii\/","name":"Belgische Colruyts bestormd voor Westvleteren XII - RetailDetail BE","isPartOf":{"@id":"https:\/\/www.retaildetail.be\/nl\/#website"},"primaryImageOfPage":{"@id":"https:\/\/www.retaildetail.be\/nl\/news\/food\/belgische-colruyts-bestormd-voor-westvleteren-xii\/#primaryimage"},"image":{"@id":"https:\/\/www.retaildetail.be\/nl\/news\/food\/belgische-colruyts-bestormd-voor-westvleteren-xii\/#primaryimage"},"thumbnailUrl":"https:\/\/www.retaildetail.be\/wp-content\/uploads\/2022\/04\/logo.png","datePublished":"2011-11-03T09:22:20+00:00","breadcrumb":{"@id":"https:\/\/www.retaildetail.be\/nl\/news\/food\/belgische-colruyts-bestormd-voor-westvleteren-xii\/#breadcrumb"},"inLanguage":"nl-NL","potentialAction":[{"@type":"ReadAction","target":["https:\/\/www.retaildetail.be\/nl\/news\/food\/belgische-colruyts-bestormd-voor-westvleteren-xii\/"]}]},{"@type":"ImageObject","inLanguage":"nl-NL","@id":"https:\/\/www.retaildetail.be\/nl\/news\/food\/belgische-colruyts-bestormd-voor-westvleteren-xii\/#primaryimage","url":"https:\/\/www.retaildetail.be\/wp-content\/uploads\/2022\/04\/logo.png","contentUrl":"https:\/\/www.retaildetail.be\/wp-content\/uploads\/2022\/04\/logo.png","width":281,"height":147},{"@type":"BreadcrumbList","@id":"https:\/\/www.retaildetail.be\/nl\/news\/food\/belgische-colruyts-bestormd-voor-westvleteren-xii\/#breadcrumb","itemListElement":[{"@type":"ListItem","position":1,"name":"Home","item":"https:\/\/www.retaildetail.be\/nl\/"},{"@type":"ListItem","position":2,"name":"Belgische Colruyts bestormd voor Westvleteren XII"}]},{"@type":"WebSite","@id":"https:\/\/www.retaildetail.be\/nl\/#website","url":"https:\/\/www.retaildetail.be\/nl\/","name":"RetailDetail BE","description":"News","publisher":{"@id":"https:\/\/www.retaildetail.be\/nl\/#organization"},"potentialAction":[{"@type":"SearchAction","target":{"@type":"EntryPoint","urlTemplate":"https:\/\/www.retaildetail.be\/nl\/?s={search_term_string}"},"query-input":{"@type":"PropertyValueSpecification","valueRequired":true,"valueName":"search_term_string"}}],"inLanguage":"nl-NL"},{"@type":"Organization","@id":"https:\/\/www.retaildetail.be\/nl\/#organization","name":"RetailDetail BE","url":"https:\/\/www.retaildetail.be\/nl\/","logo":{"@type":"ImageObject","inLanguage":"nl-NL","@id":"https:\/\/www.retaildetail.be\/nl\/#\/schema\/logo\/image\/","url":"https:\/\/www.retaildetail.be\/wp-content\/uploads\/2022\/04\/logo.svg","contentUrl":"https:\/\/www.retaildetail.be\/wp-content\/uploads\/2022\/04\/logo.svg","width":131,"height":70,"caption":"RetailDetail BE"},"image":{"@id":"https:\/\/www.retaildetail.be\/nl\/#\/schema\/logo\/image\/"}},{"@type":"Person","@id":"https:\/\/www.retaildetail.be\/nl\/#\/schema\/person\/ba2d383452a753a3a1ce8cdb349b5fc9","name":"dev@grandiz.com","image":{"@type":"ImageObject","inLanguage":"nl-NL","@id":"https:\/\/secure.gravatar.com\/avatar\/5f53ce9fb6eed4a60e5aaaa712be8773880fa9459d9cac9bc4aa4fdbce3f447f?s=96&d=mm&r=g","url":"https:\/\/secure.gravatar.com\/avatar\/5f53ce9fb6eed4a60e5aaaa712be8773880fa9459d9cac9bc4aa4fdbce3f447f?s=96&d=mm&r=g","contentUrl":"https:\/\/secure.gravatar.com\/avatar\/5f53ce9fb6eed4a60e5aaaa712be8773880fa9459d9cac9bc4aa4fdbce3f447f?s=96&d=mm&r=g","caption":"dev@grandiz.com"},"sameAs":["http:\/\/preprod.retaildetail.be"],"url":"https:\/\/www.retaildetail.be\/nl\/author\/devgrandiz-com\/"}]}},"jetpack_featured_media_url":"https:\/\/www.retaildetail.be\/wp-content\/uploads\/2022\/04\/logo.png","jetpack_sharing_enabled":true,"_links":{"self":[{"href":"https:\/\/www.retaildetail.be\/nl\/wp-json\/wp\/v2\/posts\/959","targetHints":{"allow":["GET"]}}],"collection":[{"href":"https:\/\/www.retaildetail.be\/nl\/wp-json\/wp\/v2\/posts"}],"about":[{"href":"https:\/\/www.retaildetail.be\/nl\/wp-json\/wp\/v2\/types\/post"}],"author":[{"embeddable":true,"href":"https:\/\/www.retaildetail.be\/nl\/wp-json\/wp\/v2\/users\/1"}],"replies":[{"embeddable":true,"href":"https:\/\/www.retaildetail.be\/nl\/wp-json\/wp\/v2\/comments?post=959"}],"version-history":[{"count":0,"href":"https:\/\/www.retaildetail.be\/nl\/wp-json\/wp\/v2\/posts\/959\/revisions"}],"wp:featuredmedia":[{"embeddable":true,"href":"https:\/\/www.retaildetail.be\/nl\/wp-json\/wp\/v2\/media\/84"}],"wp:attachment":[{"href":"https:\/\/www.retaildetail.be\/nl\/wp-json\/wp\/v2\/media?parent=959"}],"wp:term":[{"taxonomy":"category","embeddable":true,"href":"https:\/\/www.retaildetail.be\/nl\/wp-json\/wp\/v2\/categories?post=959"},{"taxonomy":"post_tag","embeddable":true,"href":"https:\/\/www.retaildetail.be\/nl\/wp-json\/wp\/v2\/tags?post=959"},{"taxonomy":"people","embeddable":true,"href":"https:\/\/www.retaildetail.be\/nl\/wp-json\/wp\/v2\/people?post=959"},{"taxonomy":"extra","embeddable":true,"href":"https:\/\/www.retaildetail.be\/nl\/wp-json\/wp\/v2\/extra?post=959"},{"taxonomy":"company","embeddable":true,"href":"https:\/\/www.retaildetail.be\/nl\/wp-json\/wp\/v2\/company?post=959"},{"taxonomy":"topic","embeddable":true,"href":"https:\/\/www.retaildetail.be\/nl\/wp-json\/wp\/v2\/topic?post=959"},{"taxonomy":"region","embeddable":true,"href":"https:\/\/www.retaildetail.be\/nl\/wp-json\/wp\/v2\/region?post=959"}],"curies":[{"name":"wp","href":"https:\/\/api.w.org\/{rel}","templated":true}]}}